{"id":2002003010,"date":"2019-11-13T11:11:23","date_gmt":"2019-11-13T09:11:23","guid":{"rendered":"http:\/\/www.elenacabrera.com\/weblog\/?p=2002003010"},"modified":"2019-11-13T11:20:49","modified_gmt":"2019-11-13T09:20:49","slug":"tertulia-tecnologica-sobre-celtiberia-digital","status":"publish","type":"post","link":"https:\/\/www.elenacabrera.com\/weblog3\/2019\/11\/13\/tertulia-tecnologica-sobre-celtiberia-digital\/","title":{"rendered":"Tertulia tecnol\u00f3gica sobre Celtiberia Digital"},"content":{"rendered":"\n<p>En el Grupo de Inform\u00e1tica de la Escuela de la Prospe hacemos una <a href=\"http:\/\/prosperesiste.nodo50.org\/?p=2155\" target=\"_blank\" rel=\"noreferrer noopener\" aria-label=\"tertulia mensual (abre en una nueva pesta\u00f1a)\">tertulia mensual<\/a> para aprender sobre temas tecnol\u00f3gicos de una manera amena y colectiva.<\/p>\n\n\n\n<p>Me fascin\u00f3 el proyecto Celtiberia Digital (la creaci\u00f3n de una naci\u00f3n digital para hacer frente a la despoblaci\u00f3n y el reparto justo de recursos en la llamada Espa\u00f1a Vaciada) del que<a rel=\"noreferrer noopener\" aria-label=\" habl\u00e9 en este reportaje para eldiario.es (abre en una nueva pesta\u00f1a)\" href=\"http:\/\/www.elenacabrera.com\/weblog\/la-espana-vaciada-prepara-su-guerra-contra-la-despoblacion-mediante-una-nacion-digital\/\" target=\"_blank\"> habl\u00e9 en este reportaje para eldiario.es<\/a>. <\/p>\n\n\n\n<p>Dado que en el curso pasado hicimos una tertulia sobre <strong>blockchain<\/strong>, nos pareci\u00f3 interesante invitar a sus impulsores para ver un caso de aplicaci\u00f3n pr\u00e1ctica (aunque est\u00e9 a\u00fan en fase de desarrollo) para entender qu\u00e9 oportunidades ofrece esta tecnolog\u00eda.<\/p>\n\n\n\n<p>Os esperamos el jueves 14 de noviembre a las 19:30 en la Escuela Popular de Prosperidad, calle Luis Cabrera, 19.<\/p>\n\n\n\n<p>M\u00e1s info, <a href=\"http:\/\/prosperesiste.nodo50.org\/?p=2155\" target=\"_blank\" rel=\"noreferrer noopener\" aria-label=\"aqu\u00ed (abre en una nueva pesta\u00f1a)\">aqu\u00ed<\/a>.<\/p>\n","protected":false},"excerpt":{"rendered":"<p>En el Grupo de Inform\u00e1tica de la Escuela de la Prospe hacemos una tertulia mensual para aprender sobre temas tecnol\u00f3gicos de una manera amena y colectiva. Me fascin\u00f3 el proyecto Celtiberia Digital (la creaci\u00f3n de una naci\u00f3n digital para hacer frente a la despoblaci\u00f3n y el reparto justo de recursos en la llamada Espa\u00f1a Vaciada) [&hellip;]<\/p>\n","protected":false},"author":1,"featured_media":2002003011,"comment_status":"closed","ping_status":"closed","sticky":false,"template":"","format":"standard","meta":{"footnotes":""},"categories":[],"tags":[],"class_list":["post-2002003010","post","type-post","status-publish","format-standard","has-post-thumbnail","hentry"],"_links":{"self":[{"href":"https:\/\/www.elenacabrera.com\/weblog3\/wp-json\/wp\/v2\/posts\/2002003010","targetHints":{"allow":["GET"]}}],"collection":[{"href":"https:\/\/www.elenacabrera.com\/weblog3\/wp-json\/wp\/v2\/posts"}],"about":[{"href":"https:\/\/www.elenacabrera.com\/weblog3\/wp-json\/wp\/v2\/types\/post"}],"author":[{"embeddable":true,"href":"https:\/\/www.elenacabrera.com\/weblog3\/wp-json\/wp\/v2\/users\/1"}],"replies":[{"embeddable":true,"href":"https:\/\/www.elenacabrera.com\/weblog3\/wp-json\/wp\/v2\/comments?post=2002003010"}],"version-history":[{"count":2,"href":"https:\/\/www.elenacabrera.com\/weblog3\/wp-json\/wp\/v2\/posts\/2002003010\/revisions"}],"predecessor-version":[{"id":2002003013,"href":"https:\/\/www.elenacabrera.com\/weblog3\/wp-json\/wp\/v2\/posts\/2002003010\/revisions\/2002003013"}],"wp:featuredmedia":[{"embeddable":true,"href":"https:\/\/www.elenacabrera.com\/weblog3\/wp-json\/wp\/v2\/media\/2002003011"}],"wp:attachment":[{"href":"https:\/\/www.elenacabrera.com\/weblog3\/wp-json\/wp\/v2\/media?parent=2002003010"}],"wp:term":[{"taxonomy":"category","embeddable":true,"href":"https:\/\/www.elenacabrera.com\/weblog3\/wp-json\/wp\/v2\/categories?post=2002003010"},{"taxonomy":"post_tag","embeddable":true,"href":"https:\/\/www.elenacabrera.com\/weblog3\/wp-json\/wp\/v2\/tags?post=2002003010"}],"curies":[{"name":"wp","href":"https:\/\/api.w.org\/{rel}","templated":true}]}}