{"id":2002003019,"date":"2019-11-21T11:47:53","date_gmt":"2019-11-21T09:47:53","guid":{"rendered":"http:\/\/www.elenacabrera.com\/weblog\/?p=2002003019"},"modified":"2019-11-21T11:47:55","modified_gmt":"2019-11-21T09:47:55","slug":"franco-no-esta-pero-el-franquismo-sigue-en-el-valle-de-los-caidos","status":"publish","type":"post","link":"https:\/\/www.elenacabrera.com\/weblog3\/2019\/11\/21\/franco-no-esta-pero-el-franquismo-sigue-en-el-valle-de-los-caidos\/","title":{"rendered":"Franco no est\u00e1, pero el franquismo sigue en el Valle de los Ca\u00eddos"},"content":{"rendered":"\n<p>A pesar de la considerable retenci\u00f3n de autom\u00f3viles que se form\u00f3 en la calle de entrada al Valle de los Ca\u00eddos, que parec\u00eda presagiar <strong>un colapso de proporciones tardofranquistas, luego no fue para tanto<\/strong>. 20 minutos despu\u00e9s, la carretera hacia Cuelgamuros comenzaba a engullir los coches, uno a uno, permitiendo el acceso gratuito, quince minutos antes de que comenzara la misa de once.<\/p>\n\n\n\n<p>Que se pueda aparcar sin problemas, una vez dentro, evidencia que la fila de coches parados en el arc\u00e9n era una falsa alarma. Tambi\u00e9n hay cola para entrar en la bas\u00edlica, pero no supera los diez minutos de espera y est\u00e1 provocada por el control de entrada. Comienza la misa y hay sitios libres en los bancos, pero no tantos como en otros d\u00edas, ni como en otros 20 de noviembre. Hoy es un 20-N especial. <strong>Es el primero sin Franco all\u00ed desde su entierro<\/strong>. Pero no solo por eso: los franquistas se sienten de enhorabuena. Como dir\u00eda una famosa canci\u00f3n, <strong>es un bien muy mal o un mal muy bien<\/strong>. Es decir, los franquistas se sienten observados y eso les devuelve al espacio p\u00fablico. Y a la postre, la bas\u00edlica se llena con unas 200 o 250 personas. Aunque Franco ya no est\u00e9 all\u00ed.<\/p>\n\n\n\n<p>En verdad, sus restos mortales son los que ya no est\u00e1n all\u00ed, pero eso no parece ser motivo suficiente para que los nost\u00e1lgicos de la dictadura sigan acudiendo en el d\u00eda de su muerte a su mausoleo; dejando rosas sobre las losas que han reemplazado su l\u00e1pida;<strong> traspasando, incluso, un beso de los labios hasta el suelo<\/strong>; levantando un brazo con rigidez totalitaria y proclamando, al finalizar la misa, un en\u00e9rgico \u00a1viva Franco!, respondido con un coro de voces que contestaba \u201c\u00a1viva!\u201d. En definitiva: <strong>Franco sigue estando all\u00ed<\/strong>.<\/p>\n\n\n\n<p style=\"text-align:right\"><em><a href=\"https:\/\/www.eldiario.es\/sociedad\/Franco-franquismo-sigue-Valle-Caidos_0_965554286.html\" target=\"_blank\" rel=\"noreferrer noopener\" aria-label=\"...Sigue leyendo en eldiario.es (abre en una nueva pesta\u00f1a)\">&#8230;Sigue leyendo en eldiario.es<\/a><\/em><\/p>\n","protected":false},"excerpt":{"rendered":"<p>A pesar de la considerable retenci\u00f3n de autom\u00f3viles que se form\u00f3 en la calle de entrada al Valle de los Ca\u00eddos, que parec\u00eda presagiar un colapso de proporciones tardofranquistas, luego no fue para tanto. 20 minutos despu\u00e9s, la carretera hacia Cuelgamuros comenzaba a engullir los coches, uno a uno, permitiendo el acceso gratuito, quince minutos [&hellip;]<\/p>\n","protected":false},"author":1,"featured_media":2002003020,"comment_status":"closed","ping_status":"closed","sticky":false,"template":"","format":"standard","meta":{"footnotes":""},"categories":[],"tags":[],"class_list":["post-2002003019","post","type-post","status-publish","format-standard","has-post-thumbnail","hentry"],"_links":{"self":[{"href":"https:\/\/www.elenacabrera.com\/weblog3\/wp-json\/wp\/v2\/posts\/2002003019","targetHints":{"allow":["GET"]}}],"collection":[{"href":"https:\/\/www.elenacabrera.com\/weblog3\/wp-json\/wp\/v2\/posts"}],"about":[{"href":"https:\/\/www.elenacabrera.com\/weblog3\/wp-json\/wp\/v2\/types\/post"}],"author":[{"embeddable":true,"href":"https:\/\/www.elenacabrera.com\/weblog3\/wp-json\/wp\/v2\/users\/1"}],"replies":[{"embeddable":true,"href":"https:\/\/www.elenacabrera.com\/weblog3\/wp-json\/wp\/v2\/comments?post=2002003019"}],"version-history":[{"count":1,"href":"https:\/\/www.elenacabrera.com\/weblog3\/wp-json\/wp\/v2\/posts\/2002003019\/revisions"}],"predecessor-version":[{"id":2002003021,"href":"https:\/\/www.elenacabrera.com\/weblog3\/wp-json\/wp\/v2\/posts\/2002003019\/revisions\/2002003021"}],"wp:featuredmedia":[{"embeddable":true,"href":"https:\/\/www.elenacabrera.com\/weblog3\/wp-json\/wp\/v2\/media\/2002003020"}],"wp:attachment":[{"href":"https:\/\/www.elenacabrera.com\/weblog3\/wp-json\/wp\/v2\/media?parent=2002003019"}],"wp:term":[{"taxonomy":"category","embeddable":true,"href":"https:\/\/www.elenacabrera.com\/weblog3\/wp-json\/wp\/v2\/categories?post=2002003019"},{"taxonomy":"post_tag","embeddable":true,"href":"https:\/\/www.elenacabrera.com\/weblog3\/wp-json\/wp\/v2\/tags?post=2002003019"}],"curies":[{"name":"wp","href":"https:\/\/api.w.org\/{rel}","templated":true}]}}