{"id":2002003053,"date":"2019-11-29T12:03:04","date_gmt":"2019-11-29T10:03:04","guid":{"rendered":"http:\/\/www.elenacabrera.com\/weblog\/?p=2002003053"},"modified":"2019-11-29T12:03:05","modified_gmt":"2019-11-29T10:03:05","slug":"lo-que-no-tiene-nombre-no-existe","status":"publish","type":"post","link":"https:\/\/www.elenacabrera.com\/weblog3\/2019\/11\/29\/lo-que-no-tiene-nombre-no-existe\/","title":{"rendered":"\u00abLo que no tiene nombre, no existe\u00bb"},"content":{"rendered":"\n<p>El Cabezota. El Tuerto. El Bichejo. El Oveja. El Palabras. En el pueblo de Majadahonda (Madrid) exist\u00eda la afici\u00f3n de ponerle mote a todo quisque. Tanto hab\u00edan calado los sobrenombres, que algunos de ellos llegaron hasta <strong>el pen\u00faltimo papel de las vidas de estas personas<\/strong>: el sumario del Consejo de Guerra. En la causa contra \u00c1ngel Montero \u00c1lvarez, m\u00e1s conocido como El Cabezota, se le acusa de estar afiliado al Partido Socialista y a la UGT, as\u00ed como de \u201carmar a la poblaci\u00f3n de izquierdas\u201d, por lo que se le sentencia a pena de muerte el 16 de mayo de 1939.<\/p>\n\n\n\n<p>Al que apodaron El Palabras deb\u00eda tener buena labia. Se llamaba Tom\u00e1s Montero Labrandero y era un agricultor de 26 a\u00f1os que se cas\u00f3 con Faustina Montero (no eran familia, muchos en Majadahonda comparten este apellido) unas semanas despu\u00e9s del golpe de Estado que dio lugar a la Guerra Civil. En un informe redactado por Falange, contenido dentro de las Diligencias Previas para un juicio por el que nunca lleg\u00f3 a pasar, por toda explicaci\u00f3n para su fusilamiento se advierte la \u201cconducta mala\u201d. El Palabras fue detenido y encarcelado. Fue fusilado el 14 de junio de 1939, antes de que terminara la instrucci\u00f3n de su procedimiento.<\/p>\n\n\n\n<p>El nieto de El Cabezota y el nieto de El Palabras est\u00e1n ahora mismo, en esta ma\u00f1ana de noviembre de 2019, 80 a\u00f1os despu\u00e9s, junto a la misma tapia del mismo cementerio en el que fusilaron a sus abuelos. En realidad hay dos tapias. Una es de ladrillo, la que siempre ha estado ah\u00ed, m\u00e1s o menos reconstruida, dividiendo, mal que bien, el mundo de los vivos del de los muertos.<strong> La otra lleva unos meses en pie y est\u00e1 formada con hierro y rafia de color verde<\/strong>. Sirve para separar, y en cierto modo esconder, las obras de construcci\u00f3n \u2014y destrucci\u00f3n\u2014 de <a href=\"https:\/\/www.eldiario.es\/madrid\/fusilados-primeros-franquismo-Madrid-alcaldes_0_739477058.html#memorial\">un memorial<\/a> que el Ayuntamiento de Madrid est\u00e1 instalando dentro del Cementerio de La Almudena. Se trata de una intervenci\u00f3n arquitect\u00f3nica y art\u00edstica que conecta un nuevo espacio de reflexi\u00f3n y recuerdo, pegado a la entrada de una de las puertas del recinto funerario, con la pared en la que se rinde homenaje a las Trece Rosas. El conflicto surge cuando, con el relevo pol\u00edtico en el gobierno municipal, este decide cambiar qui\u00e9n es el colectivo objeto de memoria. Al hacerlo, deja de ser un recuerdo a las v\u00edctimas mortales de la m\u00e1s dura represi\u00f3n franquista en Madrid posterior a la Guerra Civil \u20142.933 fusilados entre abril de 1939 y enero de 1944 a los que se han sumado cuatro m\u00e1s desde la publicaci\u00f3n del informe\u2014 para convertirse, seg\u00fan la nueva denominaci\u00f3n, en un memorial \u201ca las personas que perdieron la vida de forma violenta\u201d, incluyendo tambi\u00e9n los tres a\u00f1os de contienda. Esta decisi\u00f3n de la alcald\u00eda de Jos\u00e9 Luis Mart\u00ednez-Almeida llega tan tarde que no han adjudicado el contrato al artista hasta el pasado 7 de noviembre y los alba\u00f1iles (que trabajan para la empresa adjudicataria de la obra civil, adjudicada en abril) <a href=\"https:\/\/www.eldiario.es\/madrid\/Madrid-represaliados-franquismo-cementerio-Almudena_0_967304064.html\">han arrancado con piquetas las l\u00e1pidas ya instaladas<\/a> con los nombres de estas 2.937 v\u00edctimas del franquismo. Para el nieto de El Palabras, esto es \u201cun disgusto serio\u201d y \u201cun palo tremendo\u201d.<\/p>\n\n\n\n<figure class=\"wp-block-image\"><img loading=\"lazy\" decoding=\"async\" width=\"1024\" height=\"768\" src=\"http:\/\/www.elenacabrera.com\/weblog\/wp-content\/uploads\/ok-20191126_122210-1024x768.jpg\" alt=\"\" class=\"wp-image-2002003055\" srcset=\"https:\/\/www.elenacabrera.com\/weblog3\/wp-content\/uploads\/ok-20191126_122210-1024x768.jpg 1024w, https:\/\/www.elenacabrera.com\/weblog3\/wp-content\/uploads\/ok-20191126_122210-300x225.jpg 300w, https:\/\/www.elenacabrera.com\/weblog3\/wp-content\/uploads\/ok-20191126_122210-768x576.jpg 768w, https:\/\/www.elenacabrera.com\/weblog3\/wp-content\/uploads\/ok-20191126_122210-640x480.jpg 640w\" sizes=\"auto, (max-width: 1024px) 100vw, 1024px\" \/><figcaption>El pared\u00f3n de rafia verde.<\/figcaption><\/figure>\n\n\n\n<p>\u201cSe est\u00e1 borrando algo que ni siquiera nos han dejado escribir\u201d, dice Tom\u00e1s Montero, digno heredero de su abuelo en lo que a elecci\u00f3n de palabras se refiere. Porque como dice Jes\u00fas Marj\u00f3n Montero, el nieto de El Cabezota: \u201clo que no tiene nombre, no existe\u201d. Sin duda, hay algo tambi\u00e9n del car\u00e1cter de su antecesor en \u00e9l.<\/p>\n\n\n\n<p style=\"text-align:right\"><a rel=\"noreferrer noopener\" aria-label=\"...Sigue leyendo en eldiario.es (abre en una nueva pesta\u00f1a)\" href=\"https:\/\/www.eldiario.es\/sociedad\/nombres-arrancados-memorial-Almudena-nombre_0_968003291.html\" target=\"_blank\"><em>&#8230;Sigue leyendo en eldiario.es<\/em><\/a><\/p>\n","protected":false},"excerpt":{"rendered":"<p>Los nietos de dos de los fusilados en la tapia del cementerio protestan ante la decisi\u00f3n del Ayuntamiento de Madrid de retirar las l\u00e1pidas con los nombres de sus familiares.<\/p>\n","protected":false},"author":1,"featured_media":2002003054,"comment_status":"closed","ping_status":"closed","sticky":false,"template":"","format":"standard","meta":{"footnotes":""},"categories":[],"tags":[],"class_list":["post-2002003053","post","type-post","status-publish","format-standard","has-post-thumbnail","hentry"],"_links":{"self":[{"href":"https:\/\/www.elenacabrera.com\/weblog3\/wp-json\/wp\/v2\/posts\/2002003053","targetHints":{"allow":["GET"]}}],"collection":[{"href":"https:\/\/www.elenacabrera.com\/weblog3\/wp-json\/wp\/v2\/posts"}],"about":[{"href":"https:\/\/www.elenacabrera.com\/weblog3\/wp-json\/wp\/v2\/types\/post"}],"author":[{"embeddable":true,"href":"https:\/\/www.elenacabrera.com\/weblog3\/wp-json\/wp\/v2\/users\/1"}],"replies":[{"embeddable":true,"href":"https:\/\/www.elenacabrera.com\/weblog3\/wp-json\/wp\/v2\/comments?post=2002003053"}],"version-history":[{"count":1,"href":"https:\/\/www.elenacabrera.com\/weblog3\/wp-json\/wp\/v2\/posts\/2002003053\/revisions"}],"predecessor-version":[{"id":2002003056,"href":"https:\/\/www.elenacabrera.com\/weblog3\/wp-json\/wp\/v2\/posts\/2002003053\/revisions\/2002003056"}],"wp:featuredmedia":[{"embeddable":true,"href":"https:\/\/www.elenacabrera.com\/weblog3\/wp-json\/wp\/v2\/media\/2002003054"}],"wp:attachment":[{"href":"https:\/\/www.elenacabrera.com\/weblog3\/wp-json\/wp\/v2\/media?parent=2002003053"}],"wp:term":[{"taxonomy":"category","embeddable":true,"href":"https:\/\/www.elenacabrera.com\/weblog3\/wp-json\/wp\/v2\/categories?post=2002003053"},{"taxonomy":"post_tag","embeddable":true,"href":"https:\/\/www.elenacabrera.com\/weblog3\/wp-json\/wp\/v2\/tags?post=2002003053"}],"curies":[{"name":"wp","href":"https:\/\/api.w.org\/{rel}","templated":true}]}}