{"id":2002003057,"date":"2019-12-02T11:58:14","date_gmt":"2019-12-02T09:58:14","guid":{"rendered":"http:\/\/www.elenacabrera.com\/weblog\/?p=2002003057"},"modified":"2019-12-02T11:58:15","modified_gmt":"2019-12-02T09:58:15","slug":"obras-incompletas","status":"publish","type":"post","link":"https:\/\/www.elenacabrera.com\/weblog3\/2019\/12\/02\/obras-incompletas\/","title":{"rendered":"Obras incompletas"},"content":{"rendered":"\n<p>Todos estamos estremecidos ante la decisi\u00f3n de Planeta de <a rel=\"noreferrer noopener\" aria-label=\"destruir el stock de Obras Completas de C\u00edrculo de Lectores (abre en una nueva pesta\u00f1a)\" href=\"https:\/\/elpais.com\/cultura\/2019\/11\/29\/actualidad\/1575054003_576681.html\" target=\"_blank\">destruir el stock de Obras Completas de C\u00edrculo de Lectores<\/a>. He recordado el d\u00eda de la presentaci\u00f3n de las <em>Obras Completas<\/em> de <strong>Carmen Mart\u00edn Gaite<\/strong> hace 10 a\u00f1os. Estuve all\u00ed y tome notas, de las cuales provienen los siguientes entrecomillados.<\/p>\n\n\n\n<p>\u00abHoy la sorpresa ser\u00eda fenomenal. <strong>Se quedar\u00eda con ojos como platos<\/strong>\u00bb dijo Ana Mart\u00edn Gaite ese d\u00eda sobre lo que pensar\u00eda su hermana, fallecida otros 10 a\u00f1os atr\u00e1s, al saber que iban a recopilar toda su obra en siete vol\u00famenes. Quiz\u00e1s estas palabras servir\u00edan tambi\u00e9n para la noticia de la destrucci\u00f3n de esos libros. Se le abrir\u00edan los ojos como platos, pero sin ilusi\u00f3n, supongo. Con gran decepci\u00f3n.<\/p>\n\n\n\n<p>Ana dijo: \u00ablos a\u00f1os van pasando y me parece inaudito que [Carmen] siga viva. Estar\u00eda muy contenta ahora. Era madura y reflexiva pero tambi\u00e9n muy infantil. La literatura para ella era una fiesta y una sorpresa\u00bb. Tambi\u00e9n cont\u00f3 que desde ni\u00f1a supo que Carmen se dedicar\u00eda a la literatura porque por la noche, de una cama a otra, le dec\u00eda \u00ab<strong>\u00bfte cuento un cuento?<\/strong>\u00ab. \u00abSiempre llevaba un lapicero y un bloc en la mano\u00bb, dijo.<\/p>\n\n\n\n<p>Ana Mart\u00edn Gaite <a rel=\"noreferrer noopener\" aria-label=\"falleci\u00f3 el pasado mes de mayo (abre en una nueva pesta\u00f1a)\" href=\"https:\/\/www.abc.es\/cultura\/abci-muere-hermana-carmen-martin-gaite-201905271815_noticia.html\" target=\"_blank\">falleci\u00f3 el pasado mes de mayo<\/a>, sin saber que lo que las copias de lo que tanta emoci\u00f3n le produjo en a\u00f1os anteriores pueden acabar en la trituradora de papel.<\/p>\n\n\n\n<figure class=\"wp-block-image\"><img loading=\"lazy\" decoding=\"async\" width=\"1024\" height=\"768\" src=\"http:\/\/www.elenacabrera.com\/weblog\/wp-content\/uploads\/photo_2019-11-30_21-10-14-1024x768.jpg\" alt=\"\" class=\"wp-image-2002003059\" srcset=\"https:\/\/www.elenacabrera.com\/weblog3\/wp-content\/uploads\/photo_2019-11-30_21-10-14-1024x768.jpg 1024w, https:\/\/www.elenacabrera.com\/weblog3\/wp-content\/uploads\/photo_2019-11-30_21-10-14-300x225.jpg 300w, https:\/\/www.elenacabrera.com\/weblog3\/wp-content\/uploads\/photo_2019-11-30_21-10-14-768x576.jpg 768w, https:\/\/www.elenacabrera.com\/weblog3\/wp-content\/uploads\/photo_2019-11-30_21-10-14-640x480.jpg 640w, https:\/\/www.elenacabrera.com\/weblog3\/wp-content\/uploads\/photo_2019-11-30_21-10-14.jpg 1280w\" sizes=\"auto, (max-width: 1024px) 100vw, 1024px\" \/><figcaption>La nota de prensa y mis apuntes de ese d\u00eda.<\/figcaption><\/figure>\n\n\n\n<p>Acompa\u00f1aba a Ana aquel d\u00eda, como no, <strong>Jos\u00e9 Teruel<\/strong>, el editor de estas <em>Obras Completas<\/em>. Dijo: \u00abCarmen estaba muy tentada de escribir raro, a lo pirao, pero es su gran respeto al lector lo que le obligaba a contar las cosas con claridad\u00bb. A eso, su hermana contest\u00f3 que \u00abtanto en su vida como en su obra le encantaba el riesgo pero cuando llegaba el momento \u00a1daba marcha atr\u00e1s!\u00bb.<\/p>\n\n\n\n<p>Teruel explic\u00f3 que aunque en las novelas impon\u00eda esta necesidad de contar las cosas bien y claras, en los ensayos se permit\u00eda ponerse experimental, sin desarraigarse de la experiencia, porque su autobiograf\u00eda y la observaci\u00f3n estaba siempre enlazada con la escritura. Lo de observar y escuchar es esencial. Ana cont\u00f3 tambi\u00e9n algo con lo que me identifiqu\u00e9 y que me pareci\u00f3 muy period\u00edstico: <strong>Carmen pon\u00eda la oreja<\/strong> atentamente cuando recorr\u00eda Madrid en la l\u00ednea circular del autob\u00fas.<\/p>\n\n\n\n<p>Tambi\u00e9n dijo que Carmen era una estudiante constante y una \u00abuniversitaria nata\u00bb. Que el mismo d\u00eda en el que se encontrar\u00eda con su muerte, en el hospital recibi\u00f3 una llamada de la Universidad Men\u00e9ndez Pelayo para invitarla a dar un curso de verano. \u00abSi me mand\u00e1is un taxi, voy\u00bb, contest\u00f3 la escritora.<\/p>\n\n\n\n<p>Aunque aquel d\u00eda se dijo que el s\u00e9ptimo volumen (<em>Cuadernos y cartas<\/em>) se publicar\u00eda en 2014, lo cierto es que se present\u00f3 el pasado 3 de octubre, pasando desapercibido, en un acto organizado por los propios gestores de su legado.<\/p>\n\n\n\n<p>Miro mis notas de ese d\u00eda con curiosidad, con la complacencia con la que se acaricia un tesoro y tambi\u00e9n con pena, mucha pena. No puedo evitarlo.<\/p>\n","protected":false},"excerpt":{"rendered":"<p>Todos estamos estremecidos ante la decisi\u00f3n de Planeta de destruir el stock de Obras Completas de C\u00edrculo de Lectores. He recordado el d\u00eda de la presentaci\u00f3n de las Obras Completas de Carmen Mart\u00edn Gaite hace 10 a\u00f1os. Estuve all\u00ed y tome notas, de las cuales provienen los siguientes entrecomillados. \u00abHoy la sorpresa ser\u00eda fenomenal. Se [&hellip;]<\/p>\n","protected":false},"author":1,"featured_media":2002003058,"comment_status":"closed","ping_status":"closed","sticky":false,"template":"","format":"standard","meta":{"footnotes":""},"categories":[],"tags":[],"class_list":["post-2002003057","post","type-post","status-publish","format-standard","has-post-thumbnail","hentry"],"_links":{"self":[{"href":"https:\/\/www.elenacabrera.com\/weblog3\/wp-json\/wp\/v2\/posts\/2002003057","targetHints":{"allow":["GET"]}}],"collection":[{"href":"https:\/\/www.elenacabrera.com\/weblog3\/wp-json\/wp\/v2\/posts"}],"about":[{"href":"https:\/\/www.elenacabrera.com\/weblog3\/wp-json\/wp\/v2\/types\/post"}],"author":[{"embeddable":true,"href":"https:\/\/www.elenacabrera.com\/weblog3\/wp-json\/wp\/v2\/users\/1"}],"replies":[{"embeddable":true,"href":"https:\/\/www.elenacabrera.com\/weblog3\/wp-json\/wp\/v2\/comments?post=2002003057"}],"version-history":[{"count":1,"href":"https:\/\/www.elenacabrera.com\/weblog3\/wp-json\/wp\/v2\/posts\/2002003057\/revisions"}],"predecessor-version":[{"id":2002003060,"href":"https:\/\/www.elenacabrera.com\/weblog3\/wp-json\/wp\/v2\/posts\/2002003057\/revisions\/2002003060"}],"wp:featuredmedia":[{"embeddable":true,"href":"https:\/\/www.elenacabrera.com\/weblog3\/wp-json\/wp\/v2\/media\/2002003058"}],"wp:attachment":[{"href":"https:\/\/www.elenacabrera.com\/weblog3\/wp-json\/wp\/v2\/media?parent=2002003057"}],"wp:term":[{"taxonomy":"category","embeddable":true,"href":"https:\/\/www.elenacabrera.com\/weblog3\/wp-json\/wp\/v2\/categories?post=2002003057"},{"taxonomy":"post_tag","embeddable":true,"href":"https:\/\/www.elenacabrera.com\/weblog3\/wp-json\/wp\/v2\/tags?post=2002003057"}],"curies":[{"name":"wp","href":"https:\/\/api.w.org\/{rel}","templated":true}]}}