{"id":2002003078,"date":"2019-12-19T17:05:49","date_gmt":"2019-12-19T15:05:49","guid":{"rendered":"http:\/\/www.elenacabrera.com\/weblog\/?p=2002003078"},"modified":"2019-12-19T17:09:11","modified_gmt":"2019-12-19T15:09:11","slug":"los-familiares-de-las-victimas-del-franquismo-consideran-una-vileza-el-nuevo-memorial-de-la-almudena","status":"publish","type":"post","link":"https:\/\/www.elenacabrera.com\/weblog3\/2019\/12\/19\/los-familiares-de-las-victimas-del-franquismo-consideran-una-vileza-el-nuevo-memorial-de-la-almudena\/","title":{"rendered":"Los familiares de las v\u00edctimas del franquismo consideran una \u00abvileza\u00bb el nuevo memorial de La Almudena"},"content":{"rendered":"\n<p>El Ayuntamiento de Madrid instal\u00f3, en la tarde del martes 17 de diciembre, en el Memorial en obras en el Cementerio de la Almudena, las losas de piedra con la nueva inscripci\u00f3n que <a href=\"http:\/\/www.elenacabrera.com\/weblog\/lo-que-no-tiene-nombre-no-existe\/\">sustituye a la lista de 2.937 nombres de personas asesinadas en la represi\u00f3n posterior al fin de la Guerra Civil en Madrid<\/a>. El Gobierno municipal ha considerado que es mejor para la reparaci\u00f3n y la reconciliaci\u00f3n arrancar esos nombres del Memorial de La Almudena y sustituirlos por una frase que dice: \u00abEl pueblo de Madrid a todos los madrile\u00f1os que, entre 1936 y 1944, sufrieron la violencia por razones pol\u00edticas, ideol\u00f3gicas o por sus creencias religiosas. Paz, piedad y perd\u00f3n\u00bb.<\/p>\n\n\n\n<p><a href=\"https:\/\/www.eldiario.es\/sociedad\/nombres-arrancados-memorial-Almudena-nombre_0_968003291.html\">Los familiares de esas v\u00edctimas no opinan igual<\/a> y califican este acto de \u00abvileza pol\u00edtica\u00bb. Tom\u00e1s Montero \u2014nieto de Tom\u00e1s Montero Labrandero, fusilado 14 de junio de 1939\u2014 y portavoz del colectivo Memoria y Libertad opina, que este cambio \u00abpervierte y trastoca\u201d el sentido del monumento art\u00edstico, creado por el artista Fernando S\u00e1nchez Castillo y la arquitecta Julia Chamorro Capa, cuyo encargo original fue el a las v\u00edctimas del Franquismo en la posguerra. Tom\u00e1s califica el texto de \u201cforzado\u201d y piensa que sirve para \u201cdesvirtuar y amparar la eliminaci\u00f3n de los nombres de las personas ejecutadas por los juicios sumar\u00edsimo de la Dictadura y amalgamar situaciones hist\u00f3ricas bien diferenciadas\u201d.&nbsp;<\/p>\n\n\n\n<p>Los troncos ca\u00eddos, r\u00e9plicas en metal de \u00e1rboles naturales desprovistos de hoja, con sus ramas cortadas y algunas ra\u00edces, ya est\u00e1n situados en el lugar previsto: entre los bancos para sentarse y las losas de piedra. La propuesta de Fernando S\u00e1nchez Castillo, conocido por la radicalidad de su obras en torno a la memoria y el franquismo, como S<em>\u00edndrome de Guernica<\/em> \u2014para la que compr\u00f3 el barco de recreo de Franco, el Azor, y lo convirti\u00f3 en un bloque de chatarra\u2014, sugiere una m\u00e9tafora de memoria arrancada de su sitio, de vidas extirpadas. Se prev\u00e9 que el memorial est\u00e9 terminado y lista para inaugurarse a mediados de enero.<\/p>\n\n\n\n<p style=\"text-align:right\"><em><a href=\"https:\/\/www.eldiario.es\/sociedad\/familiares-franquismo-consideran-inscripcion-Almudena_0_975353136.html\" target=\"_blank\" rel=\"noreferrer noopener\" aria-label=\"...Sigue leyendo en eldiario.es (abre en una nueva pesta\u00f1a)\">&#8230;Sigue leyendo en eldiario.es<\/a><\/em><\/p>\n","protected":false},"excerpt":{"rendered":"<p>El Ayuntamiento de Madrid instal\u00f3, en la tarde del martes 17 de diciembre, en el Memorial en obras en el Cementerio de la Almudena, las losas de piedra con la nueva inscripci\u00f3n que sustituye a la lista de 2.937 nombres de personas asesinadas en la represi\u00f3n posterior al fin de la Guerra Civil en Madrid. [&hellip;]<\/p>\n","protected":false},"author":1,"featured_media":2002003079,"comment_status":"closed","ping_status":"closed","sticky":false,"template":"","format":"standard","meta":{"footnotes":""},"categories":[],"tags":[],"class_list":["post-2002003078","post","type-post","status-publish","format-standard","has-post-thumbnail","hentry"],"_links":{"self":[{"href":"https:\/\/www.elenacabrera.com\/weblog3\/wp-json\/wp\/v2\/posts\/2002003078","targetHints":{"allow":["GET"]}}],"collection":[{"href":"https:\/\/www.elenacabrera.com\/weblog3\/wp-json\/wp\/v2\/posts"}],"about":[{"href":"https:\/\/www.elenacabrera.com\/weblog3\/wp-json\/wp\/v2\/types\/post"}],"author":[{"embeddable":true,"href":"https:\/\/www.elenacabrera.com\/weblog3\/wp-json\/wp\/v2\/users\/1"}],"replies":[{"embeddable":true,"href":"https:\/\/www.elenacabrera.com\/weblog3\/wp-json\/wp\/v2\/comments?post=2002003078"}],"version-history":[{"count":3,"href":"https:\/\/www.elenacabrera.com\/weblog3\/wp-json\/wp\/v2\/posts\/2002003078\/revisions"}],"predecessor-version":[{"id":2002003082,"href":"https:\/\/www.elenacabrera.com\/weblog3\/wp-json\/wp\/v2\/posts\/2002003078\/revisions\/2002003082"}],"wp:featuredmedia":[{"embeddable":true,"href":"https:\/\/www.elenacabrera.com\/weblog3\/wp-json\/wp\/v2\/media\/2002003079"}],"wp:attachment":[{"href":"https:\/\/www.elenacabrera.com\/weblog3\/wp-json\/wp\/v2\/media?parent=2002003078"}],"wp:term":[{"taxonomy":"category","embeddable":true,"href":"https:\/\/www.elenacabrera.com\/weblog3\/wp-json\/wp\/v2\/categories?post=2002003078"},{"taxonomy":"post_tag","embeddable":true,"href":"https:\/\/www.elenacabrera.com\/weblog3\/wp-json\/wp\/v2\/tags?post=2002003078"}],"curies":[{"name":"wp","href":"https:\/\/api.w.org\/{rel}","templated":true}]}}