{"id":2002003106,"date":"2020-01-14T15:19:23","date_gmt":"2020-01-14T13:19:23","guid":{"rendered":"http:\/\/www.elenacabrera.com\/weblog\/?p=2002003106"},"modified":"2020-01-14T15:20:39","modified_gmt":"2020-01-14T13:20:39","slug":"el-cuaderno-de-a-bordo-de-jose-manuel-rodriguez-uribes-como-nuevo-ministro-de-cultura","status":"publish","type":"post","link":"https:\/\/www.elenacabrera.com\/weblog3\/2020\/01\/14\/el-cuaderno-de-a-bordo-de-jose-manuel-rodriguez-uribes-como-nuevo-ministro-de-cultura\/","title":{"rendered":"El cuaderno de a bordo de Jos\u00e9 Manuel Rodr\u00edguez Uribes como nuevo ministro de Cultura"},"content":{"rendered":"\n<p>Jos\u00e9 Manuel Rodr\u00edguez Uribes (Valencia, 1968) ser\u00e1 el nuevo ministro de Cultura y Deportes, tomando el relevo de Jos\u00e9 Guirao.<\/p>\n\n\n\n<p>Como ministro, su tarea principal ser\u00e1 la de desencallar varios buques de la pol\u00edtica cultural nacional que la legislatura frustrada y la interinidad han dejado ir a la deriva. <strong>Los dos m\u00e1s importantes son el Estatuto del Artista y la Ley de Mecenazgo<\/strong>, dos proyectos que vienen de atr\u00e1s, sobre todo el segundo, para los que el ministro buscar\u00e1 consensos y unanimidad como los que el Gobierno necesita para que un esperado Pacto de Estado por la Cultura salga tambi\u00e9n del astillero.<\/p>\n\n\n\n<p>Las elecciones dejaron en un <em>cliffhanger<\/em> el desarrollo del <strong>Estatuto del Artista<\/strong>, al que se le ha prestado tan poca atenci\u00f3n que incluso el candidato S\u00e1nchez, en un debate electoral televisado en abril, se equivoc\u00f3 aludiendo a \u00e9l como el Estatuto del Creador. El t\u00edtulo perdi\u00f3 la bohemia por el camino, que es precisamente la funci\u00f3n de este documento: <strong>transformar al personaje bohemio y precarizado en un digno trabajador de la cultura<\/strong>. El sector pide que en un nuevo modelo cultural ponga al trabajador en el centro.<\/p>\n\n\n\n<p>Guirao <a href=\"https:\/\/www.eldiario.es\/cultura\/Estatuto-Artista-aprobacion-unanimidad-Congreso_0_811569566.html\">consigui\u00f3 llevar el Estatuto hasta un Pleno extraordinario del Congreso<\/a>, donde un primer paquete de medidas, las que ten\u00edan menor complejidad jur\u00eddica, fueron aprobadas en forma de Real Decreto-Ley hace un a\u00f1o. La m\u00e1s llamativa, de car\u00e1cter fiscal, fue hacer descender de nuevo una parte del IVA cultural al 10% (cine, teatro y musicales), desde el tipo 21 que comenz\u00f3 a aplicarse en 2012 con Jos\u00e9 Ignacio Wert como ministro. Tambi\u00e9n se aplicaron reducciones de la retenci\u00f3n de rendimientos procedentes de los derechos de autor la compatibilidad de las pensiones con la percepci\u00f3n de los derechos de autor, incentivos a los rodajes de pel\u00edculas extranjeras y espect\u00e1culos de artes esc\u00e9nicas y musicales; y la cotizaci\u00f3n de los artistas en periodos de inactividad voluntaria, como las bajas de maternidad y paternidad, de incapacidad, jubilaci\u00f3n o lactancia. \u00bfQu\u00e9 le queda por hacer al ministro Cruz? El resto de las 75 medidas del Estatuto, entre las que se encuentran nuevas deducciones de gastos, la reducci\u00f3n del IVA en toda la cadena de valor de la cultura, la adaptaci\u00f3n de las cotizaciones a la Seguridad Social (que sean proporcionales a los ingresos y que la cuota sea gratuita para el umbral del Salario M\u00ednimo Interprofesional), la lucha contra la situaci\u00f3n generalizada de falsos aut\u00f3nomos o que se fortalezca una interlocuci\u00f3n colectiva con sindicatos y asociaciones profesionales.<\/p>\n\n\n\n<p>De una manera deslabazada, el mecenazgo cultural se ha ido fomentando en Espa\u00f1a en los \u00faltimos a\u00f1os con la navegaci\u00f3n de las diferentes legislaturas. El exministro de Hacienda Montoro (PP) disolvi\u00f3 en varios incentivos fiscales las ilusiones del anterior ministro de Educaci\u00f3n y Cultura M\u00e9ndez de Vigo de crear la <strong>Ley de Mecenazgo<\/strong> en 2012. Guirao retom\u00f3 la idea y despleg\u00f3 las velas, anunciando que ser\u00eda uno de sus grandes proyectos, que por supuesto no ha podido llevarse a cabo en la exigua legislatura anterior. Como ocurre con el Estatuto del Artista, el tim\u00f3n de esta ley es la protecci\u00f3n cultural pero el sistema hidr\u00e1ulico se construye en otros ministerios. Ya lo dijo Guirao: la Ley de Mecenazgo es en realidad una ley de Hacienda. La inc\u00f3gnita est\u00e1 en el nuevo porcentaje de desgravaci\u00f3n que conseguir\u00e1 su ministerio. Actualmente, se alienta m\u00e1s el micromecenazgo que las grandes aportaciones, ya que el retorno p\u00fablico es del 75% para los primeros 150 euros donados, ascendiendo al 30 o 35% a partir de ah\u00ed. En pa\u00edses europeos como Francia, Inglaterra o Italia, se alcanza un 60 o un 70%.<\/p>\n\n\n\n<p style=\"text-align:right\"><a rel=\"noreferrer noopener\" aria-label=\"...Sigue leyendo en eldiario.es (abre en una nueva pesta\u00f1a)\" href=\"https:\/\/www.eldiario.es\/cultura\/Jose-Manuel-Rodriguez-Uribes-Cultura_0_983751809.html\" target=\"_blank\"><em>&#8230;Sigue leyendo en eldiario.es<\/em><\/a><\/p>\n","protected":false},"excerpt":{"rendered":"<p>Jos\u00e9 Manuel Rodr\u00edguez Uribes (Valencia, 1968) ser\u00e1 el nuevo ministro de Cultura y Deportes, tomando el relevo de Jos\u00e9 Guirao. Como ministro, su tarea principal ser\u00e1 la de desencallar varios buques de la pol\u00edtica cultural nacional que la legislatura frustrada y la interinidad han dejado ir a la deriva. Los dos m\u00e1s importantes son el [&hellip;]<\/p>\n","protected":false},"author":1,"featured_media":2002003107,"comment_status":"closed","ping_status":"closed","sticky":false,"template":"","format":"standard","meta":{"footnotes":""},"categories":[],"tags":[],"class_list":["post-2002003106","post","type-post","status-publish","format-standard","has-post-thumbnail","hentry"],"_links":{"self":[{"href":"https:\/\/www.elenacabrera.com\/weblog3\/wp-json\/wp\/v2\/posts\/2002003106","targetHints":{"allow":["GET"]}}],"collection":[{"href":"https:\/\/www.elenacabrera.com\/weblog3\/wp-json\/wp\/v2\/posts"}],"about":[{"href":"https:\/\/www.elenacabrera.com\/weblog3\/wp-json\/wp\/v2\/types\/post"}],"author":[{"embeddable":true,"href":"https:\/\/www.elenacabrera.com\/weblog3\/wp-json\/wp\/v2\/users\/1"}],"replies":[{"embeddable":true,"href":"https:\/\/www.elenacabrera.com\/weblog3\/wp-json\/wp\/v2\/comments?post=2002003106"}],"version-history":[{"count":2,"href":"https:\/\/www.elenacabrera.com\/weblog3\/wp-json\/wp\/v2\/posts\/2002003106\/revisions"}],"predecessor-version":[{"id":2002003109,"href":"https:\/\/www.elenacabrera.com\/weblog3\/wp-json\/wp\/v2\/posts\/2002003106\/revisions\/2002003109"}],"wp:featuredmedia":[{"embeddable":true,"href":"https:\/\/www.elenacabrera.com\/weblog3\/wp-json\/wp\/v2\/media\/2002003107"}],"wp:attachment":[{"href":"https:\/\/www.elenacabrera.com\/weblog3\/wp-json\/wp\/v2\/media?parent=2002003106"}],"wp:term":[{"taxonomy":"category","embeddable":true,"href":"https:\/\/www.elenacabrera.com\/weblog3\/wp-json\/wp\/v2\/categories?post=2002003106"},{"taxonomy":"post_tag","embeddable":true,"href":"https:\/\/www.elenacabrera.com\/weblog3\/wp-json\/wp\/v2\/tags?post=2002003106"}],"curies":[{"name":"wp","href":"https:\/\/api.w.org\/{rel}","templated":true}]}}