{"id":2002003114,"date":"2020-01-27T09:11:33","date_gmt":"2020-01-27T07:11:33","guid":{"rendered":"http:\/\/www.elenacabrera.com\/weblog\/?p=2002003114"},"modified":"2020-02-23T09:14:59","modified_gmt":"2020-02-23T07:14:59","slug":"un-vertido-toxico-en-el-parque-de-berlin","status":"publish","type":"post","link":"https:\/\/www.elenacabrera.com\/weblog3\/2020\/01\/27\/un-vertido-toxico-en-el-parque-de-berlin\/","title":{"rendered":"Un vertido t\u00f3xico en el Parque de Berl\u00edn"},"content":{"rendered":"\n<p>Cuando empez\u00f3 a desaparecer el blanco sucio del hielo, aparecieron los charcos de color verde fosforito en el Parque de Berl\u00edn. La Junta de Chamart\u00edn hab\u00eda adjudicado la concesi\u00f3n de una autorizaci\u00f3n para la gesti\u00f3n de las fiestas de navidad en el distrito, la cual deb\u00eda incluir una pista de patinaje sobre hielo de 400 metros cuadrados como m\u00ednimo. Formaba parte del proyecto El bosque de la Navidad, y deb\u00eda funcionar desde el 4 de diciembre al lunes 6 de enero. Seg\u00fan el pliego, la retirada de las instalaciones deber\u00eda estar concluida el 9 de enero. A fecha de 23 de enero, el armatoste sigue ah\u00ed.<\/p>\n\n\n\n<p>Las manchas de l\u00edquido son del anticongelante Monoetilenglicol, t\u00f3xico en su ingesti\u00f3n y que irrita la piel y las mucosas al contacto. Un perro ya ha salido escaldado, con las v\u00edas respiratorias obstruidas y la cabeza hinchada. Tras las denuncias de los vecinos, la Polic\u00eda Municipal acordon\u00f3 la zona en el fin de semana del 11 y el 12 de enero, con una cinta de pl\u00e1stico \u2014\u201dun balizado de seguridad\u201d\u2014 que, aunque alerta del problema, no impide que los perros o los ni\u00f1os se acerquen a las manchas. Manchas que, en algunos casos, fueron incluso un importante camino de preocupante l\u00edquido verdoso, como se ve en las fotos tomadas por los afectados. Seg\u00fan los vecinos, el vertido, que se manten\u00eda entre la tierra del parque y se escurr\u00eda hacia las calles colindantes apareci\u00f3 al d\u00eda siguiente del comienzo de la retirada de las instalaciones, el 10 de enero.&nbsp;<\/p>\n\n\n\n<p>La Junta Municipal conmin\u00f3 a la empresa adjudicataria la semana pasada, para que retirase \u201cde forma apremiante\u201d la arena contaminada y la llevase a un vertedero controlado donde la pudiera tratar adecuadamente, debido a su toxicidad, informan desde la Junta. Y efectivamente, la empresa adquiri\u00f3 un compromiso para realizarlo. A fecha de 23 de enero, la arena contaminada sigue ah\u00ed. Respecto a la persistencia de las instalaciones quince d\u00edas despu\u00e9s, incluida la estrella navide\u00f1a en el centro de la pista, el Ayuntamiento explica que deb\u00edan esperar a que se fundiera el hielo, cosa que no se ha producido por las climatolog\u00eda.<\/p>\n\n\n\n<p style=\"text-align:right\">.<em><a href=\"https:\/\/www.eldiario.es\/madrid\/vertido-navidena-infiltra-Parque-Berlin_0_988301852.html\" target=\"_blank\" rel=\"noreferrer noopener\" aria-label=\"..Sigue leyendo en eldiario.es (abre en una nueva pesta\u00f1a)\">..Sigue leyendo en eldiario.es<\/a><\/em><\/p>\n","protected":false},"excerpt":{"rendered":"<p>Manchas de color verde fosforito nos recuerdan que no se ha terminado la navidad en el barrio.<\/p>\n","protected":false},"author":1,"featured_media":2002003115,"comment_status":"closed","ping_status":"closed","sticky":false,"template":"","format":"standard","meta":{"footnotes":""},"categories":[],"tags":[],"class_list":["post-2002003114","post","type-post","status-publish","format-standard","has-post-thumbnail","hentry"],"_links":{"self":[{"href":"https:\/\/www.elenacabrera.com\/weblog3\/wp-json\/wp\/v2\/posts\/2002003114","targetHints":{"allow":["GET"]}}],"collection":[{"href":"https:\/\/www.elenacabrera.com\/weblog3\/wp-json\/wp\/v2\/posts"}],"about":[{"href":"https:\/\/www.elenacabrera.com\/weblog3\/wp-json\/wp\/v2\/types\/post"}],"author":[{"embeddable":true,"href":"https:\/\/www.elenacabrera.com\/weblog3\/wp-json\/wp\/v2\/users\/1"}],"replies":[{"embeddable":true,"href":"https:\/\/www.elenacabrera.com\/weblog3\/wp-json\/wp\/v2\/comments?post=2002003114"}],"version-history":[{"count":1,"href":"https:\/\/www.elenacabrera.com\/weblog3\/wp-json\/wp\/v2\/posts\/2002003114\/revisions"}],"predecessor-version":[{"id":2002003116,"href":"https:\/\/www.elenacabrera.com\/weblog3\/wp-json\/wp\/v2\/posts\/2002003114\/revisions\/2002003116"}],"wp:featuredmedia":[{"embeddable":true,"href":"https:\/\/www.elenacabrera.com\/weblog3\/wp-json\/wp\/v2\/media\/2002003115"}],"wp:attachment":[{"href":"https:\/\/www.elenacabrera.com\/weblog3\/wp-json\/wp\/v2\/media?parent=2002003114"}],"wp:term":[{"taxonomy":"category","embeddable":true,"href":"https:\/\/www.elenacabrera.com\/weblog3\/wp-json\/wp\/v2\/categories?post=2002003114"},{"taxonomy":"post_tag","embeddable":true,"href":"https:\/\/www.elenacabrera.com\/weblog3\/wp-json\/wp\/v2\/tags?post=2002003114"}],"curies":[{"name":"wp","href":"https:\/\/api.w.org\/{rel}","templated":true}]}}