{"id":2002003117,"date":"2020-01-31T09:15:17","date_gmt":"2020-01-31T07:15:17","guid":{"rendered":"http:\/\/www.elenacabrera.com\/weblog\/?p=2002003117"},"modified":"2020-02-23T09:20:46","modified_gmt":"2020-02-23T07:20:46","slug":"el-ayuntamiento-endurece-los-requisitos-para-los-tours-particulares-por-el-cementerio-civil-de-la-almudena","status":"publish","type":"post","link":"https:\/\/www.elenacabrera.com\/weblog3\/2020\/01\/31\/el-ayuntamiento-endurece-los-requisitos-para-los-tours-particulares-por-el-cementerio-civil-de-la-almudena\/","title":{"rendered":"El Ayuntamiento endurece los requisitos para los tours particulares por el Cementerio Civil de La Almudena"},"content":{"rendered":"\n<p>La cultura funeraria, m\u00e1s all\u00e1 de las imprescindibles pompas f\u00fanebres, se mueve en un terreno que produce fascinaci\u00f3n y repulsi\u00f3n con intensidad semejante. Los cementerios son tambi\u00e9n lugar para la apreciaci\u00f3n del arte funerario, tal y como propone la <a href=\"http:\/\/cemeteriesroute.eu\/european-cemeteries-route.aspx\">Ruta Europea de los Cementerios<\/a>, la cual incluye <a href=\"http:\/\/www.espanaescultura.es\/es\/rutas_culturales\/ruta_cementerios.html\">nueve camposantos espa\u00f1oles<\/a>, ninguno de ellos en Madrid. Pero lo son tambi\u00e9n como punto de partida para contar historia y recuperar memoria. Eso hacen gu\u00edas como Julia Soria (<a href=\"https:\/\/experimenta-madrid.com\/\">ExperimentaMadrid<\/a>) y Paloma Contreras (<a href=\"http:\/\/www.entrepiedrasycipreses.com\/\">Entre piedras y cipreses<\/a>) con las visitas gratuitas que han venido realizando al Cementerio Civil de La Almudena, al que muchos llaman \u201cel gran olvidado\u201d. All\u00ed se encuentran las tumbas de La Pasionaria, Marcelino Camacho, Pablo Iglesias, Nicol\u00e1s Salmer\u00f3n, Carmen de Burgos, Rosario La Dinamitera o los Mendieta: Timoteo y Ascensi\u00f3n, <a href=\"https:\/\/www.eldiario.es\/sociedad\/retorno-Ascension-Mendieta-Madrid-luchadora_0_943156690.html\">la \u00faltima persona enterrada all\u00ed<\/a>.<\/p>\n\n\n\n<p>La empresa <a href=\"https:\/\/www.eldiario.es\/madrid\/Funeraria_0_793370900.html\">remunicipalizada durante el gobierno de Manuela Carmena<\/a> Servicios Funerarios de Madrid (SFM) puso en marcha en 2018 una programaci\u00f3n de visitas gratuitas para las que el a\u00f1o pasado abri\u00f3 2.500 plazas en diferentes rutas sobre personajes ilustres, arquitectura, mujeres singulares y cine. Adem\u00e1s, lanz\u00f3 un programa de visitas nocturnas teatralizadas al Cementerio Civil, para el que se ofertaron 720 plazas. Este servicio est\u00e1 licitado y lo lleva a cabo la empresa Talher, especializada en jardiner\u00eda, forestal, limpieza viaria, recogida de residuos s\u00f3lidos urbanos y educaci\u00f3n ambiental, seg\u00fan indican en su web.<\/p>\n\n\n\n<p>Paloma es una apasionada de los cementerios, a los que considera \u201cverdaderos museos al aire libre\u201d. Lleva realizando visitas al Cementerio Civil desde febrero de 2019. Las \u00faltimas tuvieron lugar en septiembre y ya no las ha querido repetir debido a que empezaron a ponerle \u201ctrabas\u201d. Paloma convocaba peque\u00f1os grupos y paseaba por el Civil y el Hebreo, par\u00e1ndose en algunas tumbas sobre cuyos durmientes ella quisiera rememorar su historia. \u201cDir\u00eda que lo que yo hago es contar las historias que no aparecen en la Wikipedia y que est\u00e1n destinadas a caer en el olvido si nadie se acuerda de ellas, en especial la de muchas mujeres que descansan all\u00ed. Historias que se mantienen vivas mientras nos dure la memoria a todos\u201d. En un principio lo hac\u00eda sin autorizaci\u00f3n pero la SFM impuso unos requisitos el a\u00f1o pasado para las visitas guiadas \u201cde terceros\u201d: un m\u00e1ximo de uno al d\u00eda y no m\u00e1s de dos por empresa al mes. En alg\u00fan momento de la visita, un vigilante se acerca al grupo de Paloma y solicita que se le ense\u00f1e el papel de la autorizaci\u00f3n. Seg\u00fan la empresa municipal, este control es necesario porque \u201cla prioridad es dar servicio a las familias que est\u00e1n realizando un enterramiento y que no tengan que encontrarse un grupo haciendo fotos o mirando las tumbas\u201d. Tambi\u00e9n se pide a los organizadores de los paseos \u201cque no se tomen fotograf\u00edas a unidades de enterramiento de particulares por respeto al fallecido, sobre todo si aparece el nombre o la foto del fallecido, exceptuando si se trata de personajes p\u00fablicos\u201d. Ante esto, Julia explica que lo ve m\u00e1s bien al contrario, que el Cementerio Civil es un lugar olvidado y que en ocasiones las familias les han dado las gracias, como hizo la hija de Ascensi\u00f3n Mendieta, por saber que sus familiares ser\u00e1n recordados. \u201cEsto no es un circo, no se viste nadie de fantasma \u2014dice Julia\u2014 se va a trabajar por la memoria\u201d.\u00a0<\/p>\n\n\n\n<p style=\"text-align:right\"><em><a href=\"https:\/\/www.eldiario.es\/sociedad\/Ayuntamiento-particulares-Cementerio-Civil-Almudena_0_987251563.html\" target=\"_blank\" rel=\"noreferrer noopener\" aria-label=\"...Sigue leyendo en eldiario.es (abre en una nueva pesta\u00f1a)\">&#8230;Sigue leyendo en eldiario.es<\/a><\/em><\/p>\n","protected":false},"excerpt":{"rendered":"<p>Paloma y Julia hacen freetours y visitas en grupo por el Cementerio Civil de Madrid y rescatan historias que los tours de la propia empresa municipal funeraria no cuentan. <\/p>\n","protected":false},"author":1,"featured_media":2002003118,"comment_status":"closed","ping_status":"closed","sticky":false,"template":"","format":"standard","meta":{"footnotes":""},"categories":[],"tags":[],"class_list":["post-2002003117","post","type-post","status-publish","format-standard","has-post-thumbnail","hentry"],"_links":{"self":[{"href":"https:\/\/www.elenacabrera.com\/weblog3\/wp-json\/wp\/v2\/posts\/2002003117","targetHints":{"allow":["GET"]}}],"collection":[{"href":"https:\/\/www.elenacabrera.com\/weblog3\/wp-json\/wp\/v2\/posts"}],"about":[{"href":"https:\/\/www.elenacabrera.com\/weblog3\/wp-json\/wp\/v2\/types\/post"}],"author":[{"embeddable":true,"href":"https:\/\/www.elenacabrera.com\/weblog3\/wp-json\/wp\/v2\/users\/1"}],"replies":[{"embeddable":true,"href":"https:\/\/www.elenacabrera.com\/weblog3\/wp-json\/wp\/v2\/comments?post=2002003117"}],"version-history":[{"count":1,"href":"https:\/\/www.elenacabrera.com\/weblog3\/wp-json\/wp\/v2\/posts\/2002003117\/revisions"}],"predecessor-version":[{"id":2002003119,"href":"https:\/\/www.elenacabrera.com\/weblog3\/wp-json\/wp\/v2\/posts\/2002003117\/revisions\/2002003119"}],"wp:featuredmedia":[{"embeddable":true,"href":"https:\/\/www.elenacabrera.com\/weblog3\/wp-json\/wp\/v2\/media\/2002003118"}],"wp:attachment":[{"href":"https:\/\/www.elenacabrera.com\/weblog3\/wp-json\/wp\/v2\/media?parent=2002003117"}],"wp:term":[{"taxonomy":"category","embeddable":true,"href":"https:\/\/www.elenacabrera.com\/weblog3\/wp-json\/wp\/v2\/categories?post=2002003117"},{"taxonomy":"post_tag","embeddable":true,"href":"https:\/\/www.elenacabrera.com\/weblog3\/wp-json\/wp\/v2\/tags?post=2002003117"}],"curies":[{"name":"wp","href":"https:\/\/api.w.org\/{rel}","templated":true}]}}