{"id":2002003120,"date":"2020-02-01T09:21:04","date_gmt":"2020-02-01T07:21:04","guid":{"rendered":"http:\/\/www.elenacabrera.com\/weblog\/?p=2002003120"},"modified":"2020-02-23T09:24:48","modified_gmt":"2020-02-23T07:24:48","slug":"los-menores-en-acogida-familiar-que-se-quedan-fuera-del-futbol-federado-por-que-ellos-si-y-yo-no","status":"publish","type":"post","link":"https:\/\/www.elenacabrera.com\/weblog3\/2020\/02\/01\/los-menores-en-acogida-familiar-que-se-quedan-fuera-del-futbol-federado-por-que-ellos-si-y-yo-no\/","title":{"rendered":"Los menores en acogida familiar que se quedan fuera del f\u00fatbol federado: \u00ab\u00bfPor qu\u00e9 ellos s\u00ed y yo no?\u00bb"},"content":{"rendered":"\n<p>\u201cCualquier paso que quieras dar es para tropezar con una muralla\u201d, dice Andreu. \u201cLo del inter\u00e9s superior del menor es mentira, todo son impedimentos\u201d. Andreu es un padre de un menor extranjero, aunque nacido en Espa\u00f1a, de acogida. El ni\u00f1o juega al f\u00fatbol, como sus compa\u00f1eros, y quiere jugar partidos, como sus compa\u00f1eros. Pero se ha pasado tres meses qued\u00e1ndose en casa los fines de semana. No entiende porqu\u00e9 los dem\u00e1s, s\u00ed y \u00e9l, no. \u201cCuando le dije que tendr\u00eda dificultades por ser extranjero, me contest\u00f3: \u00bfah, que no soy espa\u00f1ol?\u201d.<\/p>\n\n\n\n<p>Tramitar la ficha para la inscripci\u00f3n en las federaciones deportivas, en especial la de f\u00fatbol, cuesta \u201cel doble o triple esfuerzo\u201d si el menor es extranjero, <a href=\"https:\/\/www.eldiario.es\/desalambre\/normativa-Federacion-Espanola-Futbol-extranjeros_0_453905014.html\">como ya se sabe<\/a>, pero el tr\u00e1mite se complica si el menor est\u00e1 en acogida, \u201ccuando, si fuera de aqu\u00ed, ser\u00eda instant\u00e1neo, hay una gran discriminaci\u00f3n\u201d, recalca este padre de la Comunidad Valenciana. El acogimiento familiar es una competencia auton\u00f3mica que se plantea como alternativa preferible a la institucionalizaci\u00f3n, es decir, a la vida en las residencias de menores. No es una estancia temporal breve ni es una adopci\u00f3n: la Administraci\u00f3n conserva la tutela del menor en desamparo, queda suspendida provisionalmente la patria potestad del padre y de la madre, y la familia acogedora ejerce la guarda del menor.<\/p>\n\n\n\n<p>Promover el deporte en edad escolar es uno de los objetivos del Consejo Superior de Deportes debido a que \u201ccontribuye a una mejor formaci\u00f3n integral de la persona\u201d y ense\u00f1a al estudiante \u201cel valor de la cooperaci\u00f3n y el trabajo en equipo\u201d. Se hace a trav\u00e9s de las asociaciones y federaciones. \u201cEl deporte es integraci\u00f3n \u2014valora Andreu\u2014, es una gran oportunidad para guiar a ni\u00f1os marginados a participar en la sociedad\u201d, por lo que no entiende las trabas administrativas: \u201c\u00a1si est\u00e1n bajo la tutela del Estado, deber\u00eda ser algo autom\u00e1tico!\u201d. Pero las federaciones, que son entidades privadas, imponen sus normas. Andreu ha tenido que aportar el pasaporte, el certificado de empadronamiento hist\u00f3rico, el certificado de nacimiento (si hubiera estado en otro idioma, habr\u00eda tenido que incluir una traducci\u00f3n), certificados escolares expedidos con menos de tres meses que acrediten la escolarizaci\u00f3n durante todos los cursos de los \u00faltimos cinco a\u00f1os, declaraci\u00f3n del club donde conste las fechas y circunstancias bajo las cuales sucedi\u00f3 el primer contacto con el jugador y la afiliaci\u00f3n al sistema inform\u00e1tico F\u00e9nix que utilizan las federaciones locales y que tiene un peque\u00f1o coste. Pero si su hijo no hubiera nacido en Espa\u00f1a y llevara menos de cinco a\u00f1os aqu\u00ed, deber\u00eda aportar, adem\u00e1s, el contrato de trabajo del padre y de la madre, una declaraci\u00f3n de los padres del jugador que explique las razones por las que se mudaron a Espa\u00f1a, y una explicaci\u00f3n acompa\u00f1ada de documentos oficiales que corroboren los medios de sustento econ\u00f3mico de los padres. Toda esta documentaci\u00f3n alude a los padres biol\u00f3gicos, no a los de acogida.<\/p>\n\n\n\n<p style=\"text-align:right\"><em><a rel=\"noreferrer noopener\" aria-label=\"...Sigue leyendo en eldiario.es (abre en una nueva pesta\u00f1a)\" href=\"https:\/\/www.eldiario.es\/desalambre\/menores-acogida-quedan-deporte-federado_0_989351615.html\" target=\"_blank\">&#8230;Sigue leyendo en Desalambre \/ eldiario.es<\/a><\/em><\/p>\n","protected":false},"excerpt":{"rendered":"<p>Las federaciones, en especial las de f\u00fatbol, imponen requisitos que a veces las familias de acogida de menores, extranjeros o no, tutelados por la Administraci\u00f3n, no pueden cumplir.<\/p>\n","protected":false},"author":1,"featured_media":2002003121,"comment_status":"closed","ping_status":"closed","sticky":false,"template":"","format":"standard","meta":{"footnotes":""},"categories":[],"tags":[],"class_list":["post-2002003120","post","type-post","status-publish","format-standard","has-post-thumbnail","hentry"],"_links":{"self":[{"href":"https:\/\/www.elenacabrera.com\/weblog3\/wp-json\/wp\/v2\/posts\/2002003120","targetHints":{"allow":["GET"]}}],"collection":[{"href":"https:\/\/www.elenacabrera.com\/weblog3\/wp-json\/wp\/v2\/posts"}],"about":[{"href":"https:\/\/www.elenacabrera.com\/weblog3\/wp-json\/wp\/v2\/types\/post"}],"author":[{"embeddable":true,"href":"https:\/\/www.elenacabrera.com\/weblog3\/wp-json\/wp\/v2\/users\/1"}],"replies":[{"embeddable":true,"href":"https:\/\/www.elenacabrera.com\/weblog3\/wp-json\/wp\/v2\/comments?post=2002003120"}],"version-history":[{"count":2,"href":"https:\/\/www.elenacabrera.com\/weblog3\/wp-json\/wp\/v2\/posts\/2002003120\/revisions"}],"predecessor-version":[{"id":2002003123,"href":"https:\/\/www.elenacabrera.com\/weblog3\/wp-json\/wp\/v2\/posts\/2002003120\/revisions\/2002003123"}],"wp:featuredmedia":[{"embeddable":true,"href":"https:\/\/www.elenacabrera.com\/weblog3\/wp-json\/wp\/v2\/media\/2002003121"}],"wp:attachment":[{"href":"https:\/\/www.elenacabrera.com\/weblog3\/wp-json\/wp\/v2\/media?parent=2002003120"}],"wp:term":[{"taxonomy":"category","embeddable":true,"href":"https:\/\/www.elenacabrera.com\/weblog3\/wp-json\/wp\/v2\/categories?post=2002003120"},{"taxonomy":"post_tag","embeddable":true,"href":"https:\/\/www.elenacabrera.com\/weblog3\/wp-json\/wp\/v2\/tags?post=2002003120"}],"curies":[{"name":"wp","href":"https:\/\/api.w.org\/{rel}","templated":true}]}}