{"id":2002003127,"date":"2020-02-19T09:28:20","date_gmt":"2020-02-19T07:28:20","guid":{"rendered":"http:\/\/www.elenacabrera.com\/weblog\/?p=2002003127"},"modified":"2020-02-23T09:32:23","modified_gmt":"2020-02-23T07:32:23","slug":"madrid-borra-los-versos-de-miguel-hernandez-del-memorial-de-las-victimas-de-la-guerra-civil-en-la-almudena","status":"publish","type":"post","link":"https:\/\/www.elenacabrera.com\/weblog3\/2020\/02\/19\/madrid-borra-los-versos-de-miguel-hernandez-del-memorial-de-las-victimas-de-la-guerra-civil-en-la-almudena\/","title":{"rendered":"Madrid borra los versos de Miguel Hern\u00e1ndez del memorial de las v\u00edctimas de la Guerra Civil en La Almudena"},"content":{"rendered":"\n<p>Arrancar 2.937 nombres, con sus correspondientes fechas de asesinato, <a href=\"https:\/\/www.eldiario.es\/sociedad\/familiares-franquismo-consideran-inscripcion-Almudena_0_975353136.html\">no ha sido suficiente para el Ayuntamiento de Madrid<\/a>, que ha eliminado tambi\u00e9n las palabras que se hab\u00edan escogido para tres placas situadas en el memorial del Cementerio de La Almudena; un lugar previsto como homenaje para las v\u00edctimas de la represi\u00f3n franquista en Madrid, que <a href=\"https:\/\/www.eldiario.es\/sociedad\/nombres-arrancados-memorial-Almudena-nombre_0_968003291.html?_ga=2.48573285.270810518.1576513649-148338936.1564131263\">el actual Gobierno municipal ha resignificado<\/a> para incluir tambi\u00e9n a las v\u00edctimas de la Guerra Civil.<\/p>\n\n\n\n<p>En una de ellas, deb\u00edan escribirse doce versos de Miguel Hern\u00e1ndez, correspondientes a su poema <em>El herido<\/em>, de su libro <em>El hombre acecha<\/em> (1938-39). \u201cPara la libertad me desprendo a balazos \/ de los que han revolcado su estatua por el lodo\u201d, comienza la cita del poeta alicantino, que c\u00e9lebremente music\u00f3 Joan Manuel Serrat. Los dos \u00faltimos versos de ese cantar seleccionado e incluido dentro del malogrado proyecto, dicen \u201cporque soy como el \u00e1rbol talado, que reto\u00f1o: porque a\u00fan tengo la vida\u201d, unas palabras que apoyan y ayudan a entender mejor la obra creada por Fernando S\u00e1nchez Castillo, en el que unos robles, fielmente reproducidos en bronce, yacen con las ra\u00edces arrancadas en el centro del memorial.<\/p>\n\n\n\n<p>Son tres los elementos verticales rematados con sendas piezas de cobre, que deber\u00edan haberse inscrito pero que ahora lucen inexplicamente en blanco, como recuerdo de una memoria borrada. Como el r\u00f3tulo de una calle sin letras. Inservibles. Estos elementos funcionan como hitos que acompa\u00f1an al visitante del memorial en un breve paseo que va desde la obra de S\u00e1nchez Castillo, \u2014cuyo tel\u00f3n de fondo son los tres muros construidos para albergar los 3.000 nombres y que ahora contiene solo 29 palabras\u2014 hasta la antigua tapia del cementerio donde tradicionalmente se realizan los homenajes a los fusilados.<\/p>\n","protected":false},"excerpt":{"rendered":"<p>Se mantienen los tres elementos verticales dise\u00f1ados para sostener sendas placas con textos explicativos y citas de Julia Conesa y el poeta alicantino, pero estas est\u00e1n en blanco.<\/p>\n","protected":false},"author":1,"featured_media":2002003128,"comment_status":"closed","ping_status":"closed","sticky":false,"template":"","format":"standard","meta":{"footnotes":""},"categories":[],"tags":[],"class_list":["post-2002003127","post","type-post","status-publish","format-standard","has-post-thumbnail","hentry"],"_links":{"self":[{"href":"https:\/\/www.elenacabrera.com\/weblog3\/wp-json\/wp\/v2\/posts\/2002003127","targetHints":{"allow":["GET"]}}],"collection":[{"href":"https:\/\/www.elenacabrera.com\/weblog3\/wp-json\/wp\/v2\/posts"}],"about":[{"href":"https:\/\/www.elenacabrera.com\/weblog3\/wp-json\/wp\/v2\/types\/post"}],"author":[{"embeddable":true,"href":"https:\/\/www.elenacabrera.com\/weblog3\/wp-json\/wp\/v2\/users\/1"}],"replies":[{"embeddable":true,"href":"https:\/\/www.elenacabrera.com\/weblog3\/wp-json\/wp\/v2\/comments?post=2002003127"}],"version-history":[{"count":1,"href":"https:\/\/www.elenacabrera.com\/weblog3\/wp-json\/wp\/v2\/posts\/2002003127\/revisions"}],"predecessor-version":[{"id":2002003129,"href":"https:\/\/www.elenacabrera.com\/weblog3\/wp-json\/wp\/v2\/posts\/2002003127\/revisions\/2002003129"}],"wp:featuredmedia":[{"embeddable":true,"href":"https:\/\/www.elenacabrera.com\/weblog3\/wp-json\/wp\/v2\/media\/2002003128"}],"wp:attachment":[{"href":"https:\/\/www.elenacabrera.com\/weblog3\/wp-json\/wp\/v2\/media?parent=2002003127"}],"wp:term":[{"taxonomy":"category","embeddable":true,"href":"https:\/\/www.elenacabrera.com\/weblog3\/wp-json\/wp\/v2\/categories?post=2002003127"},{"taxonomy":"post_tag","embeddable":true,"href":"https:\/\/www.elenacabrera.com\/weblog3\/wp-json\/wp\/v2\/tags?post=2002003127"}],"curies":[{"name":"wp","href":"https:\/\/api.w.org\/{rel}","templated":true}]}}