{"id":2002003130,"date":"2020-02-24T09:32:43","date_gmt":"2020-02-24T07:32:43","guid":{"rendered":"http:\/\/www.elenacabrera.com\/weblog\/?p=2002003130"},"modified":"2020-02-23T09:36:50","modified_gmt":"2020-02-23T07:36:50","slug":"una-radio-hecha-desde-dentro-de-los-cie-daneses-cuando-vives-en-un-centro-de-deportacion-tu-voz-no-se-escucha","status":"publish","type":"post","link":"https:\/\/www.elenacabrera.com\/weblog3\/2020\/02\/24\/una-radio-hecha-desde-dentro-de-los-cie-daneses-cuando-vives-en-un-centro-de-deportacion-tu-voz-no-se-escucha\/","title":{"rendered":"Una radio hecha desde dentro de los CIE daneses: \u00abCuando vives en un centro de deportaci\u00f3n, tu voz no se escucha\u00bb"},"content":{"rendered":"\n<p>Cuando le preguntaron a Hans Wolff por lo que hab\u00eda visto en los centros de internamiento para extranjeros de Dinamarca, admiti\u00f3 estar en shock: \u201cen un pa\u00eds altamente desarrollado como Dinamarca, donde usted, con raz\u00f3n, est\u00e1 orgulloso de los altos est\u00e1ndares de derechos humanos, es impactante encontrar condiciones tan terribles, y uno podr\u00eda cuestionar la capacidad pero tambi\u00e9n la voluntad de Dinamarca para hacerlo tan mal\u201d, explic\u00f3 en una <a href=\"http:\/\/refugees.dk\/en\/news\/2020\/january\/council-of-europe-anti-torture-committe-ellebaek-is-unsuitable-for-humans\/?fbclid=IwAR0Ikb8pLLXBAT8Wcuk1o4bsaYG5fnF4Zb8_xwbnt8XKBAcc0IZ3t-T29Pc\">entrevista con la televisi\u00f3n p\u00fablica danesa<\/a>. Wolff dirigi\u00f3 el grupo del Comit\u00e9 para la Prevenci\u00f3n de la Tortura del Consejo Europeo que visit\u00f3 los campos de Elleb\u00e6k y Nyk\u00f8bing Falster el pasado mes de abril, cuyo informe se hecho p\u00fablico en enero y su impacto se est\u00e1 empezando a ver ahora.<\/p>\n\n\n\n<p>El Comit\u00e9 encontr\u00f3 \u201cinaceptables condiciones de vida\u201d en estos dos lugares que son \u201ccomo prisiones\u201d y donde se les aplica \u201cnormas carcelarias\u201d a los inmigrantes all\u00ed detenidos. A las mujeres en Elleb\u00e6k les permiten solo 30 minutos al d\u00eda para estar al aire libre. No tienen actividades, ni les dejan usar su propio m\u00f3vil ni acceder a internet. Si alg\u00fan detenido rompe esta norma y es encontrado con un tel\u00e9fono m\u00f3vil, es castigado con quince d\u00edas de aislamiento. La interpretaci\u00f3n de lenguas en las visitas m\u00e9dicas la hacen compa\u00f1eros detenidos o empleados del centro y no traductores profesionales. Otras irregularidades como la saturaci\u00f3n de plazas y las deficiencias en la asistencia legal y sanitaria siguen a lo largo del informe [<a href=\"https:\/\/rm.coe.int\/1680996859\">PDF<\/a>]. El Comit\u00e9 le ha dado al Gobierno dan\u00e9s tres meses para cerrar estas instalaciones. Para Wolff, Elleb\u00e6k es uno de los peores centros de detenci\u00f3n que ha visto en Europa.<\/p>\n\n\n\n<p>Dinamarca se ha puesto bajo el foco por sus pol\u00edticas antinmigratorias, las cuales no han mejorado con <a href=\"https:\/\/www.eldiario.es\/internacional\/Centroizquierda-recupera-Dinamarca-xenofoba-desploma_0_906760383.html\">el giro socialdem\u00f3crata de su nuevo Gobierno<\/a>, ya que la primera ministra pact\u00f3 <a href=\"https:\/\/www.eldiario.es\/theguardian\/Mette-Frederiksen-socialdemocrata-migratorias-Dinamarca_0_900110679.html\">la agenda migratoria con el bloque de la derecha<\/a>. Adem\u00e1s de las deplorables condiciones de los campos o <a href=\"https:\/\/nationalpost.com\/news\/world\/denmark-denied-asylum-to-refugees-arguing-its-safe-for-them-to-go-home-to-syria\">denegar el asilo a ciudadanos sirios<\/a> con la intenci\u00f3n de devolverlos a Damasco alegando que ya es un lugar seguro, la estrategia principal del anterior Gobierno conservador y de este, es la de convertir los centros de estancia temporal para peticionarios de asilo en centros de deportaci\u00f3n. Lo que est\u00e1 sucediendo en esos lugares es cada d\u00eda m\u00e1s opaco y por eso es desde all\u00ed desde donde <a href=\"https:\/\/www.thebridgeradio.dk\/\">The Bridge Radio<\/a> quiere hacer sus reportajes sonoros.<\/p>\n\n\n\n<p style=\"text-align:right\"><em><a href=\"https:\/\/www.eldiario.es\/desalambre\/podcast-volumen-migrantes-Dinamarca-expulsar_0_995650782.html\" target=\"_blank\" rel=\"noreferrer noopener\" aria-label=\"...Sigue leyendo en Desalambre \/ eldiario.es (abre en una nueva pesta\u00f1a)\">&#8230;Sigue leyendo en Desalambre \/ eldiario.es<\/a><\/em><\/p>\n","protected":false},"excerpt":{"rendered":"<p>La pol\u00edtica migratoria danesa ha puesto como prioridad expulsar a sus pa\u00edses de origen a un mayor n\u00famero de personas. The Bridge Radio graba podcast realizados por migrantes y refugiados desde el interior de los propios campos.<\/p>\n","protected":false},"author":1,"featured_media":2002003131,"comment_status":"closed","ping_status":"closed","sticky":false,"template":"","format":"standard","meta":{"footnotes":""},"categories":[],"tags":[],"class_list":["post-2002003130","post","type-post","status-publish","format-standard","has-post-thumbnail","hentry"],"_links":{"self":[{"href":"https:\/\/www.elenacabrera.com\/weblog3\/wp-json\/wp\/v2\/posts\/2002003130","targetHints":{"allow":["GET"]}}],"collection":[{"href":"https:\/\/www.elenacabrera.com\/weblog3\/wp-json\/wp\/v2\/posts"}],"about":[{"href":"https:\/\/www.elenacabrera.com\/weblog3\/wp-json\/wp\/v2\/types\/post"}],"author":[{"embeddable":true,"href":"https:\/\/www.elenacabrera.com\/weblog3\/wp-json\/wp\/v2\/users\/1"}],"replies":[{"embeddable":true,"href":"https:\/\/www.elenacabrera.com\/weblog3\/wp-json\/wp\/v2\/comments?post=2002003130"}],"version-history":[{"count":1,"href":"https:\/\/www.elenacabrera.com\/weblog3\/wp-json\/wp\/v2\/posts\/2002003130\/revisions"}],"predecessor-version":[{"id":2002003132,"href":"https:\/\/www.elenacabrera.com\/weblog3\/wp-json\/wp\/v2\/posts\/2002003130\/revisions\/2002003132"}],"wp:featuredmedia":[{"embeddable":true,"href":"https:\/\/www.elenacabrera.com\/weblog3\/wp-json\/wp\/v2\/media\/2002003131"}],"wp:attachment":[{"href":"https:\/\/www.elenacabrera.com\/weblog3\/wp-json\/wp\/v2\/media?parent=2002003130"}],"wp:term":[{"taxonomy":"category","embeddable":true,"href":"https:\/\/www.elenacabrera.com\/weblog3\/wp-json\/wp\/v2\/categories?post=2002003130"},{"taxonomy":"post_tag","embeddable":true,"href":"https:\/\/www.elenacabrera.com\/weblog3\/wp-json\/wp\/v2\/tags?post=2002003130"}],"curies":[{"name":"wp","href":"https:\/\/api.w.org\/{rel}","templated":true}]}}