{"id":2002003133,"date":"2020-02-25T09:37:03","date_gmt":"2020-02-25T07:37:03","guid":{"rendered":"http:\/\/www.elenacabrera.com\/weblog\/?p=2002003133"},"modified":"2020-02-23T09:41:46","modified_gmt":"2020-02-23T07:41:46","slug":"el-memorial-que-el-ayuntamiento-de-madrid-queria-olvidar","status":"publish","type":"post","link":"https:\/\/www.elenacabrera.com\/weblog3\/2020\/02\/25\/el-memorial-que-el-ayuntamiento-de-madrid-queria-olvidar\/","title":{"rendered":"El memorial que el Ayuntamiento de Madrid quer\u00eda olvidar"},"content":{"rendered":"\n<p>Los nombres importan. Incluso cuando el desgaste cotidiano de un callejero diluye la biograf\u00eda que esconden sus calles, la historia y la memoria hist\u00f3rica del pasado reciente est\u00e1n ah\u00ed para recordarlos. <a href=\"https:\/\/www.eldiario.es\/madrid\/exresponsable-Memoria-Historica-Carmena-Comisionado_0_998100612.html\">\u201cLos memoriales personalizan a las v\u00edctimas\u201d<\/a>, explicaba a eldiario.es Txema Urkijo, exdirector de Derechos Humanos con el Gobierno vasco de Juan Jos\u00e9 Ibarretxe y exdirector tambi\u00e9n de la disuelta Oficina de Derechos Humanos y Memoria del Gobierno municipal madrile\u00f1o con Manuela Carmena. \u201cEl elemento de personificar a la v\u00edctima con nombres y apellidos y crear un peque\u00f1\u00edsimo espacio para los familiares tiene un componente de reparaci\u00f3n y de justicia\u201d. Pretender minimizar la importancia de unos nombres es una estrategia que no le ha resultado al Ayuntamiento de Madrid. El mecanismo de control de da\u00f1os no ha funcionado.<\/p>\n\n\n\n<p>Urkijo fue la persona del Ayuntamiento de Madrid encargada de <a href=\"https:\/\/www.eldiario.es\/madrid\/fusilados-primeros-franquismo-Madrid-alcaldes_0_739477058.html\">sacar adelante el memorial de las v\u00edctimas del franquismo<\/a> en el cementerio de La Almudena. Pero no consigui\u00f3 culminarlo antes de las elecciones de mayo de 2019 y el nuevo Gobierno paraliz\u00f3 la ejecuci\u00f3n y revirti\u00f3 el esp\u00edritu del homenaje. La tramitaci\u00f3n de los expedientes para la materializaci\u00f3n de este proyecto se fue retrasando por diferentes motivos, de manera que la decisi\u00f3n de bloquearlo, en julio del pasado a\u00f1o, <a href=\"https:\/\/www.eldiario.es\/madrid\/Madrid-represaliados-franquismo-cementerio-Almudena_0_967304064.html\">fue una de las primera medidas que tom\u00f3 Jos\u00e9 Luis Mart\u00ednez-Almeida como alcalde<\/a>, por considerarlo \u00absectario e injusto\u00bb. El memorial est\u00e1 formado por varios elementos, siendo el principal la reproducci\u00f3n en bronce de unos robles arrancados de la tierra y depositados en el suelo. Tras ellos, como un tel\u00f3n de fondo, tres muros dise\u00f1ados para que cupiesen en ellos los 2.937 nombres de las personas que hab\u00edan sido represaliadas en el Madrid de la posguerra. Ese listado fue fruto de una investigaci\u00f3n encargada por la oficina que dirig\u00eda Urkijo, firmada por el historiador de la Universidad Complutense de Madrid Fernando Hern\u00e1ndez Holgado y apoyado por un equipo de otras seis personas, entre las que se encuentra un experto en los fusilamientos de La Almudena como es Manuel Garc\u00eda Mu\u00f1oz.<\/p>\n\n\n\n<p>La campa\u00f1a contra el memorial la inici\u00f3 el PP madrile\u00f1o estando en la oposici\u00f3n, al poco de la publicaci\u00f3n del informe en febrero de 2019. Almeida utiliz\u00f3 una informaci\u00f3n del diario <em>ABC<\/em> para<a href=\"https:\/\/www.eldiario.es\/politica\/PP-Ayuntamiento-Madrid-chequistas-fusilados_0_741926300.html\"> pedir la exclusi\u00f3n de 355 nombres del listado del memorial<\/a> por denominarlos \u00abchequistas\u00bb, personas implicadas en la represi\u00f3n en la retaguardia republicana, bas\u00e1ndose en el trabajo previo de Manuel Garc\u00eda Mu\u00f1oz. Para Almeida, la inclusi\u00f3n de esos nombres significaba un \u00abblanqueamiento\u00bb al \u00abhomenajear a personas con las manos manchadas de sangre\u00bb. El propio Garc\u00eda Mu\u00f1oz ya explic\u00f3 a este peri\u00f3dico que tanto la cifra como el concepto, en rigor hist\u00f3rico, <a href=\"https:\/\/www.eldiario.es\/sociedad\/nombres-arrancados-memorial-Almudena-nombre_0_968003291.html\">\u201cno tiene ning\u00fan sentido\u201d<\/a>.<\/p>\n\n\n\n<p style=\"text-align:right\"><em><a rel=\"noreferrer noopener\" aria-label=\"...Sigue leyendo en eldiario.es (abre en una nueva pesta\u00f1a)\" href=\"https:\/\/www.eldiario.es\/madrid\/memorial-Ayuntamiento-Madrid-queria-olvidar_0_998450506.html\" target=\"_blank\">&#8230;Sigue leyendo en eldiario.es<\/a><\/em><\/p>\n\n\n\n<p class=\"has-background has-very-light-gray-background-color\">La foto de apertura es de \u00d3scar Rodr\u00edguez. Es una ma\u00f1ana en la que coincidimos algunos periodistas (a la izquierda, unas chicas de La Sexta) y familiares impulsores del memorial. A la derecha de la foto, se me ve hablando con el artista creador del memorial.<\/p>\n","protected":false},"excerpt":{"rendered":"<p>Se cre\u00f3 para responder a la petici\u00f3n de los familiares de las v\u00edctimas de la posguerra y ha terminado siendo un desprecio hacia ellas. El memorial de La Almudena ha costado unos 604.000 euros pero el consistorio solo ha tenido que aportar unos 3.000 euros de m\u00e1s por la resignificaci\u00f3n.<\/p>\n","protected":false},"author":1,"featured_media":2002003134,"comment_status":"closed","ping_status":"closed","sticky":false,"template":"","format":"standard","meta":{"footnotes":""},"categories":[],"tags":[],"class_list":["post-2002003133","post","type-post","status-publish","format-standard","has-post-thumbnail","hentry"],"_links":{"self":[{"href":"https:\/\/www.elenacabrera.com\/weblog3\/wp-json\/wp\/v2\/posts\/2002003133","targetHints":{"allow":["GET"]}}],"collection":[{"href":"https:\/\/www.elenacabrera.com\/weblog3\/wp-json\/wp\/v2\/posts"}],"about":[{"href":"https:\/\/www.elenacabrera.com\/weblog3\/wp-json\/wp\/v2\/types\/post"}],"author":[{"embeddable":true,"href":"https:\/\/www.elenacabrera.com\/weblog3\/wp-json\/wp\/v2\/users\/1"}],"replies":[{"embeddable":true,"href":"https:\/\/www.elenacabrera.com\/weblog3\/wp-json\/wp\/v2\/comments?post=2002003133"}],"version-history":[{"count":1,"href":"https:\/\/www.elenacabrera.com\/weblog3\/wp-json\/wp\/v2\/posts\/2002003133\/revisions"}],"predecessor-version":[{"id":2002003135,"href":"https:\/\/www.elenacabrera.com\/weblog3\/wp-json\/wp\/v2\/posts\/2002003133\/revisions\/2002003135"}],"wp:featuredmedia":[{"embeddable":true,"href":"https:\/\/www.elenacabrera.com\/weblog3\/wp-json\/wp\/v2\/media\/2002003134"}],"wp:attachment":[{"href":"https:\/\/www.elenacabrera.com\/weblog3\/wp-json\/wp\/v2\/media?parent=2002003133"}],"wp:term":[{"taxonomy":"category","embeddable":true,"href":"https:\/\/www.elenacabrera.com\/weblog3\/wp-json\/wp\/v2\/categories?post=2002003133"},{"taxonomy":"post_tag","embeddable":true,"href":"https:\/\/www.elenacabrera.com\/weblog3\/wp-json\/wp\/v2\/tags?post=2002003133"}],"curies":[{"name":"wp","href":"https:\/\/api.w.org\/{rel}","templated":true}]}}