{"id":2002003139,"date":"2020-02-22T09:45:47","date_gmt":"2020-02-22T07:45:47","guid":{"rendered":"http:\/\/www.elenacabrera.com\/weblog\/?p=2002003139"},"modified":"2020-02-23T09:58:06","modified_gmt":"2020-02-23T07:58:06","slug":"la-guardia-malpagada-y-a-la-carrera-de-una-abogada-del-turno-de-oficio","status":"publish","type":"post","link":"https:\/\/www.elenacabrera.com\/weblog3\/2020\/02\/22\/la-guardia-malpagada-y-a-la-carrera-de-una-abogada-del-turno-de-oficio\/","title":{"rendered":"La guardia malpagada y a la carrera de una abogada del turno de oficio"},"content":{"rendered":"\n<p>A las 7:30 de la ma\u00f1ana, M\u00f3nica Pinedo recibe la primera llamada de la coordinaci\u00f3n del turno de oficio. A otros abogados les habr\u00e1n llamado mucho antes pero ella est\u00e1 la decimotercera en la lista, as\u00ed que esta noche le han dejado dormir. De todas formas, est\u00e1 nerviosa. Aunque es una mujer tranquila, siempre le entran los nervios en las guardias a pesar de que lleva haci\u00e9ndolas desde hace catorce a\u00f1os. Ha apuntado en un folio que tiene que ir a hacer una asistencia a la comisar\u00eda de Usera, donde custodian a siete detenidos por un robo con fuerza. Le han asignado a uno de ellos. Eso es todo lo que sabe. Cuando se meta al coche, con el folio guardado dentro de una carpetilla en su cartera, pone las manos en el volante y, antes de arrancar, recuerda que su hermano, tambi\u00e9n abogado, le dijo que no perdiera nunca esos nervios, porque en verdad lo que significan es que te importa tu cliente.<\/p>\n\n\n\n<p>Si no fuera porque la mandan a un barrio de Madrid que est\u00e1 a tres cuartos de hora de su domicilio en metro, no habr\u00eda cogido el coche, un autom\u00f3vil al que se le enganchan los pestillos y con el que ni siquiera puede aparcar ya en el interior de la M-30. Por ello, en cada una de las comisar\u00edas que visite durante el d\u00eda, que ser\u00e1 largo, intentar\u00e1 dejarlo en las zonas reservadas para la polic\u00eda, con mejor o peor suerte.<\/p>\n\n\n\n<figure class=\"wp-block-image\"><img loading=\"lazy\" decoding=\"async\" width=\"1024\" height=\"682\" src=\"http:\/\/www.elenacabrera.com\/weblog\/wp-content\/uploads\/photo_2020-02-23_07-56-31-1024x682.jpg\" alt=\"\" class=\"wp-image-2002003141\" srcset=\"https:\/\/www.elenacabrera.com\/weblog3\/wp-content\/uploads\/photo_2020-02-23_07-56-31-1024x682.jpg 1024w, https:\/\/www.elenacabrera.com\/weblog3\/wp-content\/uploads\/photo_2020-02-23_07-56-31-300x200.jpg 300w, https:\/\/www.elenacabrera.com\/weblog3\/wp-content\/uploads\/photo_2020-02-23_07-56-31-768x512.jpg 768w, https:\/\/www.elenacabrera.com\/weblog3\/wp-content\/uploads\/photo_2020-02-23_07-56-31-330x220.jpg 330w, https:\/\/www.elenacabrera.com\/weblog3\/wp-content\/uploads\/photo_2020-02-23_07-56-31.jpg 1280w\" sizes=\"auto, (max-width: 1024px) 100vw, 1024px\" \/><figcaption>Desayunando con M\u00f3nica e Isidro, de Altodo, frente a los juzgados de Plaza Castilla. Foto de \u00c1lvaro Minguito.<\/figcaption><\/figure>\n\n\n\n<p>Como la gran mayor\u00eda de los letrados del turno de oficio, M\u00f3nica ejerce, adem\u00e1s, de manera particular, para as\u00ed completar un sueldo. Del turno no se puede vivir y por eso estos abogados est\u00e1n visibilizando sus protestas. Hoy M\u00f3nica va a hacer procedimientos penales abreviados o juicios r\u00e1pidos: por cada uno de ellos puede cobrar entre 200, si hubiera sobreseimiento o el Juzgado lo transformara en delito leve, y 360 euros si no hay conformidad y se acaba celebrando un juicio oral. A estas cantidades, que ella considera \u201cindignas\u201d, tendr\u00e1 que restarle el IRPF. Si el enjuiciamiento correspondiera a la Audiencia Provincial, la indemnizaci\u00f3n, que es el nombre que se le da a lo que cobran los abogados del turno de oficio, llegar\u00eda a 400 euros. Eso lo paga la comunidad aut\u00f3noma en aquellos territorios con competencias transferidas. Pero hay tribunales que dependen del Ministerio de Justicia, como la Audiencia Nacional. All\u00ed las indemnizaciones no son mucho m\u00e1s altas: 270 euros y 108 euros m\u00e1s si es considerado de especial complejidad. Por cada mil folios, 22 euros m\u00e1s. El pasado mes de diciembre, un comunicado del Ministerio de Justicia anunci\u00f3 que dejar\u00eda de abonar la retribuci\u00f3n a las abogadas y abogados designados de oficio en aquellos asuntos en los que no se reconozca el derecho a asistencia jur\u00eddica gratuita a sus defendidos, bien porque no le corresponda o porque el justiciable no aport\u00f3 la documentaci\u00f3n requerida. En Madrid, esto afectar\u00eda a la Audiencia Nacional y a los recursos de casaci\u00f3n, amparo y apelaci\u00f3n. Pero hay cinco comunidades aut\u00f3nomas (Castilla-La Mancha, Castilla y Le\u00f3n, Extremadura, Murcia y Baleares) y ambas ciudades aut\u00f3nomas sin competencias, por lo que en estos lugares les afecta de lleno. Si se deniega la justicia gratuita y la persona no paga, el abogado o la abogada, no cobra: trabaja gratis. M\u00f3nica pone el coche, el tel\u00e9fono, los folios, por mencionar solo la parte material. Los conocimientos jur\u00eddicos, la humanidad necesaria para tranquilizar a sus defendidos, la preocupaci\u00f3n, las llamadas de los familiares, los toma y dacas de la comisar\u00eda, los roces en los juzgados, los desprecios que recibe, la manera de solucionar las carencias de tiempos y medios\u2026 eso no est\u00e1 pagado, a veces literalmente.<\/p>\n\n\n\n<p style=\"text-align:right\"><em><a rel=\"noreferrer noopener\" aria-label=\"...Sigue leyendo en El Salto. (abre en una nueva pesta\u00f1a)\" href=\"https:\/\/www.elsaltodiario.com\/justicia\/la-guardia-malpagada-y-a-la-carrera-de-una-abogada-del-turno-de-oficio\" target=\"_blank\">&#8230;Sigue leyendo en El Salto.<\/a><\/em><\/p>\n\n\n\n<figure class=\"wp-block-image\"><img loading=\"lazy\" decoding=\"async\" width=\"1024\" height=\"682\" src=\"http:\/\/www.elenacabrera.com\/weblog\/wp-content\/uploads\/photo_2020-02-23_07-56-34-1024x682.jpg\" alt=\"\" class=\"wp-image-2002003143\" srcset=\"https:\/\/www.elenacabrera.com\/weblog3\/wp-content\/uploads\/photo_2020-02-23_07-56-34-1024x682.jpg 1024w, https:\/\/www.elenacabrera.com\/weblog3\/wp-content\/uploads\/photo_2020-02-23_07-56-34-300x200.jpg 300w, https:\/\/www.elenacabrera.com\/weblog3\/wp-content\/uploads\/photo_2020-02-23_07-56-34-768x512.jpg 768w, https:\/\/www.elenacabrera.com\/weblog3\/wp-content\/uploads\/photo_2020-02-23_07-56-34-330x220.jpg 330w, https:\/\/www.elenacabrera.com\/weblog3\/wp-content\/uploads\/photo_2020-02-23_07-56-34.jpg 1280w\" sizes=\"auto, (max-width: 1024px) 100vw, 1024px\" \/><figcaption>Un caf\u00e9 y una entrevista antes de entrar al juzgado. Buen desayuno. Foto de \u00c1lvaro Minguito.<\/figcaption><\/figure>\n\n\n\n<p style=\"text-align:left\" class=\"has-background has-very-light-gray-background-color\">Este reportaje tiene dos versiones. La que se puede leer siguiendo el enlace de m\u00e1s arriba es la publicada en la web de El Salto, que es algo m\u00e1s larga y completa que la aparecida en el peri\u00f3dico de febrero (en papel).<br>La historia sigue durante dos d\u00edas a una abogada del turno de oficio, por diferentes comisar\u00edas de Madrid y en los juzgados de Plaza Castilla, durante una guardia.<br>Las fotos son de \u00c1lvaro Minguito.<\/p>\n\n\n\n<p><\/p>\n\n\n\n<p><\/p>\n","protected":false},"excerpt":{"rendered":"<p>El trabajo de los letrados encargados de la justicia gratuita es hoy en d\u00eda inabarcable en una precaria profesi\u00f3n de la que depende la defensa de los acusados con menos recursos. El sector prepara protestas en varias comunidades.<\/p>\n","protected":false},"author":1,"featured_media":2002003140,"comment_status":"closed","ping_status":"closed","sticky":false,"template":"","format":"standard","meta":{"footnotes":""},"categories":[],"tags":[],"class_list":["post-2002003139","post","type-post","status-publish","format-standard","has-post-thumbnail","hentry"],"_links":{"self":[{"href":"https:\/\/www.elenacabrera.com\/weblog3\/wp-json\/wp\/v2\/posts\/2002003139","targetHints":{"allow":["GET"]}}],"collection":[{"href":"https:\/\/www.elenacabrera.com\/weblog3\/wp-json\/wp\/v2\/posts"}],"about":[{"href":"https:\/\/www.elenacabrera.com\/weblog3\/wp-json\/wp\/v2\/types\/post"}],"author":[{"embeddable":true,"href":"https:\/\/www.elenacabrera.com\/weblog3\/wp-json\/wp\/v2\/users\/1"}],"replies":[{"embeddable":true,"href":"https:\/\/www.elenacabrera.com\/weblog3\/wp-json\/wp\/v2\/comments?post=2002003139"}],"version-history":[{"count":3,"href":"https:\/\/www.elenacabrera.com\/weblog3\/wp-json\/wp\/v2\/posts\/2002003139\/revisions"}],"predecessor-version":[{"id":2002003145,"href":"https:\/\/www.elenacabrera.com\/weblog3\/wp-json\/wp\/v2\/posts\/2002003139\/revisions\/2002003145"}],"wp:featuredmedia":[{"embeddable":true,"href":"https:\/\/www.elenacabrera.com\/weblog3\/wp-json\/wp\/v2\/media\/2002003140"}],"wp:attachment":[{"href":"https:\/\/www.elenacabrera.com\/weblog3\/wp-json\/wp\/v2\/media?parent=2002003139"}],"wp:term":[{"taxonomy":"category","embeddable":true,"href":"https:\/\/www.elenacabrera.com\/weblog3\/wp-json\/wp\/v2\/categories?post=2002003139"},{"taxonomy":"post_tag","embeddable":true,"href":"https:\/\/www.elenacabrera.com\/weblog3\/wp-json\/wp\/v2\/tags?post=2002003139"}],"curies":[{"name":"wp","href":"https:\/\/api.w.org\/{rel}","templated":true}]}}