{"id":2002003147,"date":"2020-03-05T23:26:26","date_gmt":"2020-03-05T21:26:26","guid":{"rendered":"http:\/\/www.elenacabrera.com\/weblog\/?p=2002003147"},"modified":"2020-03-10T23:23:33","modified_gmt":"2020-03-10T21:23:33","slug":"la-amenaza-de-las-armas-nucleares","status":"publish","type":"post","link":"https:\/\/www.elenacabrera.com\/weblog3\/2020\/03\/05\/la-amenaza-de-las-armas-nucleares\/","title":{"rendered":"La amenaza de las armas nucleares"},"content":{"rendered":"\n<p><strong>Dentro de unos d\u00edas tendremos una charla coloquio titulada \u00abAmenazas globales. Amenazas existenciales. Armas nucleares. Cambio clim\u00e1tico\u00bb<\/strong> <strong>con el activista costarricense Carlos Uma\u00f1a, miembro del Grupo Directivo Internacional de la Campa\u00f1a Internacional para Abolir las Armas Nucleares (ICAN), acompa\u00f1ado de Jorge Lobo, investigador del Museo Nacional de Ciencias Naturales del CSIC. El 13 de marzo a las 19:00 en el Sal\u00f3n de Actos de la Escuela Popular de Prosperidad (calle Luis Cabrera, 19. Madrid).<\/strong><\/p>\n\n\n\n<p>El \u00faltimo aviso del Bolet\u00edn de los Cient\u00edficos At\u00f3micos acerca el Reloj del Juicio Final a s\u00f3lo 100 segundos del apocalipsis. La humanidad contin\u00faa enfrentando dos grandes peligros existenciales simult\u00e1neos, la guerra nuclear y el cambio clim\u00e1tico, que se ven agravadas por un multiplicador de amenazas, la guerra de informaci\u00f3n cibern\u00e9tica, que socava la capacidad de la sociedad para responder. La situaci\u00f3n de seguridad internacional es grave, no solo porque existen estas amenazas existenciales, sino porque los l\u00edderes mundiales han permitido que la infraestructura pol\u00edtica internacional para gestionarlos se erosione.<\/p>\n\n\n\n<p>La Escuela Popular de Prosperidad acoge este <strong>viernes 13 de marzo<\/strong> una charla coloquio con preguntas abiertas sobre las amenazas que representan las armas nucleares, el cambio clim\u00e1tico y la ciberguerra combinadas en el tiempo.  <\/p>\n\n\n\n<p>En la <strong>Escuela Popular de Prosperidad<\/strong>, a partir de las 19:00 horas, nos acompa\u00f1ar\u00e1 <strong>Carlos Uma\u00f1a<\/strong> m\u00e9dico, artista pl\u00e1stico y activista costarricense. Uma\u00f1a es vicepresidente regional de IPPNW, la Asociaci\u00f3n Internacional de M\u00e9dicos para la Prevenci\u00f3n de la Guerra Nuclear (Premio Nobel de la Paz 1985) y miembro del <strong>Grupo Directivo Internacional de la Campa\u00f1a Internacional para Abolir las Armas Nucleares, ICAN,<\/strong> (Premio Nobel de la Paz 2017).  <\/p>\n\n\n\n<p>Carlos Uma\u00f1a es presidente y cofundador de Artistas por la Paz en Costa Rica. Es presidente del colectivo pro-derechos humanos Paz y Diversidad y premio internacional Alan Turing LGBTIQ 2018 en Organizaci\u00f3n Social. Su labor se ha centrado en promover la conciencia sobre las consecuencias humanitarias de las armas nucleares y, a trav\u00e9s del desarme humanitario, en generar la relevancia pol\u00edtica y promover la universalizaci\u00f3n del Tratado sobre la Prohibici\u00f3n de las Armas Nucleares (TPAN). Ha trabajado en varios foros internacionales, procurando el apoyo a dicho tratado y la participaci\u00f3n activa de varios pa\u00edses, especialmente de Latinoam\u00e9rica y el Caribe. <strong>Carlos Uma\u00f1a nos hablar\u00e1 del desarme nuclear humanitario y el Tratado sobre la Prohibici\u00f3n de las Armas Nucleares propugnado por ICAN.<\/strong>  <\/p>\n\n\n\n<p>Nos acompa\u00f1ar\u00e1 tambi\u00e9n <strong>Jorge Lobo<\/strong>, investigador del Museo Nacional de Ciencias Naturales de<strong>l CSIC<\/strong>. Lobo es divulgador cient\u00edfico, activo y cr\u00edtico, sobre la amenaza que supone el cambio clim\u00e1tico para la biodiversidad del planeta. Como investigador se centra en la descripci\u00f3n de patrones de biodiversidad, en la delimitaci\u00f3n de los procesos que los generan, en la realizaci\u00f3n de modelos capaces de predecir el nicho y la distribuci\u00f3n geogr\u00e1fica de organismos, la selecci\u00f3n de reservas, los efectos del cambio global y la delimitaci\u00f3n de los inconvenientes y posibilidades de la informaci\u00f3n disponible sobre la biodiversidad.<\/p>\n\n\n\n<p>Moderan los periodistas <strong>Elena Cabrera y Alejandro Sacrist\u00e1n<\/strong>.  <\/p>\n\n\n\n<p>Interviene el <strong>Coro de Extinction Rebellion Madrid<\/strong>.  <\/p>\n","protected":false},"excerpt":{"rendered":"<p>Encuentro con el activista costarricense Carlos Uma\u00f1a, miembro del Grupo Directivo Internacional de la Campa\u00f1a Internacional para Abolir las Armas Nucleares (ICAN), acompa\u00f1ado de Jorge Lobo, investigador del Museo Nacional de Ciencias Naturales del CSIC. El 13 de marzo a las 19:30 en el Sal\u00f3n de Actos de la Escuela Popular de Prosperidad (calle Luis Cabrera, 19. Madrid).<\/p>\n","protected":false},"author":1,"featured_media":2002003148,"comment_status":"closed","ping_status":"closed","sticky":false,"template":"","format":"standard","meta":{"footnotes":""},"categories":[],"tags":[],"class_list":["post-2002003147","post","type-post","status-publish","format-standard","has-post-thumbnail","hentry"],"_links":{"self":[{"href":"https:\/\/www.elenacabrera.com\/weblog3\/wp-json\/wp\/v2\/posts\/2002003147","targetHints":{"allow":["GET"]}}],"collection":[{"href":"https:\/\/www.elenacabrera.com\/weblog3\/wp-json\/wp\/v2\/posts"}],"about":[{"href":"https:\/\/www.elenacabrera.com\/weblog3\/wp-json\/wp\/v2\/types\/post"}],"author":[{"embeddable":true,"href":"https:\/\/www.elenacabrera.com\/weblog3\/wp-json\/wp\/v2\/users\/1"}],"replies":[{"embeddable":true,"href":"https:\/\/www.elenacabrera.com\/weblog3\/wp-json\/wp\/v2\/comments?post=2002003147"}],"version-history":[{"count":5,"href":"https:\/\/www.elenacabrera.com\/weblog3\/wp-json\/wp\/v2\/posts\/2002003147\/revisions"}],"predecessor-version":[{"id":2002003153,"href":"https:\/\/www.elenacabrera.com\/weblog3\/wp-json\/wp\/v2\/posts\/2002003147\/revisions\/2002003153"}],"wp:featuredmedia":[{"embeddable":true,"href":"https:\/\/www.elenacabrera.com\/weblog3\/wp-json\/wp\/v2\/media\/2002003148"}],"wp:attachment":[{"href":"https:\/\/www.elenacabrera.com\/weblog3\/wp-json\/wp\/v2\/media?parent=2002003147"}],"wp:term":[{"taxonomy":"category","embeddable":true,"href":"https:\/\/www.elenacabrera.com\/weblog3\/wp-json\/wp\/v2\/categories?post=2002003147"},{"taxonomy":"post_tag","embeddable":true,"href":"https:\/\/www.elenacabrera.com\/weblog3\/wp-json\/wp\/v2\/tags?post=2002003147"}],"curies":[{"name":"wp","href":"https:\/\/api.w.org\/{rel}","templated":true}]}}