{"id":2002003154,"date":"2020-03-11T00:15:13","date_gmt":"2020-03-10T22:15:13","guid":{"rendered":"http:\/\/www.elenacabrera.com\/weblog\/?p=2002003154"},"modified":"2020-03-13T20:53:42","modified_gmt":"2020-03-13T18:53:42","slug":"diario-de-la-cuarentena-del-coronavirus-1","status":"publish","type":"post","link":"https:\/\/www.elenacabrera.com\/weblog3\/2020\/03\/11\/diario-de-la-cuarentena-del-coronavirus-1\/","title":{"rendered":"Diario del coronavirus (1)"},"content":{"rendered":"\n<p>No tengo coronavirus. Si lo tuviera (\u00bfc\u00f3mo s\u00e9 que realmente no lo tengo?), mi vida tampoco ser\u00eda tan diferente. En realidad, el coronavirus se ha convertido en un virus social, pol\u00edtico y econ\u00f3mico que nos ha infectado a todos.<\/p>\n\n\n\n<p>Nunca he visto un nivel de impacto semejante. Salvo quiz\u00e1s en el 11-M. No es lo mismo, ya lo s\u00e9. El atentado nos dej\u00f3 en shock, en dolor y, al poco rato, en reacci\u00f3n total. La onda expansiva del coronavirus es diferente: es como si el estallido no llegara nunca.<\/p>\n\n\n\n<p>Ayer por la noche, cuando estaba a punto de llegar a casa del trabajo, se anunci\u00f3 que a partir de ma\u00f1ana se suspender\u00edan las clases en los colegios durante dos semanas. Eso nos sit\u00faa a las madrile\u00f1as y los madrile\u00f1os en algo parecido a un Estado de excepci\u00f3n. Los grupos de WhatsApp y las notificaciones de los medios casi me agotan la bater\u00eda en pocos minutos. De repente, el virus era real y ten\u00eda forma de ni\u00f1a en casa, de colegio cerrado, de vida patas arriba.<\/p>\n\n\n\n<p>En mi oficina, hoy hemos organizado el trabajo (que ser\u00e1 teletrabajo) para los pr\u00f3ximos quince d\u00edas. A partir de ma\u00f1ana tengo que traducir un libro de 300 p\u00e1ginas, as\u00ed que da igual donde est\u00e9 la silla en la que me siente. El problema de la empresa no es ese. Hay preocupaciones mayores, como la producci\u00f3n que se fabrica en China, que lleva parada desde hace semanas, y las ventas, que previsiblemente har\u00e1n un destrozo en las previsiones de marzo y abril. Cuando pienso que hay miles de empresas como esta en la que yo trabajo, afectadas de igual manera, me doy cuenta de que esto va a tener consecuencias m\u00e1s graves que las que imagin\u00e9 en un principio.<\/p>\n\n\n\n<figure class=\"wp-block-image\"><img loading=\"lazy\" decoding=\"async\" width=\"576\" height=\"1024\" src=\"http:\/\/www.elenacabrera.com\/weblog\/wp-content\/uploads\/IMG-20200309-WA0013-576x1024.jpg\" alt=\"\" class=\"wp-image-2002003157\" srcset=\"https:\/\/www.elenacabrera.com\/weblog3\/wp-content\/uploads\/IMG-20200309-WA0013-576x1024.jpg 576w, https:\/\/www.elenacabrera.com\/weblog3\/wp-content\/uploads\/IMG-20200309-WA0013-169x300.jpg 169w, https:\/\/www.elenacabrera.com\/weblog3\/wp-content\/uploads\/IMG-20200309-WA0013.jpg 750w\" sizes=\"auto, (max-width: 576px) 100vw, 576px\" \/><\/figure>\n\n\n\n<p>Hay conversaciones de todo tipo, pero pr\u00e1cticamente todas tienen al coronavirus como sujeto o como complemento directo o indirecto. Hay teor\u00edas conspiranoicas, hay hip\u00f3tesis y proyecciones m\u00e1s o menos aventuradas, hay datos saltando de mano en mano. Hay mucha ansiedad por saberlo todo, por ser un experto en el tema.<\/p>\n\n\n\n<p>En el metro hoy hab\u00eda m\u00e1s mascarillas que los d\u00edas anteriores, pero a\u00fan as\u00ed es anecd\u00f3tico: habr\u00e9 visto unas diez o quince en un trayecto de una hora. <\/p>\n\n\n\n<p>Lo que no descansa es el humor, no paro de recibir audios y memes. A falta de otra vacuna, con esta vamos tirando.<\/p>\n\n\n\n<figure class=\"wp-block-image\"><img loading=\"lazy\" decoding=\"async\" width=\"768\" height=\"1024\" src=\"http:\/\/www.elenacabrera.com\/weblog\/wp-content\/uploads\/IMG-20200310-WA0002-768x1024.jpg\" alt=\"\" class=\"wp-image-2002003158\" srcset=\"https:\/\/www.elenacabrera.com\/weblog3\/wp-content\/uploads\/IMG-20200310-WA0002-768x1024.jpg 768w, https:\/\/www.elenacabrera.com\/weblog3\/wp-content\/uploads\/IMG-20200310-WA0002-225x300.jpg 225w, https:\/\/www.elenacabrera.com\/weblog3\/wp-content\/uploads\/IMG-20200310-WA0002.jpg 1200w\" sizes=\"auto, (max-width: 768px) 100vw, 768px\" \/><\/figure>\n\n\n\n<figure class=\"wp-block-image\"><img loading=\"lazy\" decoding=\"async\" width=\"724\" height=\"1024\" src=\"http:\/\/www.elenacabrera.com\/weblog\/wp-content\/uploads\/IMG_20200305_065840-724x1024.jpg\" alt=\"\" class=\"wp-image-2002003159\" srcset=\"https:\/\/www.elenacabrera.com\/weblog3\/wp-content\/uploads\/IMG_20200305_065840-724x1024.jpg 724w, https:\/\/www.elenacabrera.com\/weblog3\/wp-content\/uploads\/IMG_20200305_065840-212x300.jpg 212w, https:\/\/www.elenacabrera.com\/weblog3\/wp-content\/uploads\/IMG_20200305_065840-768x1086.jpg 768w\" sizes=\"auto, (max-width: 724px) 100vw, 724px\" \/><\/figure>\n\n\n\n<p>En el momento de escribir estas l\u00edneas, de iniciar este diario, hay 1.639 <a rel=\"noreferrer noopener\" aria-label=\"casos confirmados (abre en una nueva pesta\u00f1a)\" href=\"https:\/\/www.mscbs.gob.es\/profesionales\/saludPublica\/ccayes\/alertasActual\/nCov-China\/situacionActual.htm\" target=\"_blank\">casos confirmados<\/a> en Espa\u00f1a (101 ingresados en UCI y 36 fallecidos), 15.651 en Europa y 114.600 en el mundo. De todos esos, conozco dos. No s\u00e9 si a Ortega Smith lo podemos sumar como un tercero. En Madrid, adem\u00e1s de las clases, se han cerrado los polideportivos y las competiciones municipales (adi\u00f3s la partido del Eijo Garay contra Estudiantes Las Tablas), se han cancelado ferias y encuentros de todo tipo, \u00a1y hasta la excursi\u00f3n del AMPA que ten\u00edamos este domingo!<\/p>\n\n\n\n<figure class=\"wp-block-image\"><img loading=\"lazy\" decoding=\"async\" width=\"657\" height=\"1024\" src=\"http:\/\/www.elenacabrera.com\/weblog\/wp-content\/uploads\/IMG-20200310-WA0009-657x1024.jpg\" alt=\"\" class=\"wp-image-2002003160\" srcset=\"https:\/\/www.elenacabrera.com\/weblog3\/wp-content\/uploads\/IMG-20200310-WA0009-657x1024.jpg 657w, https:\/\/www.elenacabrera.com\/weblog3\/wp-content\/uploads\/IMG-20200310-WA0009-193x300.jpg 193w, https:\/\/www.elenacabrera.com\/weblog3\/wp-content\/uploads\/IMG-20200310-WA0009-768x1196.jpg 768w, https:\/\/www.elenacabrera.com\/weblog3\/wp-content\/uploads\/IMG-20200310-WA0009.jpg 1027w\" sizes=\"auto, (max-width: 657px) 100vw, 657px\" \/><\/figure>\n\n\n\n<p>El <a href=\"http:\/\/www.elenacabrera.com\/weblog\/la-amenaza-de-las-armas-nucleares\/\" target=\"_blank\" rel=\"noreferrer noopener\" aria-label=\"encuentro que hemos preparado con Carlos Uma\u00f1a para este viernes (abre en una nueva pesta\u00f1a)\">encuentro que hemos preparado con Carlos Uma\u00f1a para este viernes<\/a> en la Escuela de la Prospe, por ahora, sigue en pie. Del concierto de Sisters of Mercy del 4 de abril me temo lo peor, pues se realizar en <a rel=\"noreferrer noopener\" aria-label=\"un aforo de m\u00e1s de mil personas (abre en una nueva pesta\u00f1a)\" href=\"https:\/\/www.eldiario.es\/sociedad\/Sanidad-consejo-ministros-medidas_0_1004400105.html\" target=\"_blank\">un aforo de m\u00e1s de mil personas<\/a> y entra dentro del periodo de suspensi\u00f3n.<\/p>\n\n\n\n<p>Se han suspendido las Fallas. Ahora s\u00ed que se hunde Espa\u00f1a.<\/p>\n\n\n\n<figure class=\"wp-block-image\"><img loading=\"lazy\" decoding=\"async\" width=\"960\" height=\"959\" src=\"http:\/\/www.elenacabrera.com\/weblog\/wp-content\/uploads\/IMG-20200310-WA0008.jpg\" alt=\"\" class=\"wp-image-2002003161\" srcset=\"https:\/\/www.elenacabrera.com\/weblog3\/wp-content\/uploads\/IMG-20200310-WA0008.jpg 960w, https:\/\/www.elenacabrera.com\/weblog3\/wp-content\/uploads\/IMG-20200310-WA0008-150x150.jpg 150w, https:\/\/www.elenacabrera.com\/weblog3\/wp-content\/uploads\/IMG-20200310-WA0008-300x300.jpg 300w, https:\/\/www.elenacabrera.com\/weblog3\/wp-content\/uploads\/IMG-20200310-WA0008-768x767.jpg 768w\" sizes=\"auto, (max-width: 960px) 100vw, 960px\" \/><\/figure>\n","protected":false},"excerpt":{"rendered":"<p>No tengo coronavirus. Si lo tuviera (\u00bfc\u00f3mo s\u00e9 que realmente no lo tengo?), mi vida tampoco ser\u00eda tan diferente. En realidad, el coronavirus se ha convertido en un virus social, pol\u00edtico y econ\u00f3mico que nos ha infectado a todos. Nunca he visto un nivel de impacto semejante. Salvo quiz\u00e1s en el 11-M. No es lo [&hellip;]<\/p>\n","protected":false},"author":1,"featured_media":2002003156,"comment_status":"closed","ping_status":"closed","sticky":false,"template":"","format":"standard","meta":{"footnotes":""},"categories":[],"tags":[],"class_list":["post-2002003154","post","type-post","status-publish","format-standard","has-post-thumbnail","hentry"],"_links":{"self":[{"href":"https:\/\/www.elenacabrera.com\/weblog3\/wp-json\/wp\/v2\/posts\/2002003154","targetHints":{"allow":["GET"]}}],"collection":[{"href":"https:\/\/www.elenacabrera.com\/weblog3\/wp-json\/wp\/v2\/posts"}],"about":[{"href":"https:\/\/www.elenacabrera.com\/weblog3\/wp-json\/wp\/v2\/types\/post"}],"author":[{"embeddable":true,"href":"https:\/\/www.elenacabrera.com\/weblog3\/wp-json\/wp\/v2\/users\/1"}],"replies":[{"embeddable":true,"href":"https:\/\/www.elenacabrera.com\/weblog3\/wp-json\/wp\/v2\/comments?post=2002003154"}],"version-history":[{"count":4,"href":"https:\/\/www.elenacabrera.com\/weblog3\/wp-json\/wp\/v2\/posts\/2002003154\/revisions"}],"predecessor-version":[{"id":2002003177,"href":"https:\/\/www.elenacabrera.com\/weblog3\/wp-json\/wp\/v2\/posts\/2002003154\/revisions\/2002003177"}],"wp:featuredmedia":[{"embeddable":true,"href":"https:\/\/www.elenacabrera.com\/weblog3\/wp-json\/wp\/v2\/media\/2002003156"}],"wp:attachment":[{"href":"https:\/\/www.elenacabrera.com\/weblog3\/wp-json\/wp\/v2\/media?parent=2002003154"}],"wp:term":[{"taxonomy":"category","embeddable":true,"href":"https:\/\/www.elenacabrera.com\/weblog3\/wp-json\/wp\/v2\/categories?post=2002003154"},{"taxonomy":"post_tag","embeddable":true,"href":"https:\/\/www.elenacabrera.com\/weblog3\/wp-json\/wp\/v2\/tags?post=2002003154"}],"curies":[{"name":"wp","href":"https:\/\/api.w.org\/{rel}","templated":true}]}}