{"id":2002003191,"date":"2020-03-18T18:49:01","date_gmt":"2020-03-18T16:49:01","guid":{"rendered":"http:\/\/www.elenacabrera.com\/weblog\/?p=2002003191"},"modified":"2020-03-21T21:13:34","modified_gmt":"2020-03-21T19:13:34","slug":"diario-del-coronavirus-6","status":"publish","type":"post","link":"https:\/\/www.elenacabrera.com\/weblog3\/2020\/03\/18\/diario-del-coronavirus-6\/","title":{"rendered":"Diario del coronavirus (6): Necesitamos al Ej\u00e9rcito para que nos organice los deberes"},"content":{"rendered":"\n<p>En aquella inconsciencia de los primeros d\u00edas hubo un momento en el que dijimos: esto nos va a venir fenomenal para volver al gimnasio. Hac\u00eda un par de semanas que no nos ve\u00edan el pelo por all\u00ed. Eso s\u00ed, nos dijimos: con precauciones; de sauna, nada. \u00bfSeguro que sauna, no? Si nunca hay nadie. Tuvimos un momento de duda. Por si las moscas, dijimos en voz baja. Al rato, dijimos \u00bfy las clases? Hombre, las clases\u2026 Despu\u00e9s de pensarlo unas horas, convinimos en que quiz\u00e1 el aula de las clases colectivas era demasiado peque\u00f1a y se sudaba mucho. Quedaban, pues, medio descartadas, pero no del todo. \u00bfBicicleta s\u00ed que s\u00ed, verdad? \u00a1Claro! Las bicis s\u00ed\u2026 Bueno, igual intentando no tocarlas mucho.<\/p>\n\n\n\n<p>S\u00ed, as\u00ed \u00e9ramos en aquellos tiempos en los que nos cuesta hoy reconocernos, y no han pasado ni seis d\u00edas. De tanto imaginar los gimnasios como no lugares ballardianos, nos hemos acabado creyendo que son lugares de excepci\u00f3n, donde el tiempo ha quedado detenido en una realidad musculosa alternativa. El viernes 13 por la ma\u00f1ana el gimnasio se pon\u00eda en contacto con nosotros, \u201cdebido a la situaci\u00f3n de Madrid\u201d hab\u00eda decidido reducir el horario y suspender las clases. El caso es que, entre la pereza y la precauci\u00f3n, no hab\u00edamos llegado a ir. No fue hasta bien entrada la tarde de ese mismo d\u00eda que recibimos un nuevo comunicado hablando de \u201cla situaci\u00f3n\u201d y avisando de que se ven \u201cobligados\u201d a cerrar las instalaciones. En su universo de brillantes teles de plasma sin sonido, reguet\u00f3n volumen discoteca y el\u00edpticas a pleno rendimiento, la situaci\u00f3n esa que no se atreven a nombrar es inconcebible.<\/p>\n\n\n\n<p>Que sep\u00e1is que vamos a engordar. Esto es as\u00ed. (Y no hablo solo de nosotros, vosotros tambi\u00e9n). Tampoco estoy diciendo que hubi\u00e9ramos ido mogoll\u00f3n al gimnasio sin \u201cesta situaci\u00f3n\u201d pero, en fin, supongo que dentro de unos d\u00edas acabaremos sacando las esterillas de yoga de debajo de la cama y haciendo caso de alguno de los mil videos e im\u00e1genes que nos env\u00edan para mantenerse en forma durante la cuarentena. Como nosotros, habr\u00e9is recibido much\u00edsimas sugerencias sobre qu\u00e9 hacer para no aburrirse estos d\u00edas. Una cosa os digo: ojal\u00e1 tuviera tiempo para aburrirme. El trabajo, los deberes, la limpieza de la casa, la comida, los grupos de WhatsApp\u2026 estoy agotada. Para colmo, Alberto se ha suscrito a una plataforma digital que antes no ten\u00edamos&#8230; vamos a explotar.<\/p>\n\n\n\n<p style=\"text-align:right\"><em><a href=\"https:\/\/www.eldiario.es\/nidos\/Necesitamos-Ejercito-organice-deberes_0_1006500608.html\" target=\"_blank\" rel=\"noreferrer noopener\" aria-label=\"...sigue leyendo en eldiario.es (abre en una nueva pesta\u00f1a)\">&#8230;sigue leyendo en eldiario.es<\/a><\/em><\/p>\n\n\n\n<p class=\"has-background has-very-light-gray-background-color\">Esta entrada forma parte de un diario personal escrito durante la cuarentena del coronavirus para eldiario.es Puedes leer todas las entregas aqu\u00ed:<br><strong><a href=\"https:\/\/www.eldiario.es\/temas\/diario_del_coronavirus\/\">Diario del coronavirus.<\/a><\/strong><\/p>\n\n\n\n<p><\/p>\n","protected":false},"excerpt":{"rendered":"<p>Necesitamos al Ej\u00e9rcito para que nos organice los deberes.<\/p>\n","protected":false},"author":1,"featured_media":2002003193,"comment_status":"closed","ping_status":"closed","sticky":false,"template":"","format":"standard","meta":{"footnotes":""},"categories":[],"tags":[],"class_list":["post-2002003191","post","type-post","status-publish","format-standard","has-post-thumbnail","hentry"],"_links":{"self":[{"href":"https:\/\/www.elenacabrera.com\/weblog3\/wp-json\/wp\/v2\/posts\/2002003191","targetHints":{"allow":["GET"]}}],"collection":[{"href":"https:\/\/www.elenacabrera.com\/weblog3\/wp-json\/wp\/v2\/posts"}],"about":[{"href":"https:\/\/www.elenacabrera.com\/weblog3\/wp-json\/wp\/v2\/types\/post"}],"author":[{"embeddable":true,"href":"https:\/\/www.elenacabrera.com\/weblog3\/wp-json\/wp\/v2\/users\/1"}],"replies":[{"embeddable":true,"href":"https:\/\/www.elenacabrera.com\/weblog3\/wp-json\/wp\/v2\/comments?post=2002003191"}],"version-history":[{"count":2,"href":"https:\/\/www.elenacabrera.com\/weblog3\/wp-json\/wp\/v2\/posts\/2002003191\/revisions"}],"predecessor-version":[{"id":2002003198,"href":"https:\/\/www.elenacabrera.com\/weblog3\/wp-json\/wp\/v2\/posts\/2002003191\/revisions\/2002003198"}],"wp:featuredmedia":[{"embeddable":true,"href":"https:\/\/www.elenacabrera.com\/weblog3\/wp-json\/wp\/v2\/media\/2002003193"}],"wp:attachment":[{"href":"https:\/\/www.elenacabrera.com\/weblog3\/wp-json\/wp\/v2\/media?parent=2002003191"}],"wp:term":[{"taxonomy":"category","embeddable":true,"href":"https:\/\/www.elenacabrera.com\/weblog3\/wp-json\/wp\/v2\/categories?post=2002003191"},{"taxonomy":"post_tag","embeddable":true,"href":"https:\/\/www.elenacabrera.com\/weblog3\/wp-json\/wp\/v2\/tags?post=2002003191"}],"curies":[{"name":"wp","href":"https:\/\/api.w.org\/{rel}","templated":true}]}}