{"id":200211,"date":"2008-12-04T18:11:18","date_gmt":"2008-12-04T17:11:18","guid":{"rendered":""},"modified":"2009-01-23T18:12:27","modified_gmt":"2009-01-23T17:12:27","slug":"el-crepusculo-del-vampiro-oscuro","status":"publish","type":"post","link":"https:\/\/www.elenacabrera.com\/weblog3\/2008\/12\/04\/el-crepusculo-del-vampiro-oscuro\/","title":{"rendered":"El crep\u00fasculo del vampiro oscuro"},"content":{"rendered":"<p><strong>La adaptaci\u00f3n contempor\u00e1nea del mito vamp\u00edrico nos trae criaturas blanditas, humanizadas, que se enamoran de vivos y se alejan del clan<\/strong><\/p>\n<p><img loading=\"lazy\" decoding=\"async\" class=\"alignleft size-full wp-image-215\" title=\"Crep\u00fasculo\" src=\"http:\/\/www.elenacabrera.com\/weblog\/wp-content\/uploads\/2009\/01\/11.jpg\" alt=\"\" width=\"300\" height=\"199\" \/>Siendo los vampiros, como son, inmortales, (no) viven entre nosotros, ciudadanos del crep\u00fasculo del a\u00f1o 2008, adaptados a nuestra moda, h\u00e1bitos y cultura.<\/p>\n<p>Cuando <strong>Angel<\/strong>, el vampiro con alma creado por <strong>Joss Whedon<\/strong>, conduce un fabuloso convertible por las calles de Los \u00c1ngeles en la serie que lleva su nombre nos parece normal, en lugar de cabalgar el caballo con el que aterrorizaba las aldeas de Ruman\u00eda en el siglo XVIII.<\/p>\n<p>A pesar de que estas criaturas de la noche siempre han estado con nosotros, en los \u00faltimos a\u00f1os se han vuelto m\u00e1s visibles, han salido al <em>mainstream<\/em>, como se dir\u00eda en la serie <em>True blood<\/em>, que Canal + estrena bajo el nombre <em>Sangre fresca<\/em> este mismo jueves. Y esto ha sido gracias -como siempre en los fen\u00f3menos de masas- al p\u00fablico adolescente, que apasionadamente se volc\u00f3 en las novelas de <strong>Stephenie Meyer<\/strong>.<\/p>\n<p><img loading=\"lazy\" decoding=\"async\" class=\"alignleft size-full wp-image-213\" title=\"Vampiros\" src=\"http:\/\/www.elenacabrera.com\/weblog\/wp-content\/uploads\/2009\/01\/1.jpg\" alt=\"\" width=\"300\" height=\"274\" \/>Meyer, <a href=\"http:\/\/www.youtube.com\/watch?v=1SQ9bJIhcJ0&amp;NR=1\" target=\"_BLANK\">como ha confesado en alguna entrevista<\/a>, nunca se hab\u00eda interesado especialmente por los vampiros, ni hab\u00eda le\u00eddo sobre ellos. La idea le vino de un sue\u00f1o en el que una mortal se enamoraba de un vampiro, y corri\u00f3 a escribirlo. El mito vamp\u00edrico est\u00e1 pues impregnado en nuestro subconsciente.<\/p>\n<p><strong>Los Cullen<\/strong> de <em>Crep\u00fasculo<\/em> viven en el pueblo estadounidense de Forks. Son vampiros que simulan llevar una vida normal y corriente, aunque un poco alejada de los humanos. Sus ojos son dorados y sus rasgos terriblemente atractivos. Forma parte del mito la capacidad de encantamiento que estos demonios, bien por su belleza o por sus artes m\u00e1gicas. Recordemos al <strong>Dr\u00e1cula<\/strong> de <strong>Coppola<\/strong> y la influencia, a\u00fan viejo y feo, sobre <strong>Mina Murray<\/strong> \/ <strong>Elisabeta<\/strong>. \u00abPersonalidad, personalidad y personalidad. \u00bfQui\u00e9n dijo que la belleza lo es todo? Ninguno de nosotros, os lo puedo asegurar\u00bb, <a href=\"http:\/\/blogs.plus.es\/vampiros\/2008\/12\/adems-de-ser-fa.html\" target=\"_BLANK\">dicen los vamps que escriben el blog de <em>Sangre fresca<\/em><\/a>.<\/p>\n<p>En jerga urbana, de hoy en d\u00eda, la <a href=\"http:\/\/www.imdb.com\/character\/ch0002558\/\" target=\"_BLANK\">Mina Murray<\/a> de <strong>Bram Stoker<\/strong> (<a href=\"http:\/\/stoker.thefreelibrary.com\/Dracula\" target=\"_BLANK\">puedes leer su novela <em>Dr\u00e1cula<\/em>, en ingl\u00e9s, aqu\u00ed<\/a>) es una <a href=\"http:\/\/blogs.plus.es\/vampiros\/2008\/11\/sexo-con-vampir.html\" target=\"_BLANK\">fangbanger<\/a>, como <strong><a href=\"http:\/\/www.sookiestackhouse.com\/\" target=\"_BLANK\">Sookie Stackhouse<\/a><\/strong> (hero\u00edna de los libros <em>Southern Vampire<\/em> de <strong><a href=\"http:\/\/www.charlaineharris.com\/\" target=\"_BLANK\">Charlaine Harris<\/a><\/strong> en los que se basa <em>True blood<\/em>) ya sabes, una de esas&#8230; que se juntan con esos&#8230; chupasangres.<\/p>\n<p><strong>No s\u00f3lo de sangre de g\u00f3ticos se alimenta el vampiro<\/strong><\/p>\n<p>El movimiento g\u00f3tico ha ayudado a mantener el mito -y el rito- en forma. \u00abEllos entienden\u00bb, dicen los vampiros.<\/p>\n<p><img loading=\"lazy\" decoding=\"async\" class=\"alignleft size-full wp-image-217\" title=\"Vampiros\" src=\"http:\/\/www.elenacabrera.com\/weblog\/wp-content\/uploads\/2009\/01\/13.jpg\" alt=\"\" width=\"300\" height=\"423\" \/>La recuperaci\u00f3n de vampiros ilustres continuar\u00e1 en los pr\u00f3ximos meses con, por ejemplo, <strong>la condesa de Bathory<\/strong>, cuya <a href=\"http:\/\/www.geocities.com\/lacondesabathory\/bathory_peliculas.html\" target=\"_BLANK\">nueva pel\u00edcula dirigida y protagonizada por Julie Delpy<\/a> se estrenar\u00e1 en 2009. La llamada condesa sangrienta fue acusada, juzgada y condenada por asesinar entre 80 y 612 mujeres j\u00f3venes, en cuya sangre se ba\u00f1aba.<\/p>\n<p>Existen reglas que crean g\u00e9nero y pueden ser m\u00e1s o menos flexibles, aunque en pel\u00edculas como <em>Crep\u00fasculo<\/em>, la adaptaci\u00f3n al cine por <strong>Catherine Hardwicke<\/strong> del libro de Meyer, algunas de esas normas se diluyen para permitir el acercamiento entre humanos y vampiros. Estos no-muertos duermen de d\u00eda y viven de noche, no s\u00f3lo porque sus ra\u00edces oscuras les convierten en criaturas de la noche, sino porque no pueden soportar la luz del d\u00eda. Pero, como el objetivo del vampiro moderno es la convivencia, la regla se diluye y acabamos permitiendo que puedan vivir de d\u00eda e incluso exponerse a la luz sino es de forma directa.<\/p>\n<p>Los vampiros personifican la fascinaci\u00f3n por lo prohibido, por ello los adolescentes y aquellos que se apasionan por lo extremo caen tambi\u00e9n en el encantamiento. La sociedad victoriana durante la cual se explot\u00f3 el mito literario era especialmente reprimida, y de ese caldo de cultivo surgi\u00f3 el Dr\u00e1cula de Bram Stoker.<\/p>\n<p>La sociedad de hoy, en cambio, no sufre esa represi\u00f3n y por ello sus vampiros no son terror\u00edficos sino comprensivos y humanizados. Pero lo que s\u00ed hay es una inmensa sed de fantas\u00eda y escapismo, especialmente en los m\u00e1s j\u00f3venes, que buscan un romanticismo est\u00e9tico a cascoporro, algo que los haga diferentes y, a la vez, pertenecientes a un mismo grupo que se reconoce unido, fuerte, especial, fan, fan a muerte.<\/p>\n","protected":false},"excerpt":{"rendered":"<p>La adaptaci\u00f3n contempor\u00e1nea del mito vamp\u00edrico nos trae criaturas blanditas, humanizadas, que se enamoran de vivos y se alejan del clan Siendo los vampiros, como son, inmortales, (no) viven entre nosotros, ciudadanos del crep\u00fasculo del a\u00f1o 2008, adaptados a nuestra moda, h\u00e1bitos y cultura. Cuando Angel, el vampiro con alma creado por Joss Whedon, conduce [&hellip;]<\/p>\n","protected":false},"author":1,"featured_media":0,"comment_status":"open","ping_status":"open","sticky":false,"template":"","format":"standard","meta":{"footnotes":""},"categories":[],"tags":[],"class_list":["post-200211","post","type-post","status-publish","format-standard","hentry"],"_links":{"self":[{"href":"https:\/\/www.elenacabrera.com\/weblog3\/wp-json\/wp\/v2\/posts\/200211","targetHints":{"allow":["GET"]}}],"collection":[{"href":"https:\/\/www.elenacabrera.com\/weblog3\/wp-json\/wp\/v2\/posts"}],"about":[{"href":"https:\/\/www.elenacabrera.com\/weblog3\/wp-json\/wp\/v2\/types\/post"}],"author":[{"embeddable":true,"href":"https:\/\/www.elenacabrera.com\/weblog3\/wp-json\/wp\/v2\/users\/1"}],"replies":[{"embeddable":true,"href":"https:\/\/www.elenacabrera.com\/weblog3\/wp-json\/wp\/v2\/comments?post=200211"}],"version-history":[{"count":0,"href":"https:\/\/www.elenacabrera.com\/weblog3\/wp-json\/wp\/v2\/posts\/200211\/revisions"}],"wp:attachment":[{"href":"https:\/\/www.elenacabrera.com\/weblog3\/wp-json\/wp\/v2\/media?parent=200211"}],"wp:term":[{"taxonomy":"category","embeddable":true,"href":"https:\/\/www.elenacabrera.com\/weblog3\/wp-json\/wp\/v2\/categories?post=200211"},{"taxonomy":"post_tag","embeddable":true,"href":"https:\/\/www.elenacabrera.com\/weblog3\/wp-json\/wp\/v2\/tags?post=200211"}],"curies":[{"name":"wp","href":"https:\/\/api.w.org\/{rel}","templated":true}]}}