{"id":20022,"date":"2008-11-07T17:20:46","date_gmt":"2008-11-07T16:20:46","guid":{"rendered":""},"modified":"2008-11-07T17:20:46","modified_gmt":"2008-11-07T16:20:46","slug":"los-pobres-chavales-del-techno-pop","status":"publish","type":"post","link":"https:\/\/www.elenacabrera.com\/weblog3\/2008\/11\/07\/los-pobres-chavales-del-techno-pop\/","title":{"rendered":"Los pobres chavales del techno-pop"},"content":{"rendered":"<p>El s\u00e1bado 8 de noviembre se replica en Madrid el primer Mini Festival de Pop Oscuro. <a href=\"http:\/\/www.adn.es\/cultura\/20081107\/NWS-0924-festival-pop-oscuro-musica-concierto.html\">Y aqu\u00ed os cuento de qu\u00e9 va<\/a>. Para aquellos que quieran leer los cuestionarios a Comando Suzie, Padreisla y E.G.O. de primera mano, sin cutting, aqu\u00ed lo dejo, sin censurar:<\/p>\n<h2><span style=\"color: #808080;\"><strong>Comando Suzie<\/strong><\/span><\/h2>\n<p><img loading=\"lazy\" decoding=\"async\" class=\"alignleft\" title=\"Comando Suzie\" src=\"http:\/\/www.adn.es\/clipping\/ADNIMA20081107_2679\/1.jpg\" alt=\"\" width=\"300\" height=\"224\" \/><span style=\"color: #ff0000;\">\u00bfQu\u00e9 cre\u00e9is que va a ser diferente el festival de Barcelona del de Madrid? (\u00bfLa reacci\u00f3n del p\u00fablico?, \u00bfla conexi\u00f3n entre grupos?, \u00bflos camerinos?, \u00bflas fans?, \u00bfla cerveza?, \u00bfel sonido?, \u00bflas canciones?&#8230;)<\/span><br \/>\nLas fans&#8230; que en Barcelona se las llevaron de calle los Padreisla pero en Madrid ser\u00e1n para el Comando&#8230;<br \/>\n<span style=\"color: #ff0000;\">\u00bfVuestro grupo favorito?<\/span><br \/>\nTar\u00e1ntula, por supuesto!<br \/>\n<span style=\"color: #ff0000;\">\u00bfLa canci\u00f3n de vuestra vida?<\/span><br \/>\n\u00abYo soy Aquel\u00bb<br \/>\n<span style=\"color: #ff0000;\">\u00bfDecir \u00abpop oscuro\u00bb no es una incongruencia? (tipo \u00abinteligencia artificial\u00bb).<\/span><br \/>\nPues no nos quita el sue\u00f1o pero he buscado \u00abpop oscuro\u00bb en el Google y resulta que es una etiqueta muy utilizada para definir a un mont\u00f3n de grupos. Incluso hab\u00eda un papa oscuro!&#8230; De todas formas creemos que el nombre del festival est\u00e1 en el limite de lo serio y de la broma&#8230; por eso nos parece perfecto.<br \/>\n<span style=\"color: #ff0000;\">\u00bfEn qu\u00e9 se diferencia el Festival de Pop Oscuro del Tour of the Universe?<\/span><br \/>\nB\u00e1sicamente en el catering<br \/>\n<span style=\"color: #ff0000;\">\u00bfEl mayor hito de vuestra carrera?<\/span><br \/>\nNada m\u00e1s empezar, cuando nos invitaron a tocar en un festival en Alemania&#8230; y solo ten\u00edamos cinco o seis canciones mal grabadas&#8230;<\/p>\n<h2><span style=\"color: #808080;\"><strong>E.G.O.<\/strong><\/span><\/h2>\n<p><img loading=\"lazy\" decoding=\"async\" class=\"alignleft\" title=\"EGO\" src=\"http:\/\/www.adn.es\/clipping\/ADNIMA20081107_2691\/1.jpg\" alt=\"\" width=\"300\" height=\"250\" \/><span style=\"color: #008080;\">\u00bfQu\u00e9 cre\u00e9is que va a ser diferente el festival de Barcelona del de Madrid? \u00bfLa reacci\u00f3n del p\u00fablico?<\/span><br \/>\nSin duda el p\u00fablico madrile\u00f1o creemos que puede ser m\u00e1s receptivo a nuestra propuesta ya que tienen mayor inclinaci\u00f3n por los grupos que cantan en castellano de la que hay en Catalunya<br \/>\n<span style=\"color: #008080;\">\u00bfLa conexi\u00f3n entre grupos?<\/span><br \/>\nsi ya fue buena en BCN, el hecho de coger el portante y acercar\u00a0 nuestra propuesta a Madrid, no hace m\u00e1s que reforzar nuestros lazos de rock &#8216;n&#8217; roll<br \/>\n<span style=\"color: #008080;\">\u00bfLos camerinos?<\/span><br \/>\nconfiamos en un backstage en el que haga algo menos de calor que en el de BCN, con m\u00e1s groupies y m\u00e1s alcohol y que esa hospitalidad tan madrile\u00f1a se note&#8230;<br \/>\n<span style=\"color: #008080;\">\u00bfLas fans?<\/span><br \/>\nhabr\u00e1 menos amigos claro porque no somos de all\u00ed, aunque tenemos unos cuantos. pero esperemos que al volver tengamos m\u00e1s fans, si.<br \/>\n<span style=\"color: #008080;\">\u00bfLa cerveza?<\/span><br \/>\ncorren otras marcas por all\u00e1, no? la \u00faltima vez que estuvimos pillamos tal cogorza que no nos fijamos en las etiquetas de las botellas<br \/>\n<span style=\"color: #008080;\">\u00bfEl sonido?<\/span><br \/>\nesperemos que al menos tan bueno como el de Becool<br \/>\n<span style=\"color: #008080;\">\u00bfLas canciones?<\/span><br \/>\nalgun temita que otro nuevo caer\u00e1 y alguna colaboraci\u00f3n entre bandas, si se dejan aqu\u00ed los amigos&#8230;<br \/>\n<span style=\"color: #008080;\">\u00bfVuestro grupo favorito?<\/span><br \/>\nHaujobb, Covenant, Underworld, Chimo Bayo, L.A Guns, Marillion&#8230;<br \/>\n<span style=\"color: #008080;\">\u00bfLa canci\u00f3n de vuestra vida?<\/span><br \/>\n\u00abSuzanne\u00bb de Leonard Cohen probablemente (K.O.&#8217;s)<br \/>\n\u00abEl rompeolas\u00bb de Loquillo y los trogloditas (Marcos)<br \/>\n<span style=\"color: #008080;\">\u00bfDecir \u00abpop oscuro\u00bb no es una incongruencia? (tipo \u00abinteligencia artificial\u00bb).<\/span><br \/>\nEs posible. El seguir diciendo\u00a0 incongruencias a nuestra edad, que ya tenemos tiros dados, no demuestra otra cosa que la voluntad de seguir siendo Peter Pans&#8230; y que dure. Por cierto, el hielo quema, no?<br \/>\n<span style=\"color: #008080;\">\u00bfEn qu\u00e9 se diferencia el Festival de Pop Oscuro del Tour of the Universe?<\/span><br \/>\nNo s\u00e9 que es el Tour of the Universe, pero seguro que somos m\u00e1s bajitos que los que lo hacen<br \/>\n<span style=\"color: #008080;\">\u00bfEl mayor hito de vuestra carrera?<\/span><br \/>\nHacer canciones que nos gustan hasta a nosotros. y tocar con los Padreisla y los Comando, dos grupos que nos encantan.<\/p>\n<h2><span style=\"color: #808080;\"><strong>Padreisla<\/strong><\/span><\/h2>\n<p><img loading=\"lazy\" decoding=\"async\" class=\"alignleft\" title=\"Padreisla\" src=\"http:\/\/www.adn.es\/clipping\/ADNIMA20081107_2692\/1.jpg\" alt=\"\" width=\"302\" height=\"226\" \/><span style=\"color: #339966;\">\u00bfQu\u00e9 cre\u00e9is que va a ser diferente el festival de Barcelona del de Madrid? (\u00bfLa reacci\u00f3n del p\u00fablico?, \u00bfla conexi\u00f3n entre grupos?, \u00bflos camerinos?, \u00bflas fans?, \u00bfla cerveza?, \u00bfel sonido?, \u00bflas canciones?&#8230;)<\/span><br \/>\nJoe: Yo creo que en general ser\u00e1 algo diferente. Es cierto que tocamos las mismas bandas que en Barcelona, pero el simple hecho de desplazarte a otra ciudad como Madrid para tocar ya es un gran aliciente. A parte al no ser la primera vez que tocamos los 3 grupos juntos, tambi\u00e9n hace que exista mas feeling entre nosotros y eso ayuda a subir los \u00e1nimos y las ganas con la que afrontar este festival. El resto de factores son mas superfluos. Lo importante es que el publico disfrute con los directos y que todos (p\u00fablico y bandas) lo disfrutemos al m\u00e1ximo!<\/p>\n<p><span style=\"color: #339966;\">\u00bfVuestro grupo favorito?<\/span><br \/>\nSebastian: Es imposible nombrar s\u00f3lo un grupo! Desde Depeche Mode, And One o sisters of Mercy, hasta bandas como Die Krupps, She wants Revenge o Joy division. el abanico de grupos y estilo es muy amplio en lo que hace a grupos favoritos o influyentes.<br \/>\nJose: Tuve un mito hace tiempo que segu\u00ed con mucho entusiasmo en mis inicios musicales, David Bowie,<br \/>\npero con los a\u00f1os he aprendido a no centrarme en mitos concretos. En la actualidad hay tantas bandas y solistas que me gustan tanto nacionales como internacionales, que creo que no cabr\u00edan en esta entrevista&#8230;<\/p>\n<p><span style=\"color: #339966;\">\u00bfLa canci\u00f3n de vuestra vida?<\/span><br \/>\nJose: Pues te nombrar\u00e9 un grupo que no tiene mucho que ver con nuestra movida, pero siempre he llevado esa melod\u00eda en la cabeza:The la\u00b4s &#8211; There she goes<br \/>\nJoe: Complicado&#8230;decidirse solo por una canci\u00f3n&#8230; En mi caso quiz\u00e1s podr\u00eda decir Temple Of Love de Sisters Of Mercy que fue la primera canci\u00f3n del estilo que escuch\u00e9.<\/p>\n<p>\u00bf<span style=\"color: #339966;\">Decir \u00abpop oscuro\u00bb no es una incongruencia? (tipo \u00abinteligencia artificial\u00bb).<\/span><br \/>\nJose: Depende con que ojos se mire o o\u00eddos se escuche&#8230;Al fin y al cabo POP viene de la m\u00fasica popular, y en s\u00ed es un concepto muy subjetivo y simplemente adaptamos este tipo de m\u00fasica hacia su lado oscuro, mas extra\u00f1o, mas envolvente y misterioso, tanto l\u00edrico como musical.<\/p>\n<p><span style=\"color: #339966;\">\u00bfEn qu\u00e9 se diferencia el Festival de Pop Oscuro del Tour of the Universe?<\/span><br \/>\nSebatian: Pues, b\u00e1sicamente en que no toca Depeche Mode.A parte uno es la gira de un grupo y lo otro es un festival donde aparecen diversas bandas nacionales. Creo que tambi\u00e9n podr\u00edamos destacar la diferencia en el precio de la entrada&#8230;<\/p>\n<p><span style=\"color: #339966;\">\u00bfEl mayor hito de vuestra carrera?<\/span><br \/>\nJoe: El mayor hito est\u00e1 por llegar&#8230;de hecho siempre estar\u00e1 por llegar. Es esta ilusi\u00f3n de fortalecerte y crecer d\u00eda a d\u00eda, y lo que te lleva a buscar nuevos objetivos (o hitos) buscando la superaci\u00f3n, de intentar conseguir haza\u00f1as cada vez mejores.<br \/>\nSebastian:Es cierto que puedes hacer conciertos geniales con grupos de mucho renombre o sin ellos, pero siempre esperas y te ilusionas de que el<br \/>\nsiguiente sea a\u00fan mejor!<br \/>\nJose: Si un grupo considera que ya ha cumplido su mayor hito deseado&#8230;.que le queda por hacer o decir?<\/p>\n","protected":false},"excerpt":{"rendered":"<p>El s\u00e1bado 8 de noviembre se replica en Madrid el primer Mini Festival de Pop Oscuro. Y aqu\u00ed os cuento de qu\u00e9 va. Para aquellos que quieran leer los cuestionarios a Comando Suzie, Padreisla y E.G.O. de primera mano, sin cutting, aqu\u00ed lo dejo, sin censurar: Comando Suzie \u00bfQu\u00e9 cre\u00e9is que va a ser diferente [&hellip;]<\/p>\n","protected":false},"author":1,"featured_media":0,"comment_status":"open","ping_status":"open","sticky":false,"template":"","format":"standard","meta":{"footnotes":""},"categories":[],"tags":[],"class_list":["post-20022","post","type-post","status-publish","format-standard","hentry"],"_links":{"self":[{"href":"https:\/\/www.elenacabrera.com\/weblog3\/wp-json\/wp\/v2\/posts\/20022","targetHints":{"allow":["GET"]}}],"collection":[{"href":"https:\/\/www.elenacabrera.com\/weblog3\/wp-json\/wp\/v2\/posts"}],"about":[{"href":"https:\/\/www.elenacabrera.com\/weblog3\/wp-json\/wp\/v2\/types\/post"}],"author":[{"embeddable":true,"href":"https:\/\/www.elenacabrera.com\/weblog3\/wp-json\/wp\/v2\/users\/1"}],"replies":[{"embeddable":true,"href":"https:\/\/www.elenacabrera.com\/weblog3\/wp-json\/wp\/v2\/comments?post=20022"}],"version-history":[{"count":0,"href":"https:\/\/www.elenacabrera.com\/weblog3\/wp-json\/wp\/v2\/posts\/20022\/revisions"}],"wp:attachment":[{"href":"https:\/\/www.elenacabrera.com\/weblog3\/wp-json\/wp\/v2\/media?parent=20022"}],"wp:term":[{"taxonomy":"category","embeddable":true,"href":"https:\/\/www.elenacabrera.com\/weblog3\/wp-json\/wp\/v2\/categories?post=20022"},{"taxonomy":"post_tag","embeddable":true,"href":"https:\/\/www.elenacabrera.com\/weblog3\/wp-json\/wp\/v2\/tags?post=20022"}],"curies":[{"name":"wp","href":"https:\/\/api.w.org\/{rel}","templated":true}]}}