{"id":200254,"date":"2008-11-21T15:39:26","date_gmt":"2008-11-21T14:39:26","guid":{"rendered":""},"modified":"2009-01-25T15:42:34","modified_gmt":"2009-01-25T14:42:34","slug":"cuanto-mejor-se-te-oiga-mas-libertad-de-expresion-tienes","status":"publish","type":"post","link":"https:\/\/www.elenacabrera.com\/weblog3\/2008\/11\/21\/cuanto-mejor-se-te-oiga-mas-libertad-de-expresion-tienes\/","title":{"rendered":"Cuanto mejor se te oiga, m\u00e1s libertad de expresi\u00f3n tienes"},"content":{"rendered":"<p><strong>Un enfrentamiento privado entre dos personas ha sido llevado al \u00e1mbito p\u00fablico, primero, y al judicial, despu\u00e9s y, de nuevo, otra vez al p\u00fablico.<\/strong><\/p>\n<p>Curiosamente, el vencedor en el juzgado no ha sido el mismo que ha ganado en el ring de lo p\u00fablico. Ya que este \u00faltimo, acusado y condenado, tiene un acceso privilegiado a la opini\u00f3n p\u00fablica que le permite pasar de agresor a v\u00edctima, digan lo que digan.<\/p>\n<p>Los medios de comunicaci\u00f3n no hemos realizado bien nuestro trabajo. Hemos publicado la informaci\u00f3n proporcionada por las agencias sin contrastar el otro lado, ofreciendo una versi\u00f3n partidista de este conflicto. Y hemos tomado partido por el que habla m\u00e1s alto, por la sencilla raz\u00f3n de que es al que m\u00e1s se le oye.<\/p>\n<p><strong>Luis Garc\u00eda Montero<\/strong> es un poeta y articulista de El Pa\u00eds bien conocido en Espa\u00f1a. Adem\u00e1s, es profesor de literatura en la Universidad de Granada. Como catedr\u00e1tico, pertenece al departamento de Literatura Espa\u00f1ola adscrito a la Facultad de Filosof\u00eda y Letras.<\/p>\n<p>En ese mismo departamento trabaja un profesor titular cuya popularidad es muy inferior a la de Garc\u00eda Montero. Su nombre es <strong>Jos\u00e9 Antonio Fortes<\/strong> y es un ensayista sobre la historia de la literatura en Espa\u00f1a.<\/p>\n<p>Est\u00e1 claro que, si alguien quiere estudiar sobre Lorca en Espa\u00f1a, es esa universidad de Granada, esa facultad y ese departamento el que tiene que elegir.<\/p>\n<p>Es un hecho probado que Fortes y Garc\u00eda Montero manten\u00edan un enfrentamiento intelectual que ven\u00eda de anta\u00f1o y que hab\u00eda provocado fuertes discusiones en las reuniones del departamento.<\/p>\n<p>Una de ellas tuvo lugar el martes 26 de septiembre de 2006: \u00abGarc\u00eda Montero, molesto por los comentarios, cuchicheos y risas [&#8230;] se dirigi\u00f3 a Fortes y visiblemente nervioso le dirigi\u00f3 expresiones como &#8216;hijo de puta, eres un hijo de puta, un cretino, mequetrefe, sinverg\u00fcenza, cabr\u00f3n, etc'\u00bb. Esta cita pertenece a los \u00abhechos probados\u00bb de la sentencia judicial (<a href=\"http:\/\/www.rebelion.org\/docs\/sentencia.pdf\" target=\"_BLANK\">PDF<\/a>) del 7 de noviembre de 2008, el dictamen del juez <strong>Miguel \u00c1ngel Torres Segura<\/strong> tras la denuncia que el profesor Fortes puso al poeta por un delito de injurias.<\/p>\n<p>Esas injurias no proceden \u00fanicamente de los insultos que citan los testigos de aquella reuni\u00f3n universitaria, sino tambi\u00e9n de un art\u00edculo que firm\u00f3 Luis Garc\u00eda Montero y public\u00f3 la edici\u00f3n andaluza del diario El Pa\u00eds el 14 de octubre de 2006. Aquel art\u00edculo titulaba <a href=\"http:\/\/www.elpais.com\/articulo\/andalucia\/Lorca\/era\/fascista\/elpepuespand\/20061014elpand_5\/Tes\" target=\"_BLANK\">\u00abLorca era un fascista\u00bb<\/a> y en \u00e9l Montero ped\u00eda que \u00abla prudencia y la firmeza\u00bb sirvieran para limitar la libertad de expresi\u00f3n, en este caso, la de Fortes, \u00abque lleva a\u00f1os lanzando disparates sobre los alumnos\u00bb [&#8230;] \u00abcon un vocabulario marxista de cuarta fila, muy cercano al <em>delirium tremens<\/em>\u00ab.<\/p>\n<p>Garc\u00eda Montero se disculp\u00f3, tras aquella reuni\u00f3n departamental, un mes despu\u00e9s y por escrito. Pero entre medias hab\u00eda publicado el citado art\u00edculo en El Pa\u00eds, en el que suger\u00eda: \u00abquiz\u00e1s sea hora de que la Universidad de Granada ponga a este perturbado en su sitio. S\u00f3lo as\u00ed salvaremos, con prudencia y con firmeza, la libertad de expresi\u00f3n\u00bb.<\/p>\n<p>Aquel art\u00edculo provoc\u00f3 una avalancha de cartas al director, las cuales no fueron publicadas por el peri\u00f3dico. Una de ellas estaba firmada por el Colectivo de Alumnos de la Universidad de Granada y la podemos leer <a href=\"http:\/\/www.rebelion.org\/noticia.php?id=75983\" target=\"_BLANK\">publicada en Rebelion.org<\/a>.<\/p>\n<p><strong>La conversaci\u00f3n que s\u00ed deber\u00edamos haber escuchado<\/strong><\/p>\n<p>Garc\u00eda Montero escribe en El Pa\u00eds: \u00abel esfuerzo por asumir la libertad de expresi\u00f3n de los dem\u00e1s, aunque los dem\u00e1s divulguen barbaridades, obliga a entrar en litigio, a batallar con valor en nombre de las propias razones y a denunciar sin pelos en la lengua los disparates que se presentan en p\u00fablico como opiniones libres\u00bb. Los alumnos contestan en su deso\u00edda carta: \u00abLa libertad se conquista y se hace a trav\u00e9s de la lucha y los actos. Aquel que la detenta no puede utilizarla como arma arrojadiza. Aquel que la monopoliza no puede usarla como argumento para coartar las conquistas ajenas\u00bb.<\/p>\n<p>Seg\u00fan Montero, el profesor Jos\u00e9 Antonio Fortes afirma que \u00abLorca era un fascista [que] reproduc\u00eda formas ideol\u00f3gicas fascistas como poeta y como director populista de La Barraca\u00bb. Los alumnos aclaran: \u00ab<a href=\"http:\/\/www.lajiribilla.cu\/2005\/n194_01\/194_20.html\" target=\"_BLANK\">el profesor [&#8230;] habla de Lorca<\/a> no como un fascista sino como un intelectual org\u00e1nico burgu\u00e9s en funciones de poeta neopopulista\u00bb que pertenece a la \u00e9lite intelectual de los a\u00f1os 20 y 30; en el proceso de la lucha de clases de ese periodo \u00ablas \u00e9lites resultan inoperantes y han de [&#8230;] buscar [&#8230;] la incidencia social\u00bb. Fortes es un marxista que aplica la lucha de clases a la historia de la literatura y ve que, una vez los intelectuales de la Rep\u00fablica se convierten en una \u00e9lite, su obra se reconvierte, pues hay una \u00abnecesidad de ideologizaci\u00f3n de las clases subalternas\u00bb.<\/p>\n<p>\u00abEn la obra de Lorca -recalcan los alumnos de Fortes- se efect\u00faa tal reconversi\u00f3n a trav\u00e9s de la folklorizaci\u00f3n tradicionalista de sus textos\u00bb. Para que quede m\u00e1s claro, este colectivo dice que \u00abLorca jam\u00e1s dar\u00e1 el salto a ser fascista. No hay un Lorca fascista, aclara en sus clases el profesor\u00bb. Pero, en cambio, su obra s\u00ed \u00abcontribuye a la formaci\u00f3n de una ideolog\u00eda necesaria para el fascismo. Sus textos, no su persona\u00bb. Estos estudiantes nos recuerdan que \u00abla reducci\u00f3n personalista falsifica la historia\u00bb.<\/p>\n<p><strong>Si \u00e9l lo dice, ser\u00e1 verdad <\/strong><\/p>\n<p><a href=\"http:\/\/www.adn.es\/cultura\/20081022\/NWS-1723-descalificar-dogmaticas-sectarias-opiniones-obligado.html\" target=\"_BLANK\">\u00abGarc\u00eda Montero se defiende en el juzgado por criticar a un profesor que llamaba fascista a Lorca\u00bb<\/a> titul\u00e1bamos en ADN.es una informaci\u00f3n firmada por la agencia EFE. <a href=\"http:\/\/www.publico.es\/espana\/actualidad\/166323\/poeta\/garcia\/montero\/juicio\/defender\/lorca\/ayala\" target=\"_BLANK\">\u00abEl poeta Garc\u00eda Montero, a juicio por defender a Lorca y Ayala\u00bb<\/a>, titulaba una noticia del diario P\u00fablico (que fue duramente <a href=\"http:\/\/www.rebelion.org\/noticia.php?id=75355\" target=\"_BLANK\">contestada por C\u00e9sar de Vicente<\/a>).<\/p>\n<p><img loading=\"lazy\" decoding=\"async\" class=\"alignleft size-full wp-image-256\" title=\"La guerra literaria\" src=\"http:\/\/www.elenacabrera.com\/weblog\/wp-content\/uploads\/2009\/01\/17.jpg\" alt=\"\" width=\"300\" height=\"392\" \/>\u00abEn sus clases, Fortes, seg\u00fan declararon algunos testigos en el juicio, se refer\u00eda a Garc\u00eda Lorca como un &#8216;fascista&#8217; y a Francisco Ayala como &#8216;aliado del fascismo&#8217;, adem\u00e1s de insultar a Garc\u00eda Montero y a su familia\u00bb, <a href=\"http:\/\/www.elpais.com\/articulo\/cultura\/Luis\/Garcia\/Montero\/pone\/fin\/vida\/universitaria\/27\/anos\/elpepicul\/20081112elpepicul_3\/Tes\" target=\"_BLANK\">escribe el diario El Pa\u00eds el 12 de noviembre<\/a>, cuando se supo la <a href=\"http:\/\/www.adn.es\/cultura\/20081111\/NWS-2282-Universidad-Granada-Montero-Garcia-Luis.html\" target=\"_BLANK\">noticia de que Montero abandonaba la universidad<\/a> tras perder la demanda por injurias que Fortes le hab\u00eda impuesto.<\/p>\n<p>En <a href=\"http:\/\/apoyoaluisgarciamontero.blogspot.com\/\" target=\"_BLANK\">un blog creado para apoyar a Garc\u00eda Montero<\/a> se comunica que casi 6.000 personas se han sumado al manifiesto que dice que \u00abel catedr\u00e1tico ha sido condenado por injurias graves a un profesor que viene sosteniendo que Lorca era un fascista asesinado por los suyos\u00bb. Nombres como <strong>Juan Mars\u00e9, Joaqu\u00edn Sabina, Juan Gelman, Antonio Mu\u00f1oz Molina, Alfredo Bryce Echenique, I\u00f1aki Gabilondo<\/strong> o <strong>Pilar Bardem<\/strong> avalan con su nombre este manifiesto de cuya noticia los medios, <a href=\"http:\/\/www.adn.es\/cultura\/20081111\/NWS-2282-Universidad-Granada-Montero-Garcia-Luis.html\" target=\"_BLANK\">como el nuestro<\/a>, se han hecho eco.<\/p>\n<p>Pero <a href=\"http:\/\/www.rebelion.org\/noticia.php?id=76086\" target=\"_BLANK\">existe otro manifiesto<\/a>, firmado por <strong>Santiago Alba, Pascual Serrano, Constantino B\u00e9rtolo, Bel\u00e9n Gopegui, C\u00e9sar de Vicente<\/strong> e <strong>Ignacio Echevarria<\/strong> que habla sobre la manipulaci\u00f3n informativa y \u00abuna narraci\u00f3n mitol\u00f3gica [de los hechos] construida desde El Pa\u00eds, repetida de manera enteramente acr\u00edtica por medios nacionales y locales de toda Espa\u00f1a y sincopada por la noble credulidad de grupos y personalidades de izquierda que han servido a su vez de excipiente y legitimaci\u00f3n de esta bonita e inexacta historia\u00bb.<\/p>\n<p>Los escritores que firman este texto afirman que \u00abcomo ni los medios ni los ingenuos solidarios se han tomado la molestia de la m\u00e1s somera investigaci\u00f3n, quiz\u00e1s conviene aclarar que Jos\u00e9 Antonio Fortes no es un &#8216;oscuro profesor revisionista&#8217; ni ha llamado a Lorca &#8216;fascista&#8217; ni, desde luego, ha justificado su asesinato porque fuera un &#8216;maric\u00f3n&#8217;. Es un cr\u00edtico y escritor de formaci\u00f3n marxista [cuyas cr\u00edticas a Lorca] forman parte de un controvertido, pero minucioso, erudito y riguroso an\u00e1lisis del &#8216;populismo literario&#8217; desde la perspectiva de clase; es decir, como instrumento despolitizador de las confrontaciones sociales y, por lo tanto, como aliado objetivo de la burgues\u00eda capitalista\u00bb, explican. \u00abPara Fortes, los temas lorquianos por excelencia -la madre, los gitanos, el pueblo, la raza, la sangre, la sexualidad reproductora, el irracionalismo- se inscribir\u00edan dentro de este marco populista antimarxista\u00bb. Los firmantes recalcan, adem\u00e1s, \u00abel absoluto silencio medi\u00e1tico sobre la figura y la obra de Fortes, identificado siempre como &#8216;revisionista'\u00bb.<\/p>\n<p><strong>Un titular que se repite mil veces <\/strong><\/p>\n<p>En un <a href=\"http:\/\/www.laopiniondegranada.es\/secciones\/noticia.jsp?pRef=2008111700_9_89431__Opinion-Malos-tiempos-para-lirica\" target=\"_BLANK\">art\u00edculo de opini\u00f3n de <strong>La Opini\u00f3n de Granada<\/strong><\/a> se habla de la sentencia \u00abque condena a don Luis Garc\u00eda Montero a pagar una multa y una indemnizaci\u00f3n a un profesor al que llam\u00f3 perturbado. Este presunto ense\u00f1ante tiene la osad\u00eda de explicar a sus alumnos que Garc\u00eda Lorca era fascista\u00bb. En esta pieza se pide que no deje de recurrir la sentencia.<\/p>\n<p>Una pieza <a href=\"http:\/\/www.elpais.com\/articulo\/andalucia\/Insensibilidad\/judicial\/elpepuespand\/20081119elpand_11\/Tes\" target=\"_BLANK\">de opini\u00f3n firmada por <strong>Eugenio S. Palomares<\/strong> y publicada por El Pa\u00eds<\/a> en Andaluc\u00eda invitaba a Garc\u00eda Montero a recurrir la sentencia \u00abporque la sociedad no puede aceptar sin m\u00e1s que una persona resulte condenada por injurias por acalorarse en la defensa de Lorca, un poeta universal que fue asesinado por el fascismo y por los fascistas. Que ahora resulte que llamar perturbado a quien manifieste lo contrario es causa de condena no se puede entender aunque se fundamente en derecho\u00bb. La columna concluye \u00aba veces, incluso en delitos de naturaleza privada, se echa de menos el sistema constitucional del jurado para que manifieste si es delito de injurias llamar perturbados a quienes llaman fascista a Lorca o, sencillamente, es lo menos que se les puede decir\u00bb.<\/p>\n<p>\u00abNo tengo que hacerte una lista de profesores universitarios, intelectuales o poetas condenados por la justicia en Espa\u00f1a t\u00fa sabr\u00e1s hacerla mejor que yo. Esto es s\u00f3lo lo que te faltaba en tu curr\u00edculum, en el que, como en el de tantos otros, constar\u00e1 que un juez te conden\u00f3 mientras el pueblo, desde las calles, te indultaba\u00bb, <a href=\"http:\/\/www.ideal.es\/granada\/20081113\/opinion\/carta-abierta-luis-garcia-20081113.html\" target=\"_BLANK\">se ped\u00eda desde una tribuna en el peri\u00f3dico <strong>El Ideal de Granada<\/strong><\/a>, donde se le solicitaba que no abandonara la docencia.<\/p>\n<p>\u00abEl profesor Fortes aplica esta dial\u00e9ctica a todo su discurso cr\u00edtico: si alg\u00fan escritor obtiene un importante \u00e9xito editorial es porque se ha vendido o porque -aunque pueda parecer lo contrario- esconde una ideolog\u00eda burguesa e incluso fascista\u00bb, <a href=\"http:\/\/ideasconchacaballero.blogspot.com\/2008\/11\/el-exilio-de-luis-garcia-montero.html\" target=\"_BLANK\">escribe en su blog la ex parlamentaria de Izquierda Unida <strong>Concha Caballero<\/strong><\/a>. Caballero llama a Fortes el \u00abverdadero agresor\u00bb.<\/p>\n<p>\u00abUn profesor de la Universidad de Granada<strong>,<\/strong> en uso de su libertad de c\u00e1tedra, se dedica a explicar que Garc\u00eda Lorca era en realidad un fascista\u00bb, <a href=\"http:\/\/www.elperiodico.com\/default.asp?idpublicacio_PK=46&amp;idnoticia_PK=562648&amp;idseccio_PK=1006&amp;idioma=CAS\" target=\"_BLANK\">se dice en un art\u00edculo de opini\u00f3n en <strong>El Peri\u00f3dico de Catalunya<\/strong><\/a>.<\/p>\n<p><a href=\"http:\/\/www.elplural.com\/andalucia\/detail.php?id=26409\" target=\"_BLANK\">En <strong>Elplural.com<\/strong> leemos<\/a> que el vicerrector de Extensi\u00f3n Universitaria y Cooperaci\u00f3n al Desarrollo de la Universidad de Granada, <strong>Miguel G\u00f3mez Oliver<\/strong>, admite que la universidad no puede tomar partido pero \u00absobre el hecho de que el profesor exponga en sus clases que Lorca era un fascista, Oliver se\u00f1al\u00f3 que la reputaci\u00f3n de la instituci\u00f3n la dan todos sus miembros, si bien, a t\u00edtulo personal, dijo que esa visi\u00f3n le parece &#8216;una barbaridad&#8217; y que no consentir\u00eda esa declaraci\u00f3n en su presencia\u00bb. Este medio indica que Fortes jur\u00f3 en el juicio que los calificativos de los que le acusa Montero son falsos y tambi\u00e9n que sus ex alumnos mantuvieron que en el aula se refiere a Garc\u00eda Montero como un \u00abpeque\u00f1o burgu\u00e9s al servicio del r\u00e9gimen\u00bb y que le dedica \u00abexpresiones vejatorias\u00bb de manera \u00abconstante\u00bb y \u00absistem\u00e1tica\u00bb.<\/p>\n<p>En definitiva, debido a la notoriedad p\u00fablica de Luis Garc\u00eda Montero hemos conocido reiteradamente qu\u00e9 opina \u00e9ste de lo que piensa el otro. Pero de las tesis de Fortes, poco sabemos. Y de lo que sabemos, no lo entendemos tan f\u00e1cilmente como cuando alguien nos dice que fulanito es un fascista.<\/p>\n<p><em>CC. Elena Cabrera. Publicado en ADN.es<\/em><\/p>\n","protected":false},"excerpt":{"rendered":"<p>Un enfrentamiento privado entre dos personas ha sido llevado al \u00e1mbito p\u00fablico, primero, y al judicial, despu\u00e9s y, de nuevo, otra vez al p\u00fablico. Curiosamente, el vencedor en el juzgado no ha sido el mismo que ha ganado en el ring de lo p\u00fablico. Ya que este \u00faltimo, acusado y condenado, tiene un acceso privilegiado [&hellip;]<\/p>\n","protected":false},"author":1,"featured_media":0,"comment_status":"open","ping_status":"open","sticky":false,"template":"","format":"standard","meta":{"footnotes":""},"categories":[],"tags":[],"class_list":["post-200254","post","type-post","status-publish","format-standard","hentry"],"_links":{"self":[{"href":"https:\/\/www.elenacabrera.com\/weblog3\/wp-json\/wp\/v2\/posts\/200254","targetHints":{"allow":["GET"]}}],"collection":[{"href":"https:\/\/www.elenacabrera.com\/weblog3\/wp-json\/wp\/v2\/posts"}],"about":[{"href":"https:\/\/www.elenacabrera.com\/weblog3\/wp-json\/wp\/v2\/types\/post"}],"author":[{"embeddable":true,"href":"https:\/\/www.elenacabrera.com\/weblog3\/wp-json\/wp\/v2\/users\/1"}],"replies":[{"embeddable":true,"href":"https:\/\/www.elenacabrera.com\/weblog3\/wp-json\/wp\/v2\/comments?post=200254"}],"version-history":[{"count":0,"href":"https:\/\/www.elenacabrera.com\/weblog3\/wp-json\/wp\/v2\/posts\/200254\/revisions"}],"wp:attachment":[{"href":"https:\/\/www.elenacabrera.com\/weblog3\/wp-json\/wp\/v2\/media?parent=200254"}],"wp:term":[{"taxonomy":"category","embeddable":true,"href":"https:\/\/www.elenacabrera.com\/weblog3\/wp-json\/wp\/v2\/categories?post=200254"},{"taxonomy":"post_tag","embeddable":true,"href":"https:\/\/www.elenacabrera.com\/weblog3\/wp-json\/wp\/v2\/tags?post=200254"}],"curies":[{"name":"wp","href":"https:\/\/api.w.org\/{rel}","templated":true}]}}