{"id":200262,"date":"2008-11-20T16:48:49","date_gmt":"2008-11-20T15:48:49","guid":{"rendered":""},"modified":"2009-01-25T16:49:12","modified_gmt":"2009-01-25T15:49:12","slug":"felix-kubin-si-el-publico-no-paga-por-la-musica-porque-cree-que-es-aire-habra-que-envenenar-su-aire","status":"publish","type":"post","link":"https:\/\/www.elenacabrera.com\/weblog3\/2008\/11\/20\/felix-kubin-si-el-publico-no-paga-por-la-musica-porque-cree-que-es-aire-habra-que-envenenar-su-aire\/","title":{"rendered":"Felix Kubin: \u00abSi el p\u00fablico no paga por la m\u00fasica porque cree que es aire, habr\u00e1 que envenenar su aire\u00bb"},"content":{"rendered":"<p><strong>El m\u00fasico el\u00e9ctronico, genio provocador del dad\u00e1, visita Espa\u00f1a para celebrar los diez a\u00f1os de su sello Gagarin actuando en Madrid y en el festival No-no-logic de Barcelona<\/strong><\/p>\n<p><img loading=\"lazy\" decoding=\"async\" class=\"alignleft size-full wp-image-264\" title=\"Felix Kubin\" src=\"http:\/\/www.elenacabrera.com\/weblog\/wp-content\/uploads\/2009\/01\/18.jpg\" alt=\"\" width=\"300\" height=\"423\" \/>Dentro de la m\u00fasica electr\u00f3nica existen personajes dada\u00edstas que, aunque saben lo que se hacen, nos venden la fantas\u00eda de la aut\u00e9ntica locura.<\/p>\n<p><a href=\"http:\/\/www.felixkubin.com\/\" target=\"_BLANK\"><strong>Felix Kubin<\/strong><\/a> es uno de ellos, un francotirador, un autogestionario, un vivaraz, un -en lenguaje popular- ido de la olla. Y por eso sus fieles acuden religiosamente a vivir sus escasos conciertos en Espa\u00f1a y, especialmente en esta ocasi\u00f3n, a celebrar el d\u00e9cimo aniversario de su sello <a href=\"http:\/\/gagarinrecords.com\/\" target=\"_BLANK\"><strong>Gagarin Records<\/strong><\/a>.<\/p>\n<p>\u00abEl p\u00fablico espa\u00f1ol es muy en\u00e9rgico, caluroso, receptivo, a veces no s\u00e9 si aplauden por aplaudir o por que se lo ha dicho Dios\u00bb, explica Kubin poco antes de viajar a nuestro pa\u00eds. \u00abO quiz\u00e1s Dios es una droga qu\u00edmica, qui\u00e9n sabe. No s\u00e9 todav\u00eda qu\u00e9 voy a llevaros esta vez. Al final, ser\u00e1 agitado e inorg\u00e1nico como siempre, me temo. Como en un laboratorio de qu\u00edmica\u00bb.<\/p>\n<p>El m\u00fasico alem\u00e1n toca en Madrid el 20 de noviembre en un concierto organizado por <a href=\"http:\/\/www.tronicdisease.org\/\" target=\"_BLANK\">Tronicdisease<\/a> (21.30h en La Boite, 15 euros) y el 22 de noviembre dentro del <strong><a href=\"http:\/\/www.nonologic.com\/08\/cas\/nonologic.html\" target=\"_BLANK\">Festival No-no-logic<\/a><\/strong>, producido por La Olla Express (20.30h en La [2], 12 euros) junto a <strong>Nova Huta<\/strong> (de Alemania), <strong>Pokipoki<\/strong> (de Francia), <strong>Gunter Adler<\/strong> (de Alemania), <strong>Harry Merr<\/strong>y (de Holanda), <strong>Pavan<\/strong> (de Suecia), <strong>Gelbart<\/strong> (de Israel), <strong>Gym and Tony<\/strong> (de Tel Aviv), <strong>Ben et Bene<\/strong> (de Francia) y los espa\u00f1oles <strong>Pole Pole<\/strong> y <strong>Mil Pesetas<\/strong>.<\/p>\n<p>Se trata de la segunda edici\u00f3n de este festival que no es s\u00f3lo un conjunto de conciertos, sino una reuni\u00f3n de peque\u00f1os sellos al margen, que trabajan de modos cercanos, \u00abcomo en familia\u00bb, dicen los organizadores. Durante el d\u00eda 20, 21 y 22 los barceloneses podr\u00e1n disfrutar de actuaciones y sesiones de dj de<strong><\/strong>m\u00fasica electr\u00f3nica experimental de baile, electropop, na\u00eff, electro-punk, pop desviante o m\u00fasica electroac\u00fastica.<\/p>\n<p>Dicen sus bi\u00f3grafos que Kubin ya era m\u00fasico a los 8 a\u00f1os y que, en 1980, su mente acab\u00f3 de perturbarse cuando se le fue regalado un Korg que le hizo descubrir la m\u00fasica electr\u00f3nica y un cuatro pistas cuando ten\u00eda 14 a\u00f1os. Sus primeras canciones fueron reunidas, por \u00e9l mismo, bajo el t\u00edtulo <em>Las irritantes cintas juveniles de Felix Kubin<\/em>. El lector avispado comprender\u00e1, s\u00f3lo con esta frase, de qu\u00e9 tipo de personaje estamos hablando. Kubin es punk primero, luego ruidista, tambi\u00e9n actor, y dramaturgo, despu\u00e9s vanguardista, tambi\u00e9n transformista y compositor de \u00f3pera y musicales. \u00abDurante un periodo de cinco a\u00f1os, entre 1978 y 1983 -explica- todo parec\u00eda posible en Alemania, en arte y en m\u00fasica. \u00ab\u00a1No pierdas el tiempo, estrella el coche, haz un tema, copia la cocina!\u00bb. La generaci\u00f3n m\u00e1s joven de hoy parece estar mejor informada pero tambi\u00e9n es m\u00e1s pasiva. La mayor ventaja que le veo a aquella \u00e9poca era un sentimiento de excitaci\u00f3n febril y programas de radio muy buenos que todo el mundo escuchaba, shows sorprendentes como Die Toedliche Doris (La mort\u00edfera Doris) en una emisora berlinesa de genios diletantes que se emit\u00eda a las 2 de la tarde. \u00a1Las amas de casa pod\u00edan escucharlo en la radio estatal oficial! \u00bfTe lo imaginas?\u00bb<\/p>\n<p>La impresi\u00f3n fue tan grande que posteriormente el propio Kubin realiz\u00f3 programas de radio, teatro radiof\u00f3nico y fund\u00f3 su propia revista. Talleres e incluso un premio forman parte de su gran apuesta por las ondas que tanto le fascinaron.<\/p>\n<p><strong>Anaquismo electr\u00f3nico en \u00f3rbita<\/strong><\/p>\n<p>\u00ab\u00a1Damas y caballeros! Admit\u00e1moslo: \u00a1El capitalismo es una \u00falcera!\u00bb, dice el manifiesto de Gagarin Records. Kubin cree que en la belleza del Espacio: \u00aben la confusi\u00f3n de <em>jingles<\/em>, <em>briefings<\/em>, <em>brainstormings<\/em> y <em>claims <\/em>perdemos la mirada para el misterio de la Tierra\u00bb y establece as\u00ed los presupuestos de su sello discogr\u00e1fico: \u00abnosotros, los tristes protones y embajadores del presidente mec\u00e1nico <strong>Yuri Gagarin<\/strong>, decimos: \u00a1Fuera las estrechas ataduras de la cultura de la cita! \u00a1Que viva el Psicopop!, pues es un experimento, confusi\u00f3n, simplificaci\u00f3n, perfora-narices y empulguera en gelatina. No nos dejamos arrastrar al suelo por la maldita gravedad terrestre, m\u00e1s bien nos catapultamos al espacio exterior, al fr\u00edo eterno\u00bb. Por ello, en 1999, dijo \u00ab\u00a1Viva el anarquismo electr\u00f3nico!\u00bb.<\/p>\n<p>Diez a\u00f1os despu\u00e9s, Kubin dice \u00abun sue\u00f1o que se llama a s\u00ed mismo sue\u00f1o, ya no es so\u00f1ar\u00bb. Nos cuenta porqu\u00e9 hizo Gagarin: \u00abLa idea naci\u00f3 de la falta de inter\u00e9s de otros sellos. Nadie quer\u00eda sacar [mi disco] <a href=\"http:\/\/gagarinrecords.com\/releases\/allreleases\/1\/\" target=\"_BLANK\"><em>Filmmusik<\/em><\/a>, as\u00ed que tuve que hacerlo yo mismo. Despu\u00e9s encontr\u00e9 mucha m\u00fasica buena que no estaba editada (gran parte de Hamburgo y Berl\u00edn como <strong><a href=\"http:\/\/gagarinrecords.com\/artists\/gunteradler\/\" target=\"_BLANK\">Groenland Orchester<\/a><\/strong>, <strong><a href=\"http:\/\/helgoland.co.uk\/\" target=\"_BLANK\">Helgoland<\/a><\/strong>, <a href=\"http:\/\/gagarinrecords.com\/artists\/brezelgoering\/\" target=\"_BLANK\"><strong>Brezel Goering<\/strong><\/a> -la mitad de <strong><a href=\"http:\/\/www.stereototal.de\/news\/index.html\" target=\"_BLANK\">Stereototal<\/a><\/strong>-, <strong><a href=\"http:\/\/gagarinrecords.com\/releases\/allreleases\/6\/\" target=\"_BLANK\">Max Turner<\/a><\/strong>, <strong><a href=\"http:\/\/gagarinrecords.com\/artists\/anaerobicrobots\/\" target=\"_BLANK\">Anaerobic Robots<\/a><\/strong>) y simplemente empec\u00e9 a sacarla sin ning\u00fan plan estrat\u00e9gico. Mi sello existe s\u00f3lo en base a la calidad art\u00edstica. No tengo ni idea de <em>marketing<\/em>. Ni tiempo para ello. En el futuro me gustar\u00eda que fuera una plataforma para explorar m\u00e1s y m\u00e1s formatos en m\u00fasica y arte\u00bb.<\/p>\n<p>En diez a\u00f1os algunos planteamientos han cambiado, por ejemplo, se ha vuelto m\u00e1s cuidadoso al elegir a los artistas: \u00abquiero asegurarme de que de verdad est\u00e1n a la caza de algo, sea obscuro, obsesivo, original u ontol\u00f3gico. No quiero artistas por hobby en mi sello. Y querr\u00eda ensanchar las posibilidades y los estilos a\u00fan m\u00e1s. El pr\u00f3ximo disco ser\u00e1 un documento con Grabaciones Hist\u00f3ricas. Aparte de esto, necesito m\u00e1s mujeres en el sello. \u00a1Resulta que hasta ahora es un club solo de hombres! En realidad, tengo ya un mont\u00f3n de demos interesantes. No tengo dinero para sacarlo todo, y el p\u00fablico comprador parece cada vez m\u00e1s reacio a pagar por la m\u00fasica porque est\u00e1n acostumbrados a ella como si fuera el aire. Supongo que habr\u00e1 que envenenar su aire\u00bb.<\/p>\n","protected":false},"excerpt":{"rendered":"<p>El m\u00fasico el\u00e9ctronico, genio provocador del dad\u00e1, visita Espa\u00f1a para celebrar los diez a\u00f1os de su sello Gagarin actuando en Madrid y en el festival No-no-logic de Barcelona Dentro de la m\u00fasica electr\u00f3nica existen personajes dada\u00edstas que, aunque saben lo que se hacen, nos venden la fantas\u00eda de la aut\u00e9ntica locura. Felix Kubin es uno [&hellip;]<\/p>\n","protected":false},"author":1,"featured_media":0,"comment_status":"open","ping_status":"open","sticky":false,"template":"","format":"standard","meta":{"footnotes":""},"categories":[],"tags":[],"class_list":["post-200262","post","type-post","status-publish","format-standard","hentry"],"_links":{"self":[{"href":"https:\/\/www.elenacabrera.com\/weblog3\/wp-json\/wp\/v2\/posts\/200262","targetHints":{"allow":["GET"]}}],"collection":[{"href":"https:\/\/www.elenacabrera.com\/weblog3\/wp-json\/wp\/v2\/posts"}],"about":[{"href":"https:\/\/www.elenacabrera.com\/weblog3\/wp-json\/wp\/v2\/types\/post"}],"author":[{"embeddable":true,"href":"https:\/\/www.elenacabrera.com\/weblog3\/wp-json\/wp\/v2\/users\/1"}],"replies":[{"embeddable":true,"href":"https:\/\/www.elenacabrera.com\/weblog3\/wp-json\/wp\/v2\/comments?post=200262"}],"version-history":[{"count":0,"href":"https:\/\/www.elenacabrera.com\/weblog3\/wp-json\/wp\/v2\/posts\/200262\/revisions"}],"wp:attachment":[{"href":"https:\/\/www.elenacabrera.com\/weblog3\/wp-json\/wp\/v2\/media?parent=200262"}],"wp:term":[{"taxonomy":"category","embeddable":true,"href":"https:\/\/www.elenacabrera.com\/weblog3\/wp-json\/wp\/v2\/categories?post=200262"},{"taxonomy":"post_tag","embeddable":true,"href":"https:\/\/www.elenacabrera.com\/weblog3\/wp-json\/wp\/v2\/tags?post=200262"}],"curies":[{"name":"wp","href":"https:\/\/api.w.org\/{rel}","templated":true}]}}