{"id":200276,"date":"2008-11-07T17:25:43","date_gmt":"2008-11-07T15:25:43","guid":{"rendered":""},"modified":"2019-05-25T19:48:07","modified_gmt":"2019-05-25T17:48:07","slug":"ponle-una-risa-al-pop-mas-oscuro","status":"publish","type":"post","link":"https:\/\/www.elenacabrera.com\/weblog3\/2008\/11\/07\/ponle-una-risa-al-pop-mas-oscuro\/","title":{"rendered":"Ponle una risa al pop m\u00e1s oscuro"},"content":{"rendered":"<p><strong>Comando Suzie, Padreisla y E.G.O. componen el cartel del primer Mini Festival de Pop Oscuro que llega este s\u00e1bado a Madrid tras su edici\u00f3n barcelonesa en julio<\/strong><\/p>\n<p><img loading=\"lazy\" decoding=\"async\" class=\"alignleft size-full wp-image-278\" title=\"Comando Suzie\" src=\"http:\/\/www.elenacabrera.com\/weblog\/wp-content\/uploads\/2009\/01\/19.jpg\" alt=\"\" width=\"300\" height=\"224\" \/>\u00abEs que en Madrid no se entiende la electr\u00f3nica como en Barcelona, no entienden el humor\u00bb, comenta un dj madrile\u00f1o en el <a href=\"http:\/\/www.lastfm.es\/event\/639185\" target=\"_BLANK\" rel=\"noopener noreferrer\">pasado concierto<\/a> del grupo de techno-pop sueco <strong>Elegant Machinery<\/strong>. En la capital, este grupo act\u00faa envuelto de pompa y seriedad mientras que en Barcelona se rodean del iconoclasta <a href=\"http:\/\/www.feafestival.com\/\" target=\"_BLANK\" rel=\"noopener noreferrer\">festival FEA<\/a>.<\/p>\n<p>Y lo mismo podr\u00edamos decir de los veteranos <strong>Front 242<\/strong>, que son teloneados en Madrid por <strong>Proyecto Mirage<\/strong> y <strong>Notes From Underground <\/strong>pero <a href=\"http:\/\/www.feafestival.net\/botonera\/tributo80\/front242.htm\" target=\"_BLANK\" rel=\"noopener noreferrer\">en Barcelona, en cambio, por <strong>Chimo Bayo<\/strong><\/a>.<\/p>\n<p>Aunque la gente del FEA piensa que no podr\u00edan hacerlo en Madrid, los organizadores del Mini Festival de Pop Oscuro est\u00e1n tan convencidos de lo contrario que, tras realizarlo en Barcelona el 12 de julio, hacen la edici\u00f3n madrile\u00f1a, con la misma formaci\u00f3n, este <a href=\"http:\/\/www.lastfm.es\/event\/754773\" target=\"_BLANK\" rel=\"noopener noreferrer\">s\u00e1bado 8 de noviembre en La Boca del Lobo<\/a>.<\/p>\n<p><a href=\"http:\/\/www.padreisla.com\/\" target=\"_BLANK\" rel=\"noopener noreferrer\"><img loading=\"lazy\" decoding=\"async\" class=\"alignleft size-full wp-image-279\" title=\"Padreisla\" src=\"http:\/\/www.elenacabrera.com\/weblog\/wp-content\/uploads\/2009\/01\/110.jpg\" alt=\"\" width=\"300\" height=\"225\" \/><\/a><strong><a href=\"http:\/\/www.padreisla.com\/\" target=\"_BLANK\" rel=\"noopener noreferrer\">Padreisla<\/a>, <a href=\"http:\/\/victima10.com\/WordPress\/?page_id=5\" target=\"_BLANK\" rel=\"noopener noreferrer\">Comando Suzie<\/a><\/strong> y <a href=\"http:\/\/www.myspace.com\/egobcn\" target=\"_BLANK\" rel=\"noopener noreferrer\"><strong>E.G.O.<\/strong><\/a> son los protagonistas de un tipo de encuentro, y de m\u00fasica, que se echa en falta en la capital. Ellos han decidido apostar por llamarlo \u00abpop oscuro\u00bb, pero que esto no eche atr\u00e1s a nadie. \u00abAl fin y al cabo pop viene de la\u00a0m\u00fasica\u00a0popular, simplemente adaptamos este tipo de\u00a0m\u00fasica\u00a0hacia su lado oscuro, mas extra\u00f1o, mas envolvente y misterioso, tanto l\u00edrico como musical\u00bb, dice <strong>Jos\u00e9<\/strong> de Padreisla. <strong>Ra\u00fal<\/strong>, de Comando Suzie, a\u00f1ade que \u00abhe buscado &#8216;pop oscuro&#8217; en el Google y resulta que es una etiqueta muy utilizada para definir a un mont\u00f3n de grupos. \u00a1Incluso hab\u00eda un papa oscuro!&#8230; De todas formas creemos que el nombre del festival est\u00e1 en el limite de lo serio y de la broma&#8230; por eso nos parece perfecto\u00bb.<\/p>\n<p>Los grupos favoritos de los protagonistas de la noche van desde <strong><a href=\"http:\/\/www.adn.es\/etiqueta\/Depeche%20Mode\/\" target=\"_BLANK\" rel=\"noopener noreferrer\">Depeche Mode<\/a>, And One, Sisters of Mercy, Die Krupps, She Wants Revenge, <a href=\"http:\/\/www.adn.es\/etiqueta\/Joy%20Division\/\" target=\"_BLANK\" rel=\"noopener noreferrer\">Joy Division<\/a><\/strong> o <a href=\"http:\/\/www.adn.es\/etiqueta\/David%20Bowie\/\" target=\"_BLANK\" rel=\"noopener noreferrer\"><strong>David\u00a0Bowie<\/strong><\/a> para Padreisla a los que E.G.O. a\u00f1ade <strong>Haujobb, Covenant, Underworld, Chimo Bayo, L.A Guns, Marillion<\/strong> y Comando no quiere olvidarse de sus cong\u00e9neres y protagonistas de algunas de sus canciones <a href=\"http:\/\/www.adn.es\/cultura\/20080314\/VID-0049-Crepusculo-Joe-musica.html\" target=\"_BLANK\" rel=\"noopener noreferrer\"><strong>Tar\u00e1ntula<\/strong><\/a>.<\/p>\n<p>En Madrid se tendr\u00e1n que enfrentar a fans muy diferentes a los de su ciudad. Comando Suzie, autores del genial disco de debut <a href=\"http:\/\/www.punchrecords.it\/product_music_info.html?products_id=233\" target=\"_BLANK\" rel=\"noopener noreferrer\"><em>Pobres chavales<\/em><\/a>, piensan que \u00aben Barcelona las fans se las llevaron de calle los Padreisla pero en Madrid ser\u00e1n para el Comando&#8230;\u00bb, amenazan. Para E.G.O. \u00absin duda el p\u00fablico madrile\u00f1o creemos que puede ser m\u00e1s receptivo a nuestra propuesta ya que tienen mayor inclinaci\u00f3n por los grupos que cantan en castellano\u00a0de la que hay en Catalunya\u00bb.<\/p>\n<p><img loading=\"lazy\" decoding=\"async\" class=\"alignleft size-full wp-image-280\" title=\"EGO\" src=\"http:\/\/www.elenacabrera.com\/weblog\/wp-content\/uploads\/2009\/01\/111.jpg\" alt=\"\" width=\"307\" height=\"256\" \/>La conexi\u00f3n entre los grupos tambi\u00e9n ser\u00e1 mejor, al ser la segunda vez que repiten sarao, \u00abel hecho de coger el portante y acercar\u00a0 nuestra propuesta a Madrid, no hace m\u00e1s que reforzar nuestros lazos de rock&#8217;n&#8217;roll\u00bb, aseguran los componentes de E.G.O. \u00abTambi\u00e9n\u00a0hace que exista mas\u00a0<em>feeling<\/em> entre nosotros y eso ayuda a subir los\u00a0\u00e1nimos\u00a0y las ganas con la que afrontar este festival\u00bb, puntualiza <strong>Joe<\/strong> de Padreisla.<\/p>\n<p>Son grupos peculiares, a pesar de tener algo de l\u00edricos, algo de c\u00f3mics, algo de siniestros, algo de procaces, son capaces de aferrarse a una canci\u00f3n de <strong>Raphael<\/strong> como es <em>Yo soy aquel<\/em> y que \u00e9sta sea la m\u00e1s importante de su vida, como en el caso de los Comando. M\u00e1s sorpresa causa que Marcos de E.G.O. adore <em>El rompeolas<\/em> de <strong>Loquillo y los Trogloditas<\/strong> y que <strong>K.O.&#8217;s<\/strong> elija <em>Suzanne<\/em> de <strong>Leonard Cohen<\/strong> como su canci\u00f3n favorita. Jos\u00e9 de Padreisla elige un cl\u00e1sico indie \u00abque ver con nuestra movida, pero siempre he llevado esa\u00a0melod\u00eda\u00a0en la cabeza\u00bb, <em>There she goes<\/em> de <strong>The La&#8217;s<\/strong> mientras que, para Joe, su preferida fue \u00abla primera\u00a0canci\u00f3n\u00a0del estilo que escuch\u00e9\u00bb, <em>Temple of love<\/em> de\u00a0<strong>Sisters Of Mercy<\/strong>.<\/p>\n<p>Confiando en que en el backstage de La Boca del Lobo \u00abhaga algo menos de calor que en el de Becool de Barcelona, con m\u00e1s groupies y m\u00e1s alcohol y que esa hospitalidad tan madrile\u00f1a se note\u00bb, E.G.O. se despide animando a que el p\u00fablico se acerque a verlos, pues la entrada s\u00f3lo cuesta 8 euros y adem\u00e1s trae un CD de regalo.<\/p>\n<h4>\u00bfQuieres leer las entrevistas completas? <a href=\"http:\/\/www.elenacabrera.com\/weblog\/?p=22\">Aqu\u00ed est\u00e1n<\/a>.<\/h4>\n<p><em>CC. Elena Cabrera. Publicado en ADN.es<\/em><\/p>\n","protected":false},"excerpt":{"rendered":"<p>Comando Suzie, Padreisla y E.G.O. componen el cartel del primer Mini Festival de Pop Oscuro que llega este s\u00e1bado a Madrid tras su edici\u00f3n barcelonesa en julio \u00abEs que en Madrid no se entiende la electr\u00f3nica como en Barcelona, no entienden el humor\u00bb, comenta un dj madrile\u00f1o en el pasado concierto del grupo de techno-pop [&hellip;]<\/p>\n","protected":false},"author":1,"featured_media":0,"comment_status":"open","ping_status":"open","sticky":false,"template":"","format":"standard","meta":{"footnotes":""},"categories":[],"tags":[],"class_list":["post-200276","post","type-post","status-publish","format-standard","hentry"],"_links":{"self":[{"href":"https:\/\/www.elenacabrera.com\/weblog3\/wp-json\/wp\/v2\/posts\/200276","targetHints":{"allow":["GET"]}}],"collection":[{"href":"https:\/\/www.elenacabrera.com\/weblog3\/wp-json\/wp\/v2\/posts"}],"about":[{"href":"https:\/\/www.elenacabrera.com\/weblog3\/wp-json\/wp\/v2\/types\/post"}],"author":[{"embeddable":true,"href":"https:\/\/www.elenacabrera.com\/weblog3\/wp-json\/wp\/v2\/users\/1"}],"replies":[{"embeddable":true,"href":"https:\/\/www.elenacabrera.com\/weblog3\/wp-json\/wp\/v2\/comments?post=200276"}],"version-history":[{"count":1,"href":"https:\/\/www.elenacabrera.com\/weblog3\/wp-json\/wp\/v2\/posts\/200276\/revisions"}],"predecessor-version":[{"id":2002002667,"href":"https:\/\/www.elenacabrera.com\/weblog3\/wp-json\/wp\/v2\/posts\/200276\/revisions\/2002002667"}],"wp:attachment":[{"href":"https:\/\/www.elenacabrera.com\/weblog3\/wp-json\/wp\/v2\/media?parent=200276"}],"wp:term":[{"taxonomy":"category","embeddable":true,"href":"https:\/\/www.elenacabrera.com\/weblog3\/wp-json\/wp\/v2\/categories?post=200276"},{"taxonomy":"post_tag","embeddable":true,"href":"https:\/\/www.elenacabrera.com\/weblog3\/wp-json\/wp\/v2\/tags?post=200276"}],"curies":[{"name":"wp","href":"https:\/\/api.w.org\/{rel}","templated":true}]}}