{"id":200295,"date":"2008-10-09T17:40:05","date_gmt":"2008-10-09T16:40:05","guid":{"rendered":""},"modified":"2009-02-02T18:36:16","modified_gmt":"2009-02-02T17:36:16","slug":"premio-nobel-%c2%bfun-reconocimiento-literario-o-politico","status":"publish","type":"post","link":"https:\/\/www.elenacabrera.com\/weblog3\/2008\/10\/09\/premio-nobel-%c2%bfun-reconocimiento-literario-o-politico\/","title":{"rendered":"Premio Nobel, \u00bfun reconocimiento literario o pol\u00edtico?"},"content":{"rendered":"<p><strong>La Academia Sueca anuncia hoy el ganador literario del a\u00f1o, que el a\u00f1o pasado fue otorgado a Doris Lessing y que nunca est\u00e1 exento de controversia<\/strong><\/p>\n<p><img loading=\"lazy\" decoding=\"async\" class=\"alignleft size-full wp-image-417\" title=\"Doris Lessing\" src=\"http:\/\/www.elenacabrera.com\/weblog\/wp-content\/uploads\/2008\/10\/1.jpg\" alt=\"Doris Lessing\" width=\"300\" height=\"465\" \/>El 23 de octubre de 1964 el diario Le Figaro public\u00f3 una carta escrita por <strong>Jean-Paul Sartre<\/strong>: \u00abun escritor no deber\u00eda permitirse a s\u00ed mismo convertirse en una instituci\u00f3n\u00bb. Y as\u00ed, rechaz\u00f3 el Premio Nobel. Nadie m\u00e1s lo hab\u00eda hecho. Ni antes, ni despu\u00e9s.<\/p>\n<p>Para Horace Engdahl, secretario de la Academia Sueca, el centro de la literatura mundial es Europa y no Estados Unidos.<\/p>\n<p>Pero la lista de laureados por el Premio Nobel no siempre responde a ese epicentro literario, pues esta organizaci\u00f3n que esculpe en pompa y secretismo su prestigio, se ha dejado fuera de su Monte Olimpo de las letras a los difuntos James Joyce, Jorge Luis Borges, Anton Chejov, <a href=\"http:\/\/www.adn.es\/etiqueta\/nabokov\/\" target=\"_BLANK\">Vladimir Nabokov<\/a>, Graham Greene o Leon Tolstoi.<\/p>\n<p>Durante la Primera Guerra Mundial la Academia decidi\u00f3 permanecer neutral al conflicto, por lo que todos aquellos autores significados fueron rechazados de las quinielas, como por ejemplo Zola, Ibsen o Mark Twain. Esta pol\u00edtica ocasion\u00f3 que las letras escandinavas gozaran de favoritismo, por lo que el sueco Verner von Heidenstam (1916), los daneses <strong>Karl Gjellerup<\/strong> y <strong>Henrik Pontoppidan<\/strong> (ambos ex aequo en 1917) y el noruego <strong>Knut Hamsun<\/strong> (1920) fueran galardonados, as\u00ed como el suizo <strong>Carl Spitteler<\/strong> en 1919.<\/p>\n<p>Los bi\u00f3grafos de Borges se\u00f1alan que la academia nunca le ha concedido el Nobel, pese a estar nominado en incontables ocasiones, por su apoyo a los gobiernos dictatoriales de Chile y Argentina, en cambio, otros escritores destacados por su respaldo a gobiernos de izquierdas, como el caso de Sartre o <strong>Pablo Neruda<\/strong> s\u00ed fueron elegidos.<\/p>\n<p><strong>Salman Rushdie<\/strong> podr\u00eda haber sido Premio Nobel en 1989, o en cualquier otro a\u00f1o, pero la academia decidi\u00f3 no apoyarle en la persecuci\u00f3n religiosa de la que es objeto. Por ello, ese a\u00f1o, dos de los miembros vitalicios de esta instituci\u00f3n presentaron su dimisi\u00f3n.<\/p>\n<p><strong>En busca del ideal <\/strong><\/p>\n<p>No fueron los \u00fanicos. En 2005 <strong>Knut Ahnlund<\/strong>, de 83 a\u00f1os, renunci\u00f3 a su sill\u00f3n de acad\u00e9mico por el premio que el a\u00f1o anterior se hab\u00eda concedi\u00f3 a la escritora austriaca feminista <strong>Elfriede Jelinek<\/strong> (La pianista). Esta vez los motivos no fueron pol\u00edticos sino literarios. \u00abEse premio ha hecho un da\u00f1o irreparable a todos los empe\u00f1os progresivos [de la academia] y ha confundido el punto de vista general de la literatura como arte\u00bb, <a href=\"http:\/\/news.bbc.co.uk\/1\/hi\/entertainment\/arts\/4329962.stm\" target=\"_BLANK\">declar\u00f3 a un peri\u00f3dico sueco<\/a>. Adem\u00e1s, aventur\u00f3 que probablemente los acad\u00e9micos suecos no hab\u00edan le\u00eddo siquiera una parte del trabajo de Jelinek.<\/p>\n<p>La culpa de que este controvertido premio del que Camilo Jos\u00e9 Cela se hab\u00eda vanagloriado en ganar antes del Cervantes, es posible que resida en el propio <strong>Alfred Nobel<\/strong>, que dej\u00f3 escrito que el laurel que lleva su nombre deber\u00eda concederse a \u00abla persona que haya producido (&#8230;) el m\u00e1s destacado trabajo en una direcci\u00f3n ideal\u00bb.<\/p>\n<p>Esa direcci\u00f3n ideal puede ser, para los albaceas del se\u00f1or Nobel, una ideolog\u00eda, una significaci\u00f3n, una posici\u00f3n y no necesariamente la cima de la literatura universal.<\/p>\n<p><em>CC. Elena Cabrera. Publicado en ADN.es<\/em><\/p>\n","protected":false},"excerpt":{"rendered":"<p>La Academia Sueca anuncia hoy el ganador literario del a\u00f1o, que el a\u00f1o pasado fue otorgado a Doris Lessing y que nunca est\u00e1 exento de controversia El 23 de octubre de 1964 el diario Le Figaro public\u00f3 una carta escrita por Jean-Paul Sartre: \u00abun escritor no deber\u00eda permitirse a s\u00ed mismo convertirse en una instituci\u00f3n\u00bb. [&hellip;]<\/p>\n","protected":false},"author":1,"featured_media":0,"comment_status":"open","ping_status":"open","sticky":false,"template":"","format":"standard","meta":{"footnotes":""},"categories":[],"tags":[],"class_list":["post-200295","post","type-post","status-publish","format-standard","hentry"],"_links":{"self":[{"href":"https:\/\/www.elenacabrera.com\/weblog3\/wp-json\/wp\/v2\/posts\/200295","targetHints":{"allow":["GET"]}}],"collection":[{"href":"https:\/\/www.elenacabrera.com\/weblog3\/wp-json\/wp\/v2\/posts"}],"about":[{"href":"https:\/\/www.elenacabrera.com\/weblog3\/wp-json\/wp\/v2\/types\/post"}],"author":[{"embeddable":true,"href":"https:\/\/www.elenacabrera.com\/weblog3\/wp-json\/wp\/v2\/users\/1"}],"replies":[{"embeddable":true,"href":"https:\/\/www.elenacabrera.com\/weblog3\/wp-json\/wp\/v2\/comments?post=200295"}],"version-history":[{"count":0,"href":"https:\/\/www.elenacabrera.com\/weblog3\/wp-json\/wp\/v2\/posts\/200295\/revisions"}],"wp:attachment":[{"href":"https:\/\/www.elenacabrera.com\/weblog3\/wp-json\/wp\/v2\/media?parent=200295"}],"wp:term":[{"taxonomy":"category","embeddable":true,"href":"https:\/\/www.elenacabrera.com\/weblog3\/wp-json\/wp\/v2\/categories?post=200295"},{"taxonomy":"post_tag","embeddable":true,"href":"https:\/\/www.elenacabrera.com\/weblog3\/wp-json\/wp\/v2\/tags?post=200295"}],"curies":[{"name":"wp","href":"https:\/\/api.w.org\/{rel}","templated":true}]}}