{"id":200321,"date":"2007-12-31T18:10:38","date_gmt":"2007-12-31T17:10:38","guid":{"rendered":""},"modified":"2009-01-25T18:11:24","modified_gmt":"2009-01-25T17:11:24","slug":"los-libreros-de-fuentetaja-en-huelga-kamikaze","status":"publish","type":"post","link":"https:\/\/www.elenacabrera.com\/weblog3\/2007\/12\/31\/los-libreros-de-fuentetaja-en-huelga-kamikaze\/","title":{"rendered":"Los libreros de Fuentetaja, en huelga kamikaze"},"content":{"rendered":"<p><strong>Luchan por una librer\u00eda que est\u00e1 siendo conducida a la ruina por un propietario que lo primero que hizo al comprar, hace 8 a\u00f1os, fue congelar los sueldos hasta hoy<\/strong><\/p>\n<p><img loading=\"lazy\" decoding=\"async\" class=\"alignleft size-full wp-image-323\" title=\"Huelga en Fuentetaja\" src=\"http:\/\/www.elenacabrera.com\/weblog\/wp-content\/uploads\/2009\/01\/20.jpg\" alt=\"\" width=\"300\" height=\"400\" \/>Los libreros disfrutan de su oficio con resignaci\u00f3n, como un jubilado que agota con tranquilidad y buen \u00e1nimo los \u00faltimos a\u00f1os de su vida haciendo lo que m\u00e1s le gusta.<\/p>\n<p>\u00abUna librer\u00eda es un peque\u00f1o santuario, con un criterio literario, que permite cortar un espectro de lo publicado\u00bb, define <strong>Carlos Garc\u00eda Sim\u00f3n<\/strong>, hasta hace pocos d\u00edas librero de la resistente Fuentaja en Madrid. Hoy en paro.<\/p>\n<p>Las librer\u00edas con car\u00e1cter han sabido aguantar la embestida de supermercados de la cultura como FNAC o, en menor medida, la Casa del Libro. Al contrario que las tiendas de discos, quiz\u00e1s porque estas \u00faltimas olvidaron que lo importante no era vender sino seleccionar. \u00abCuando entras en Amazon o FNAC est\u00e1s absolutamente perdido\u00bb, dice Carlos.<\/p>\n<p>En tiempos de abundancia creativa -donde muchos ciudadanos se han vuelto punks, en el viejo sentido brit\u00e1nico de si ellos pueden, porqu\u00e9 no voy a subirme yo tambi\u00e9n a un escenario, porqu\u00e9 no voy a publicar- es m\u00e1s importante encontrar la persona que sabe lo que recomendarte que disponer de un amplio y variado stock; lo cual no deja de ser, en su medida, tambi\u00e9n importante.<\/p>\n<p><strong>Ocho a\u00f1os de salarios congelados <\/strong><\/p>\n<p>El papel de Fuentetaja antes de 1999 era de resistencia pol\u00edtica y est\u00e9tica, desde que fue comprada por <strong>Pedro Pablo Mansilla<\/strong>, \u00abno queda nada claro\u00bb, seg\u00fan sus libreros, que estos d\u00edas est\u00e1n en huelga para defender no s\u00f3lo ese concepto de negocio (\u00abno se vigila el fondo de librer\u00eda\u00bb, \u00abno existe un concepto rector\u00bb, \u00ablos anaqueles siguen vac\u00edos\u00bb, \u00abse pospone la creaci\u00f3n de una p\u00e1gina web funcional\u00bb, \u00abno se atiende con el debido inter\u00e9s los pedidos\u00bb, \u00abel espacio de la librer\u00eda est\u00e1 inutilizado\u00bb, argumentan en su <a href=\"http:\/\/huelgafuentetaja.blogspot.com\/2007\/12\/huelga-en-fuentetaja.html\" target=\"_BLANK\">manifiesto de huelga<\/a> del pasado 20 de diciembre) sino tambi\u00e9n para exigir mejoras salariales.<\/p>\n<p>Sus empleados, en algunos casos con m\u00e1s de diez a\u00f1os de antig\u00fcedad, son menos que mileuristas. Desde hace ocho a\u00f1os viven una congelaci\u00f3n salarial que esta movilizaci\u00f3n intenta desbloquear. Con el inicio de las negociaciones algunos consiguieron elevar su paga un 10%, otros un 9%. Esta discriminaci\u00f3n y el incremento, considerado \u00abrid\u00edculo\u00bb, empuja a los trabajadores a continuar en lucha.<\/p>\n<p>\u00abLos primeros en plantarnos fuimos seis -recuerda Carlos-, tres que acab\u00e1bamos de entrar hac\u00eda cuatro meses y los dos intermedios, \u00cd\u00f1igo y Amelia, que llevan aqu\u00ed 11 a\u00f1os, s\u00f3lo 11 a\u00f1os porque el resto lleva 30\u00bb.<\/p>\n<p>A Carlos le contrataron hace siete meses, para la <a href=\"http:\/\/www.adn.es\/cultura\/cartelera\/20070925\/NWS-0602-Fuentetaja-Libreria-Molina-emblematica-encuentro.html\" target=\"_BLANK\">apertura de la nueva sede de la librer\u00eda<\/a> en la calle San Bernardo 35, ya que su anterior, hist\u00f3rica y laber\u00edntica ubicaci\u00f3n en el n\u00famero 48 de la misma calle estaba en peligro de ruina. Le ofrecieron colaborar en el proyecto de reflotar una librer\u00eda m\u00edtica y ponerla a la altura de la Central en el Reina Sof\u00eda, que para el joven dependiente es la referencia en Madrid. \u00abYo llegu\u00e9 con la idea de configurar una librer\u00eda poderosa con un criterio literario fino. Esa fue la idea. Dur\u00e9 un mes con esa posici\u00f3n\u00bb. El muro contra el que se enfrent\u00f3 es el de \u00abla desidia, una especie de coma mantenido, que es la expresi\u00f3n que utiliza <strong>\u00cd\u00f1igo Jauregui<\/strong>\u00ab, otro de los libreros en huelga.<\/p>\n<p><strong>Propietario por prestigio<\/strong><\/p>\n<p>El propietario del 90% del negocio es Pedro Pablo Mansilla, promotor inmobiliario, ex cargo del PSOE, ex director general de Administraci\u00f3n Penitenciaria con gobierno de <strong>Felipe Gonz\u00e1lez<\/strong> y hoy de actualidad por haber sido designado por<strong> Luis Fern\u00e1ndez<\/strong> para liquidar los bienes inmuebles de RTVE en Madrid.<\/p>\n<p>Los libreros opinan que compr\u00f3 el negocio por el prestigio del nombre pero no est\u00e1 interesado en hacer que funcione, basta con que no quiebre. \u00abToda la directiva, que son tres personas, no prestan atenci\u00f3n alguna a la librer\u00eda. No se divide el trabajo, no se permite ejercer el criterio literario a los libreros. Tenemos un librero espectacular en la secci\u00f3n de pedagogia, y no se le permite desarrollar su criterio profesional\u00bb, explica Carlos.<\/p>\n<p>La huelga arranc\u00f3 el d\u00eda 21 con caracter indefinido pero \u00abtodos sabemos c\u00f3mo va a acabar esto\u00bb, confiesa el librero despedido con gesto ir\u00f3nico y sonrisa desilusionada, \u00abser\u00e1 igual que cuando se plante\u00f3 la huelga y yo fui despedido. Es bonito porque al menos fueron francos, me dijeron &#8216;eres el m\u00e1s barato&#8217;. Esto acabar\u00e1 cuando la huelga se desconvoque, porque econ\u00f3micamente no se pueda seguir manteniendo, e \u00cd\u00f1igo y <strong>Amelia G\u00f3mez<\/strong>, que son las dos cabezas, se vayan a la calle\u00bb.<\/p>\n<p>Amelia sabe lo que va a suceder pero tom\u00f3 esta decisi\u00f3n para ser fiel a s\u00ed misma, porque si no lo hubiera hecho, no se lo hubiera perdonado nunca. Saben que la librer\u00eda podr\u00eda dar beneficios, que hay una demanda desatendida, que el nombre de <strong>Mar\u00eda Fuentetaja<\/strong>, la fundadora, todav\u00eda significa algo. Asistir al fracaso y a la humillaci\u00f3n laboral de brazos cruzados es lo \u00faltimo que no est\u00e1n dispuestos a consentir.<\/p>\n<p><em>CC. Elena Cabrera. Publicado en ADN.es<\/em><\/p>\n","protected":false},"excerpt":{"rendered":"<p>Luchan por una librer\u00eda que est\u00e1 siendo conducida a la ruina por un propietario que lo primero que hizo al comprar, hace 8 a\u00f1os, fue congelar los sueldos hasta hoy Los libreros disfrutan de su oficio con resignaci\u00f3n, como un jubilado que agota con tranquilidad y buen \u00e1nimo los \u00faltimos a\u00f1os de su vida haciendo [&hellip;]<\/p>\n","protected":false},"author":1,"featured_media":0,"comment_status":"open","ping_status":"open","sticky":false,"template":"","format":"standard","meta":{"footnotes":""},"categories":[],"tags":[],"class_list":["post-200321","post","type-post","status-publish","format-standard","hentry"],"_links":{"self":[{"href":"https:\/\/www.elenacabrera.com\/weblog3\/wp-json\/wp\/v2\/posts\/200321","targetHints":{"allow":["GET"]}}],"collection":[{"href":"https:\/\/www.elenacabrera.com\/weblog3\/wp-json\/wp\/v2\/posts"}],"about":[{"href":"https:\/\/www.elenacabrera.com\/weblog3\/wp-json\/wp\/v2\/types\/post"}],"author":[{"embeddable":true,"href":"https:\/\/www.elenacabrera.com\/weblog3\/wp-json\/wp\/v2\/users\/1"}],"replies":[{"embeddable":true,"href":"https:\/\/www.elenacabrera.com\/weblog3\/wp-json\/wp\/v2\/comments?post=200321"}],"version-history":[{"count":0,"href":"https:\/\/www.elenacabrera.com\/weblog3\/wp-json\/wp\/v2\/posts\/200321\/revisions"}],"wp:attachment":[{"href":"https:\/\/www.elenacabrera.com\/weblog3\/wp-json\/wp\/v2\/media?parent=200321"}],"wp:term":[{"taxonomy":"category","embeddable":true,"href":"https:\/\/www.elenacabrera.com\/weblog3\/wp-json\/wp\/v2\/categories?post=200321"},{"taxonomy":"post_tag","embeddable":true,"href":"https:\/\/www.elenacabrera.com\/weblog3\/wp-json\/wp\/v2\/tags?post=200321"}],"curies":[{"name":"wp","href":"https:\/\/api.w.org\/{rel}","templated":true}]}}