{"id":2003230,"date":"2014-09-17T11:38:31","date_gmt":"2014-09-17T10:38:31","guid":{"rendered":""},"modified":"2014-09-17T11:43:21","modified_gmt":"2014-09-17T10:43:21","slug":"%c2%bfcual-es-la-mejor-hora-para-un-concierto","status":"publish","type":"post","link":"https:\/\/www.elenacabrera.com\/weblog3\/2014\/09\/17\/%c2%bfcual-es-la-mejor-hora-para-un-concierto\/","title":{"rendered":"\u00bfCu\u00e1l es la mejor hora para un concierto?"},"content":{"rendered":"<p>A la baja forma del grupo, las malas condiciones ac\u00fasticas de la sala, el mal rollo con los porteros y los precios excesivos, ahora hay un nuevo factor de renuncia a comprar la entrada: que el concierto empiece tarde.<\/p>\n<p>Cada vez estoy m\u00e1s convencida de que los conciertos deben empezar a las 20:00, sin retrasos. Y el grupo tocando delante de una sala vac\u00eda. En fin, sobre esto y la agenda (la org\u00eda) de conciertos de septiembre y octubre hablo en mi columna de Madriz de este mes:<\/p>\n<p>\u00abSer promotor en Madrid. Lo que hace a\u00f1os era divertido y gozoso, hoy es tan inapetente como un salto en paraca\u00eddas con mochilas de la Segunda Guerra Mundial. Un \u201call\u00e1 t\u00fa\u201d del tama\u00f1o del Palacio de Deportes&#8230;\u00bb <a href=\"http:\/\/www.madriz.com\/conciertos-con-bostezos\/\">sigue leyendo en Madriz.com<\/a>.<\/p>\n<p><iframe loading=\"lazy\" src=\"https:\/\/www.flickr.com\/photos\/pasotraspaso\/9100693897\/in\/photolist-eScret-9RcBUy-8oty8t-9Ug4L6-3ytHC2-3yyr7h-3yzgCJ-3ytwL6-3yuswB-3ytjHT-3ytnCK-3yuDpD-3yz4GN-3yynH9-3ytLH2-3yxU6y-3yujf6-3ytyvZ-3yxR5w-3yydv3-3yuyax-3yuzNx-3yuoCV-3yuUhg-3ytNoK-5wiJZD-aXrHwe-5wocM7-5sKGLs-5sKDmN-9c3NbF-9c6SE1-aXrHTZ-5zmTUX-5wixhM-9Dg5Px-5ycgnD-9msU39-dmUaWT---d7ZpcU-nLr3uF-3P9QkP-4hJsxY-w22TU-82siC2-5KP7rL-dLk6oQ-3PaXJ9\/player\/\" width=\"500\" height=\"334\" frameborder=\"0\" allowfullscreen webkitallowfullscreen mozallowfullscreen oallowfullscreen msallowfullscreen><\/iframe><\/p>\n<p>Este y otros art\u00edculos dignos de ser le\u00eddos, al menos el primer p\u00e1rrafo, <a href=\"http:\/\/www.elenacabrera.com\/weblog\/leeme\/\">aqu\u00ed<\/a>.<\/p>\n","protected":false},"excerpt":{"rendered":"<p>A la baja forma del grupo, las malas condiciones ac\u00fasticas de la sala, el mal rollo con los porteros y los precios excesivos, ahora hay un nuevo factor de renuncia a comprar la entrada: que el concierto empiece tarde. Cada vez estoy m\u00e1s convencida de que los conciertos deben empezar a las 20:00, sin retrasos. [&hellip;]<\/p>\n","protected":false},"author":1,"featured_media":0,"comment_status":"open","ping_status":"open","sticky":false,"template":"","format":"standard","meta":{"footnotes":""},"categories":[],"tags":[],"class_list":["post-2003230","post","type-post","status-publish","format-standard","hentry"],"_links":{"self":[{"href":"https:\/\/www.elenacabrera.com\/weblog3\/wp-json\/wp\/v2\/posts\/2003230","targetHints":{"allow":["GET"]}}],"collection":[{"href":"https:\/\/www.elenacabrera.com\/weblog3\/wp-json\/wp\/v2\/posts"}],"about":[{"href":"https:\/\/www.elenacabrera.com\/weblog3\/wp-json\/wp\/v2\/types\/post"}],"author":[{"embeddable":true,"href":"https:\/\/www.elenacabrera.com\/weblog3\/wp-json\/wp\/v2\/users\/1"}],"replies":[{"embeddable":true,"href":"https:\/\/www.elenacabrera.com\/weblog3\/wp-json\/wp\/v2\/comments?post=2003230"}],"version-history":[{"count":0,"href":"https:\/\/www.elenacabrera.com\/weblog3\/wp-json\/wp\/v2\/posts\/2003230\/revisions"}],"wp:attachment":[{"href":"https:\/\/www.elenacabrera.com\/weblog3\/wp-json\/wp\/v2\/media?parent=2003230"}],"wp:term":[{"taxonomy":"category","embeddable":true,"href":"https:\/\/www.elenacabrera.com\/weblog3\/wp-json\/wp\/v2\/categories?post=2003230"},{"taxonomy":"post_tag","embeddable":true,"href":"https:\/\/www.elenacabrera.com\/weblog3\/wp-json\/wp\/v2\/tags?post=2003230"}],"curies":[{"name":"wp","href":"https:\/\/api.w.org\/{rel}","templated":true}]}}