{"id":2003236,"date":"2014-09-19T09:15:41","date_gmt":"2014-09-19T08:15:41","guid":{"rendered":""},"modified":"2014-09-19T09:22:05","modified_gmt":"2014-09-19T08:22:05","slug":"fin-de-semana","status":"publish","type":"post","link":"https:\/\/www.elenacabrera.com\/weblog3\/2014\/09\/19\/fin-de-semana\/","title":{"rendered":"Fin de semana"},"content":{"rendered":"<p>Sucesos remarcables que han pasado esta semana:<\/p>\n<p>&#8211; Eleonor ha ido al cole de mayores a jornada completa por primera vez en la vida. Conven\u00eda contarlo aqu\u00ed.<br \/>\n&#8211; Entrevist\u00e9 a Susana Sanz (aka @SuySuLucha), de la que tantos streamings he visto. <a href=\"http:\/\/www.eldiario.es\/sociedad\/Llevar-policias-victoria-independientemente-resolucion_0_304120307.html\">Hoy se publica la entrevista en eldiario.es<\/a>.<br \/>\n&#8211; Ayer estuvimos en el evento del <a href=\"http:\/\/www.eldiario.es\/multimedia\/2_aniversario\/index.html#intro\">segundo aniversario de eldiario.es<\/a> en el C\u00edrculo de Bellas Artes, \u00a1la mejor fiesta de las tres! Algunos discursos muy buenos. <a href=\"https:\/\/twitter.com\/search?q=%232a%C3%B1oseldiarioes&#038;src=typd\">#2a\u00f1oseldiarioes<\/a><\/p>\n<blockquote class=\"twitter-tweet\" lang=\"es\">\n<p>Gracias a todos los socios de <a href=\"https:\/\/twitter.com\/eldiarioes\">@eldiarioes<\/a> por hacerlo posible. <a href=\"https:\/\/twitter.com\/hashtag\/2a%C3%B1oseldiarioes?src=hash\">#2a\u00f1oseldiarioes<\/a> <a href=\"http:\/\/t.co\/ZXwZK0d1aG\">pic.twitter.com\/ZXwZK0d1aG<\/a><\/p>\n<p>&mdash; Luz Sanchis (@LuzSanchis) <a href=\"https:\/\/twitter.com\/LuzSanchis\/status\/512735065365688320\">septiembre 18, 2014<\/a><\/p><\/blockquote>\n<p><script async src=\"\/\/platform.twitter.com\/widgets.js\" charset=\"utf-8\"><\/script><\/p>\n<blockquote class=\"twitter-tweet\" lang=\"es\">\n<p>En la fiesta de cumplea\u00f1os de los colegas de <a href=\"https:\/\/twitter.com\/eldiarioes\">@eldiarioes<\/a>. Mucho ambiente aqu\u00ed \ud83d\ude09 <a href=\"https:\/\/twitter.com\/juanlusanchez\">@juanlusanchez<\/a> <a href=\"http:\/\/t.co\/cs3bAnkBdc\">pic.twitter.com\/cs3bAnkBdc<\/a><\/p>\n<p>&mdash; Antonio Mart\u00ednez Ron (@aberron) <a href=\"https:\/\/twitter.com\/aberron\/status\/512670490952237056\">septiembre 18, 2014<\/a><\/p><\/blockquote>\n<p><script async src=\"\/\/platform.twitter.com\/widgets.js\" charset=\"utf-8\"><\/script><\/p>\n<p>&#8211; He removido (y sigo) cielo y tierra buscando madrastras.<br \/>\n&#8211; He escrito algunas <a href=\"http:\/\/www.sexcoolture.com\/\">fichas<\/a> sobre dildos de lujo.<br \/>\n&#8211; He pagado el numerito de la moto (con recargo).<br \/>\n&#8211; Escrib\u00ed y publiqu\u00e9 mi columna mensual sobre m\u00fasica en Madriz, esta vez sobre <a href=\"http:\/\/www.elenacabrera.com\/weblog\/%C2%BFcual-es-la-mejor-hora-para-un-concierto\/\">horarios y riesgos de promotores de conciertos<\/a>.<br \/>\n&#8211; Entregu\u00e9 <a href=\"http:\/\/www.elenacabrera.com\/weblog\/un-desastre\/\">un art\u00edculo<\/a> para Rockdelux.<\/p>\n<p>Y un par de cosas por venir:<br \/>\n&#8211; Hoy a las 16:00 estar\u00e9 en el programa de radio <a href=\"http:\/\/barriocanino.blogspot.com.es\/\">Barrio Canino<\/a>.<br \/>\n&#8211; Hoy a las 19:30 estar\u00e9 con Camila Monasterio (a la que entrevist\u00e9 aqu\u00ed), C\u00e9sar Rendueles, David Aristegui y el editor de Hoja de Lata <a href=\"http:\/\/www.elenacabrera.com\/weblog\/criminales-del-copyright\/\">en Enclave de Libros hablando de \u00abCriminales del Copyright\u00bb<\/a>.<br \/>\n&#8211; Ma\u00f1ana s\u00e1bado a las 11:30 nuestro grupo Bah Prospe hace una acci\u00f3n colectiva en la Escuela Popular de la Prospe: taller para aprender a embotar conservas, talleres para ni\u00f1os, venta de ropa barata y rica comida hecha por nosotros. Venirse.<\/p>\n","protected":false},"excerpt":{"rendered":"<p>Sucesos remarcables que han pasado esta semana: &#8211; Eleonor ha ido al cole de mayores a jornada completa por primera vez en la vida. Conven\u00eda contarlo aqu\u00ed. &#8211; Entrevist\u00e9 a Susana Sanz (aka @SuySuLucha), de la que tantos streamings he visto. Hoy se publica la entrevista en eldiario.es. &#8211; Ayer estuvimos en el evento del [&hellip;]<\/p>\n","protected":false},"author":1,"featured_media":0,"comment_status":"open","ping_status":"open","sticky":false,"template":"","format":"standard","meta":{"footnotes":""},"categories":[],"tags":[],"class_list":["post-2003236","post","type-post","status-publish","format-standard","hentry"],"_links":{"self":[{"href":"https:\/\/www.elenacabrera.com\/weblog3\/wp-json\/wp\/v2\/posts\/2003236","targetHints":{"allow":["GET"]}}],"collection":[{"href":"https:\/\/www.elenacabrera.com\/weblog3\/wp-json\/wp\/v2\/posts"}],"about":[{"href":"https:\/\/www.elenacabrera.com\/weblog3\/wp-json\/wp\/v2\/types\/post"}],"author":[{"embeddable":true,"href":"https:\/\/www.elenacabrera.com\/weblog3\/wp-json\/wp\/v2\/users\/1"}],"replies":[{"embeddable":true,"href":"https:\/\/www.elenacabrera.com\/weblog3\/wp-json\/wp\/v2\/comments?post=2003236"}],"version-history":[{"count":0,"href":"https:\/\/www.elenacabrera.com\/weblog3\/wp-json\/wp\/v2\/posts\/2003236\/revisions"}],"wp:attachment":[{"href":"https:\/\/www.elenacabrera.com\/weblog3\/wp-json\/wp\/v2\/media?parent=2003236"}],"wp:term":[{"taxonomy":"category","embeddable":true,"href":"https:\/\/www.elenacabrera.com\/weblog3\/wp-json\/wp\/v2\/categories?post=2003236"},{"taxonomy":"post_tag","embeddable":true,"href":"https:\/\/www.elenacabrera.com\/weblog3\/wp-json\/wp\/v2\/tags?post=2003236"}],"curies":[{"name":"wp","href":"https:\/\/api.w.org\/{rel}","templated":true}]}}