{"id":2003274,"date":"2014-10-05T11:24:04","date_gmt":"2014-10-05T10:24:04","guid":{"rendered":""},"modified":"2014-10-05T11:52:39","modified_gmt":"2014-10-05T10:52:39","slug":"1934-sin-pena-ni-gloria","status":"publish","type":"post","link":"https:\/\/www.elenacabrera.com\/weblog3\/2014\/10\/05\/1934-sin-pena-ni-gloria\/","title":{"rendered":"1934 sin pena ni gloria"},"content":{"rendered":"<p><img loading=\"lazy\" decoding=\"async\" class=\"alignleft\" style=\"margin: 2px;\" src=\"http:\/\/media-cache-ak0.pinimg.com\/originals\/28\/4c\/e9\/284ce9004885066e7509078931975fa8.jpg\" alt=\"\" width=\"346\" height=\"310\" \/><\/p>\n<p>Y eso que, de verdad, no <a href=\"http:\/\/www.elenacabrera.com\/weblog\/tag\/raimundo-cabrera\/\">para m\u00ed<\/a>. Desde hace no mucho, entiendo la gran importancia en nuestras vidas del a\u00f1o 1934 y me parece un esc\u00e1ndalo que no lo sea para todo el mundo, que no haya conmemoraciones con la misma categor\u00eda del d\u00eda de la Constituci\u00f3n, por ejemplo. Es incre\u00edble todo lo que hablamos del 36 y lo poco que mencionamos el 34, casi como si no hubiera existido, como si fueran unos locos montando un poco de foll\u00f3n. En cambio, el 34 es la insurrecci\u00f3n del proletariado espa\u00f1ol y la \u00faltima de este tipo que intent\u00f3 el siglo XX. Se aplast\u00f3 por los mismo hombres y de la misma manera que se har\u00eda en el 39. Los generales se probaron de qu\u00e9 eran capaces, machacando Asturianos y encarcelando, por todo el pa\u00eds, a cualquiera que hubiera tenido algo que ver.<\/p>\n<p>Las c\u00e1rceles vivieron un <em>sold out<\/em> insano entre 1934 y la ley de amnist\u00eda que prometi\u00f3 y promulg\u00f3 el Frente Popular al ganar las elecciones de febrero de 1936. Pienso mucho en cu\u00e1l ser\u00eda el \u00e1nimo de los presos pol\u00edticos durante ese a\u00f1o y cuatro meses. En el insalubre penal de Chinchilla (Albacete), por ejemplo, donde hubo organizaci\u00f3n y motines. Es triste pensar que ese a\u00f1o y medio de gobierno conservador de la Rep\u00fablica tuvo a sus mejores hombres entre rejas, desanim\u00e1ndolos de seguir con la revoluci\u00f3n socialista. Por otro lado, para los que se quedaron fuera, la apisonadora de la represi\u00f3n contra las huelgas y levantamientos del 34 debi\u00f3 de alentar la unidad (muchas renuncias, un mal menor) y al apoyo al Frente Popular. Debi\u00f3 de darles ganas de pelear.<\/p>\n<p>Hoy he publicado en Eldiario.es <a href=\"http:\/\/www.eldiario.es\/sociedad\/pena-gloria-revolucion_0_309719810.html\"><em>Ni pena ni gloria para la revoluci\u00f3n del 34<\/em><\/a> y con ese titular me refiero a<!--more--> la memoria de la gente y a todo el Estado en general, porque Asturias&#8230; Asturies es diferente. Y a\u00fan as\u00ed, no creo que all\u00ed tenga la categor\u00eda que deber\u00eda tener el recuerdo y el homenaje al <em>ochobre<\/em>.<\/p>\n<p>Una de las primeras cosas que debemos hacer es leer. Estoy colocando en Bookcamping una estanter\u00eda sobre este tema: <a href=\"http:\/\/bookcamping.cc\/listas\/revolucion-de-1934-en-espana\">Revoluci\u00f3n de 1934 en Espa\u00f1a<\/a>. No est\u00e1 completa, a\u00fan queda trabajo. Tampoco pretendo ser exhaustiva sino tener a mano lo que creo que debo\/debemos leer. De todos los libros, los que m\u00e1s me interesan son los de memorias, period\u00edsticos o literarios de aquellos que participaron o lo vieron de cerca, m\u00e1s que los de divulgaci\u00f3n. Si yo hubiera estado por all\u00ed, lo primero que hubiera hecho en 1935 es ponerme a escribir, por eso pienso que hay muchos m\u00e1s textos de los que conocemos, quiz\u00e1s a\u00fan encontremos manuscritos en ba\u00fales:<\/p>\n<p><a href=\"http:\/\/bookcamping.cc\/referencia\/2553-el-valle-negro\"><em>El valle negro<\/em>, poemas de Alfonso Cam\u00edn (1938)<\/a>.<br \/>\n<a href=\"La revoluci\u00f3n de octubre: quince d\u00edas de comunismo libertario en Asturias\"><em>La revoluci\u00f3n de octubre: quince d\u00edas de comunismo libertario en Asturias<\/em><\/a>, memorias de Fernando Solano Palacio (1936).<br \/>\n<a href=\"http:\/\/bookcamping.cc\/referencia\/2546-por-que-hicimos\"><em>Por qu\u00e9 hicimos la revoluci\u00f3n, memorias de Margarita Nelken (1936)<\/em><\/a>. \u00bfLa \u00fanica mujer que escribi\u00f3? No puede ser.<br \/>\n<a href=\"http:\/\/bookcamping.cc\/referencia\/2544-la-revolucion-fue\"><em>La revoluci\u00f3n fue as\u00ed. Octubre rojo y negro<\/em>, reportaje literario de Manuel D. Benavides.<\/a><br \/>\n<a href=\"http:\/\/bookcamping.cc\/referencia\/2534-la-insurrecion-de\"><em>La insurrecci\u00f3n de Asturias<\/em>, memorias de Manuel Grossi Mier (1935).<\/a><br \/>\n<a href=\"http:\/\/bookcamping.cc\/referencia\/1680-octubre-rojo-en\"><em>Octubre rojo en Asturias<\/em>, novela de Jos\u00e9 D\u00edaz Fern\u00e1ndez (1935).<\/a><br \/>\n<a href=\"http:\/\/bookcamping.cc\/referencia\/2555-nubes-de-libertad\"><em>Nubes de libertad<\/em>, memorias de Nicol\u00e1s Gonz\u00e1lez Navas (1980).<\/a><\/p>\n<p><a data-pin-do=\"embedBoard\" href=\"http:\/\/es.pinterest.com\/elenacabrera\/buscando-a-mi-abuelo\/\" data-pin-scale-width=\"115\" data-pin-scale-height=\"120\" data-pin-board-width=\"900\">Buscando a mi abuelo<\/a><br \/>\n<!-- Please call pinit.js only once per page --><br \/>\n<script type=\"text\/javascript\" async src=\"\/\/assets.pinterest.com\/js\/pinit.js\"><\/script><\/p>\n<p>En la imagen de este post, la plaza de Zocodover (Toledo) durante una huelga del 34.<\/p>\n","protected":false},"excerpt":{"rendered":"<p>Y eso que, de verdad, no para m\u00ed. Desde hace no mucho, entiendo la gran importancia en nuestras vidas del a\u00f1o 1934 y me parece un esc\u00e1ndalo que no lo sea para todo el mundo, que no haya conmemoraciones con la misma categor\u00eda del d\u00eda de la Constituci\u00f3n, por ejemplo. Es incre\u00edble todo lo que [&hellip;]<\/p>\n","protected":false},"author":1,"featured_media":0,"comment_status":"open","ping_status":"open","sticky":false,"template":"","format":"standard","meta":{"footnotes":""},"categories":[],"tags":[],"class_list":["post-2003274","post","type-post","status-publish","format-standard","hentry"],"_links":{"self":[{"href":"https:\/\/www.elenacabrera.com\/weblog3\/wp-json\/wp\/v2\/posts\/2003274","targetHints":{"allow":["GET"]}}],"collection":[{"href":"https:\/\/www.elenacabrera.com\/weblog3\/wp-json\/wp\/v2\/posts"}],"about":[{"href":"https:\/\/www.elenacabrera.com\/weblog3\/wp-json\/wp\/v2\/types\/post"}],"author":[{"embeddable":true,"href":"https:\/\/www.elenacabrera.com\/weblog3\/wp-json\/wp\/v2\/users\/1"}],"replies":[{"embeddable":true,"href":"https:\/\/www.elenacabrera.com\/weblog3\/wp-json\/wp\/v2\/comments?post=2003274"}],"version-history":[{"count":0,"href":"https:\/\/www.elenacabrera.com\/weblog3\/wp-json\/wp\/v2\/posts\/2003274\/revisions"}],"wp:attachment":[{"href":"https:\/\/www.elenacabrera.com\/weblog3\/wp-json\/wp\/v2\/media?parent=2003274"}],"wp:term":[{"taxonomy":"category","embeddable":true,"href":"https:\/\/www.elenacabrera.com\/weblog3\/wp-json\/wp\/v2\/categories?post=2003274"},{"taxonomy":"post_tag","embeddable":true,"href":"https:\/\/www.elenacabrera.com\/weblog3\/wp-json\/wp\/v2\/tags?post=2003274"}],"curies":[{"name":"wp","href":"https:\/\/api.w.org\/{rel}","templated":true}]}}