{"id":200332,"date":"2009-01-27T12:18:05","date_gmt":"2009-01-27T10:18:05","guid":{"rendered":""},"modified":"2019-05-25T20:31:55","modified_gmt":"2019-05-25T18:31:55","slug":"%c2%bf2009-desesperanzador-hoy-todos-somos-demonios","status":"publish","type":"post","link":"https:\/\/www.elenacabrera.com\/weblog3\/2009\/01\/27\/%c2%bf2009-desesperanzador-hoy-todos-somos-demonios\/","title":{"rendered":"\u00bf2009 desesperanzador? Hoy todos somos demonios"},"content":{"rendered":"<p>Se me ocurre haer una b\u00fasqueda en Twitter por mensajes que han sido dirigidos a m\u00ed (@elenac) y descubro que la gran mayor\u00eda no los hab\u00eda visto. Me veo a m\u00ed misma como esos conductores del autob\u00fas que no te devuelven el saludo, por poner un ejemplo no conflictivo que no me acarree una denuncia.<\/p>\n<p><img loading=\"lazy\" decoding=\"async\" class=\"alignright size-medium wp-image-346\" title=\"Ella y el demonio\" src=\"http:\/\/www.elenacabrera.com\/weblog\/wp-content\/uploads\/2009\/01\/1800776560_8aa5ad11e1-259x300.jpg\" alt=\"Ella y el demonio\" width=\"259\" height=\"300\" \/>(El otro d\u00eda, tras una conversaci\u00f3n telef\u00f3nica con Josefa, so\u00f1\u00e9 que alguien revisaba mi pasado y encontraba que hab\u00eda decenas de cosas dignas de ser denunciadas con objeto de meter mis huesos en la c\u00e1rcel). (Dos semanas atr\u00e1s tambi\u00e9n so\u00f1\u00e9 que exist\u00edan dominios .verdad y yo registraba -con gran rapidez y maestr\u00eda- www.mentira.verdad; y eso s\u00ed que no tengo ni idea de qu\u00e9 significa).<\/p>\n<p>Supongo que es un poco tarde para contestar esos tuiteos, que vendr\u00eda a ser un gesto tan tonto como el de mi conductor del autob\u00fas contest\u00e1ndome a los buenos d\u00edas tres paradas despu\u00e9s, o peor, con Elena otra vez enfadada y aterida de fr\u00edo caminando por la acera rumbo al trabajo mientras el autobusero sigue culebreando, calentito, por la Gran V\u00eda. (Sin rencor).<\/p>\n<p>Pero ya puestos a no contestarlo, s\u00ed me animo a rescatar <a href=\"http:\/\/twitter.com\/washing\/statuses\/1014983830\">uno del 20 de noviembre<\/a> que dice:<\/p>\n<blockquote>\n<div class=\"msg\"><a onclick=\"pageTracker._trackPageview('\/exit\/to\/washing');\" href=\"http:\/\/twitter.com\/washing\" target=\"_blank\" rel=\"noopener noreferrer\">washing<\/a>: <span id=\"msgtxt1014983830\" class=\"msgtxt es\"><a onclick=\"pageTracker._trackPageview('\/exit\/to\/elenac')\" href=\"http:\/\/twitter.com\/elenac\" target=\"_blank\" rel=\"noopener noreferrer\"><strong>@elenac<\/strong><\/a> si 2008 te ha acabado por ser malo, 2009 va a ser una pesadilla<\/span><\/div>\n<\/blockquote>\n<p>Oiga, Sr Washing (tambi\u00e9n llamado Jos\u00e9 Huerga), que soy una pesimista hipocondr\u00edaca ultra alterable y sumamente sensible a los ataques ajenos, \u00a1a m\u00ed no se me puede decir eso!<\/p>\n<p>Desgraciadamente, a washing no le falta raz\u00f3n, 2009 ha empezado con hospitales (para m\u00ed y para los m\u00edos), dentista, accidentes de coche, mi coche en el taller (y no por culpa del accidente, sino sencillamente porque es 2009) y un despido colectivo que manda al paro a m\u00e1s de 40 personas (yo una) y deja a cientos de personas sin un medio de comunicaci\u00f3n, lo cual es a\u00fan peor y m\u00e1s insano. Ser\u00e1 m\u00e1s f\u00e1cil encontrar otro trabajo, ser\u00e1 mucho m\u00e1s dif\u00edcil tener otro peri\u00f3dico que leer.<\/p>\n<p>No obstante, estoy de un buen humor aplastante. Ayer vi la exposici\u00f3n de Alberto Garc\u00eda-Alix en el Reina Sof\u00eda (\u00bfc\u00f3mo pueden seguir siendo tan cutres en el Museo Nacional de Arte Contempor\u00e1neo?) que tiene un v\u00eddeo que es mejor que toda la exposici\u00f3n junta (y del que sorprendentemente no hab\u00eda o\u00eddo comentar nada) y, pese a su fatalismo, me ha gustado much\u00edsimo y me ha lanzado hacia terrenos de la acci\u00f3n, que es lo que m\u00e1s necesito en estos momentos. A pesar de tener que ir a abrirle mi boca al dentista dentro de una hora y media, estoy escuchando el nuevo disco de <strong>Combichrist<\/strong> &#8211;<em>Today we are all demons<\/em>&#8211; <a href=\"http:\/\/www.elenacabrera.com\/monreal\/?p=189\">que hace flipar a Milord<\/a> y me dan ganas de untarme la cara de brea y bailar sobre la tumba de ADN.es.<\/p>\n","protected":false},"excerpt":{"rendered":"<p>Se me ocurre haer una b\u00fasqueda en Twitter por mensajes que han sido dirigidos a m\u00ed (@elenac) y descubro que la gran mayor\u00eda no los hab\u00eda visto. Me veo a m\u00ed misma como esos conductores del autob\u00fas que no te devuelven el saludo, por poner un ejemplo no conflictivo que no me acarree una denuncia. [&hellip;]<\/p>\n","protected":false},"author":1,"featured_media":0,"comment_status":"open","ping_status":"open","sticky":false,"template":"","format":"standard","meta":{"footnotes":""},"categories":[],"tags":[],"class_list":["post-200332","post","type-post","status-publish","format-standard","hentry"],"_links":{"self":[{"href":"https:\/\/www.elenacabrera.com\/weblog3\/wp-json\/wp\/v2\/posts\/200332","targetHints":{"allow":["GET"]}}],"collection":[{"href":"https:\/\/www.elenacabrera.com\/weblog3\/wp-json\/wp\/v2\/posts"}],"about":[{"href":"https:\/\/www.elenacabrera.com\/weblog3\/wp-json\/wp\/v2\/types\/post"}],"author":[{"embeddable":true,"href":"https:\/\/www.elenacabrera.com\/weblog3\/wp-json\/wp\/v2\/users\/1"}],"replies":[{"embeddable":true,"href":"https:\/\/www.elenacabrera.com\/weblog3\/wp-json\/wp\/v2\/comments?post=200332"}],"version-history":[{"count":1,"href":"https:\/\/www.elenacabrera.com\/weblog3\/wp-json\/wp\/v2\/posts\/200332\/revisions"}],"predecessor-version":[{"id":2002002690,"href":"https:\/\/www.elenacabrera.com\/weblog3\/wp-json\/wp\/v2\/posts\/200332\/revisions\/2002002690"}],"wp:attachment":[{"href":"https:\/\/www.elenacabrera.com\/weblog3\/wp-json\/wp\/v2\/media?parent=200332"}],"wp:term":[{"taxonomy":"category","embeddable":true,"href":"https:\/\/www.elenacabrera.com\/weblog3\/wp-json\/wp\/v2\/categories?post=200332"},{"taxonomy":"post_tag","embeddable":true,"href":"https:\/\/www.elenacabrera.com\/weblog3\/wp-json\/wp\/v2\/tags?post=200332"}],"curies":[{"name":"wp","href":"https:\/\/api.w.org\/{rel}","templated":true}]}}