{"id":2003352,"date":"2015-03-18T10:04:12","date_gmt":"2015-03-18T09:04:12","guid":{"rendered":""},"modified":"2019-07-10T13:38:24","modified_gmt":"2019-07-10T11:38:24","slug":"madrid-en-movimiento","status":"publish","type":"post","link":"https:\/\/www.elenacabrera.com\/weblog3\/2015\/03\/18\/madrid-en-movimiento\/","title":{"rendered":"Madrid en movimiento"},"content":{"rendered":"<p><iframe loading=\"lazy\" src=\"https:\/\/www.youtube.com\/embed\/o0rtxJEAVHI?rel=0\" allowfullscreen=\"\" width=\"640\" height=\"480\" frameborder=\"0\"><\/iframe><\/p>\n<p>He firmado un manifiesto para que comencemos con <em>la gran ciudad<\/em> en movimiento y sigamos con un <a href=\"http:\/\/programa.ahoramadrid.org\/\">programa<\/a> <em>en espiral<\/em>. Dos canciones de Aviador Dro que hablan del futuro. El futuro ya est\u00e1 aqu\u00ed. Tenemos cromosomas salvajes. <em><strong>\u00abNosotros caminamos unidos, entre las altas torres\u00bb<\/strong><\/em>.<\/p>\n<p><a href=\"http:\/\/enmovimientomadrid.info\/manifiesto\/\">MANIFIESTO<\/a>:<\/p>\n<p>Los ciudadanos y ciudadanas cr\u00edticas de Madrid hace tiempo que<!--more-->  decidimos que no pod\u00edamos mirar para otro lado, permitiendo que prosiguiese el saqueo y la gesti\u00f3n a espaldas de las personas que viven, y sufren, la ciudad.<\/p>\n<p>Son y somos muchas personas las que se sintieron interpeladas por la energ\u00eda convocada, durante meses y meses, en las calles, por el reconocimiento los problemas colectivos, y bajamos a compartir aquella esperanza, a reaprender el ejercicio de la pol\u00edtica, a reconocernos y colaborar en mejoras peque\u00f1as, en cambios del d\u00eda a d\u00eda.<\/p>\n<p>Pero tambi\u00e9n <strong>lo quer\u00edamos todo<\/strong>.<\/p>\n<p>\u2022       Quer\u00edamos que no hubiese un desahucio m\u00e1s.<br \/>\n\u2022\t Quer\u00edamos que no se dejase desprotegidas a las personas en situaci\u00f3n m\u00e1s desfavorable.<br \/>\n\u2022\t Quer\u00edamos un Madrid sostenible y respirable y libre de violencias machistas.<br \/>\n\u2022\t Quer\u00edamos convocar la <strong>inteligencia colectiva<\/strong> de todos los colectivos y personas despiertas de la ciudad y sus barrios.<br \/>\n\u2022\t Quer\u00edamos detener la estafa y el crecimiento de la desigualdad.<br \/>\n\u2022\t Quer\u00edamos inventar <strong>mecanismos de control de los representantes pol\u00edticos<\/strong>, para que no nos robaran no s\u00f3lo dinero, tambi\u00e9n esperanza.<br \/>\n\u2022\t Quer\u00edamos \u2013porque sab\u00edamos que esta ciudad est\u00e1 llena de saberes y experiencias y plenamente capacitada para ello- <strong>imaginar otra forma de gestionarla<\/strong> que siempre tuviese en cuenta a las personas.<\/p>\n<p><a href=\"http:\/\/enmovimientomadrid.info\/\">La candidatura Madrid en Movimiento<\/a> a las <a href=\"http:\/\/primarias.ahoramadrid.org\/\">primarias<\/a> de <a href=\"http:\/\/www.ahoramadrid.org\/\">Ahora Madrid<\/a> comparte todos esos deseos y adem\u00e1s cuenta con el conocimiento: de quien ha vivido calle a calle sus barrios, y lucha a lucha sus reivindicaciones, a trav\u00e9s de los a\u00f1os de plomo del gobierno popular en la capital.<\/p>\n<p><strong>No hay pol\u00edtica profesional porque siempre hay pol\u00edtica<\/strong>, en min\u00fasculas y letras capitales, las letras que forman la palabra Madrid que sabemos que se puede volver a llenar de alegr\u00eda.<\/p>\n<p>Defendiendo las <strong>pol\u00edticas de equidad<\/strong>, integrando la igualdad de g\u00e9nero en el tronco de las demandas, promoviendo todas las medidas en nuestras manos para asegurar unas condiciones materiales de dignidad a las personas que viven la ciudad, <strong>recuperando la conciencia ecologista<\/strong> y apostando por <strong>los derechos de todas las personas<\/strong>.<\/p>\n<p>Es por ello que <strong>firmamos<\/strong> este manifiesto en apoyo de la candidatura Madrid en Movimiento. Porque no se trata de las trayectorias de las personas que conforman esa lista, por mucho que sean personas con reconocido trabajo en distintos sectores activistas. Es todo el saber ciudadano que las arropa y es la apuesta, \u00faltima pero no menos importante, de ser una herramienta al servicio de la ciudadan\u00eda, con el pleno significado de esas palabras.<\/p>\n<p>Madrid en Movimiento quiere contribuir a la lista definitiva de Ahora Madrid con esa firme apuesta por la <strong>generaci\u00f3n de la estructura de cercan\u00eda<\/strong> que organice el conocimiento, la deliberaci\u00f3n y el <strong>control de la candidatura desde abajo<\/strong>. Desde todas las personas. Desde quienes se sientan interpeladas por el mejoramiento de su ciudad.<\/p>\n<p>Y por eso te pedimos que votes y te movilices para conseguir que la gente de base tenga un sitio en Ahora Madrid y en el gobierno de la ciudad.<\/p>\n<p>Porque s\u00ed se puede.<br \/>\nPorque el momento es ahora.<br \/>\nMadrid se mueve. Madrid en movimiento.<\/p>\n<p><iframe loading=\"lazy\" src=\"https:\/\/www.youtube.com\/embed\/RqXaKJKDP6g?rel=0\" allowfullscreen=\"\" width=\"640\" height=\"480\" frameborder=\"0\"><\/iframe><\/p>\n","protected":false},"excerpt":{"rendered":"<p>He firmado un manifiesto para que comencemos con la gran ciudad en movimiento y sigamos con un programa en espiral. Dos canciones de Aviador Dro que hablan del futuro. El futuro ya est\u00e1 aqu\u00ed. Tenemos cromosomas salvajes. \u00abNosotros caminamos unidos, entre las altas torres\u00bb. MANIFIESTO: Los ciudadanos y ciudadanas cr\u00edticas de Madrid hace tiempo que<\/p>\n","protected":false},"author":1,"featured_media":0,"comment_status":"open","ping_status":"open","sticky":false,"template":"","format":"standard","meta":{"footnotes":""},"categories":[],"tags":[],"class_list":["post-2003352","post","type-post","status-publish","format-standard","hentry"],"_links":{"self":[{"href":"https:\/\/www.elenacabrera.com\/weblog3\/wp-json\/wp\/v2\/posts\/2003352","targetHints":{"allow":["GET"]}}],"collection":[{"href":"https:\/\/www.elenacabrera.com\/weblog3\/wp-json\/wp\/v2\/posts"}],"about":[{"href":"https:\/\/www.elenacabrera.com\/weblog3\/wp-json\/wp\/v2\/types\/post"}],"author":[{"embeddable":true,"href":"https:\/\/www.elenacabrera.com\/weblog3\/wp-json\/wp\/v2\/users\/1"}],"replies":[{"embeddable":true,"href":"https:\/\/www.elenacabrera.com\/weblog3\/wp-json\/wp\/v2\/comments?post=2003352"}],"version-history":[{"count":1,"href":"https:\/\/www.elenacabrera.com\/weblog3\/wp-json\/wp\/v2\/posts\/2003352\/revisions"}],"predecessor-version":[{"id":2002002797,"href":"https:\/\/www.elenacabrera.com\/weblog3\/wp-json\/wp\/v2\/posts\/2003352\/revisions\/2002002797"}],"wp:attachment":[{"href":"https:\/\/www.elenacabrera.com\/weblog3\/wp-json\/wp\/v2\/media?parent=2003352"}],"wp:term":[{"taxonomy":"category","embeddable":true,"href":"https:\/\/www.elenacabrera.com\/weblog3\/wp-json\/wp\/v2\/categories?post=2003352"},{"taxonomy":"post_tag","embeddable":true,"href":"https:\/\/www.elenacabrera.com\/weblog3\/wp-json\/wp\/v2\/tags?post=2003352"}],"curies":[{"name":"wp","href":"https:\/\/api.w.org\/{rel}","templated":true}]}}