{"id":2003367,"date":"2015-04-13T11:47:17","date_gmt":"2015-04-13T10:47:17","guid":{"rendered":""},"modified":"2015-04-13T12:07:38","modified_gmt":"2015-04-13T11:07:38","slug":"chapapote-en-las-alas-en-los-pies-y-en-el-costado","status":"publish","type":"post","link":"https:\/\/www.elenacabrera.com\/weblog3\/2015\/04\/13\/chapapote-en-las-alas-en-los-pies-y-en-el-costado\/","title":{"rendered":"Chapapote en las alas, en los pies y en el costado"},"content":{"rendered":"<p><a title=\"Un ping\u00fcino en mi 17ZEMOS98 by Elena Cabrera, on Flickr\" href=\"https:\/\/www.flickr.com\/photos\/elenacabreramontero\/17131288942\"><img loading=\"lazy\" decoding=\"async\" class=\"alignleft\" style=\"margin: 5px;\" src=\"https:\/\/farm8.staticflickr.com\/7722\/17131288942_09bf04ca19_n.jpg\" alt=\"Un ping\u00fcino en mi 17ZEMOS98\" width=\"320\" height=\"320\" \/><\/a> \u00abCon el fin del Festival ZEMOS98 <strong>se desmorona una parte de nosotras<\/strong>\u00bb escribe ZEMOS98 en la nota de prensa que presenta su inminente y \u00faltima edici\u00f3n, <a href=\"http:\/\/17festival.zemos98.org\/\">la n\u00famero 17<\/a>. Esa l\u00ednea me estremece los pelillos del brazo.<\/p>\n<p>Me temo que, pese a los esfuerzos, <strong>no se est\u00e1 afrontando con el suficiente inter\u00e9s<\/strong> el debate que, <a href=\"http:\/\/www.zemos98.org\/2015\/03\/11\/y-el-festival-zemos98-se-ahogo\/\">con este texto<\/a>, el colectivo ZEMOS98 pretendi\u00f3 abrir.<\/p>\n<blockquote><p>\u00abVenimos reclamando a las administraciones que nos gobiernan, en la gesti\u00f3n de las pol\u00edticas p\u00fablicas y de las culturales en particular, que atiendan a los <strong>est\u00e1ndares de transparencia<\/strong>, que jueguen limpio y que generen documentos accesibles para conocer qu\u00e9 se hace con nuestros impuestos. La tendencia, en presupuestos de diferentes entidades locales, regionales o estatales, es eliminar las partidas nominativas y crear macro-transferencias a agencias de gesti\u00f3n p\u00fablica en donde el grado de transparencia es menor\u00bb.<\/p><\/blockquote>\n<p>El Festival ZEMOS98 no es una gran explanada a las afueras de una ciudad donde se monta un escenario y nos api\u00f1amos frente a \u00e9l para ver un concierto. <strong>Lo llaman festival y no lo es<\/strong>. Es un lugar no explanado donde gente muy diversa se sienta a mirarse entre ellos y hablarse entre ellos. Donde gente muy diversa se sienta a <strong>pensarse dentro de un marco<\/strong>. El marco no tiene fondo (ni un p\u00f3ster, ni un cuadro al \u00f3leo) y m\u00e1s all\u00e1 de sus lados el espacio es infinito, y <strong>del borde para adentro<\/strong> hay<!--more--> mucho sitio y un c\u00f3digo en com\u00fan. El c\u00f3digo no es f\u00e1cil de definir (salvo cuando hablas con <a href=\"https:\/\/twitter.com\/preescolar\">Sof\u00eda<\/a>, <a href=\"http:\/\/blogs.zemos98.org\/abrelatas\/\">Felipe<\/a> o <a href=\"http:\/\/blogs.zemos98.org\/petroglifo\/\">Pedro<\/a>, entonces, todo parece mucho m\u00e1s sencillo). De hecho, uno de sus superpoderes es que se define a la vez que se practica. S\u00ed, es impresionante. Es un proceso de aprendizaje que funciona en muchas direcciones y es tan nuevo que sientes que <strong>pens\u00e1ndolo ayudas a crearlo<\/strong>. En tiempo real.<\/p>\n<p>Cada a\u00f1o, ese marco es un lugar no explorado. Es un lugar que conquistamos. Copylove, educaci\u00f3n expandida, the commons, la remezcla&#8230; todo eso es ya <strong>vivienda social para nosotras<\/strong>.<\/p>\n<p>El mi\u00e9rcoles cojo el \u00faltimo tren a Sevilla para unirme, por tercera vez, a ese lugar tan fascinante desde el que te sientes capaz, cuando vas en el tren de ida, de interpretar el mundo bajo el c\u00f3digo propuesto. Y, agarraos, cuando regresas en el tren de vuelta, te sientes, adem\u00e1s, capaz de cambiarlo. No el tren, \u00a1sino el mundo! La potencia transformadora del ZEMOS98 es la de una <strong>bomba de megatones<\/strong>, cualquiera que haya ido y vuelto lo sabe. <a href=\"https:\/\/twitter.com\/hashtag\/Adi%C3%B3sFestivalZEMOS98?src=hash\">No cuento nada nuevo<\/a>.<\/p>\n<p>El marzo de <a href=\"http:\/\/www.zemos98.org\/2015\/04\/02\/programa-completo-del-17-festival-zemos98\/\">este 17 Festival ZEMOS98<\/a> (del 15 al 18 de abril de 2015) lleva por nombre <em><a href=\"http:\/\/www.zemos98.org\/2015\/03\/19\/caring-for-the-city-reclaim-the-commons-17-festival-zemos98\/\">Caring for the city: Reclaim the commons<\/a><\/em>. Luchemos <strong>por las comunidades locales y los bienes comunes<\/strong>. Combatamos contra las inercias de las pol\u00edticas gubernamentales que imponen desde arriba, sin mirar qu\u00e9 estamos haciando aqu\u00ed abajo. Cultivemos el buen vivir. Recordemos el buen gobierno. Dinamitemos el privilegio. <strong>Hagamos de la bola de la plastilina de la vulnerabilidad, arcilla<\/strong>. Secadla al sol. Ser\u00e1 nuestra casa, nuestro anfiteatro, nuestra cuna, nuestra mesa.<\/p>\n<p>Tecla a tecla. Ladrillo a ladrillo. P\u00e1gina a p\u00e1gina. Sorbo a sorbo. This is what we are. This \u00abwe\u00bb could be \u00aball\u00bb. I reclaim the commons. We all do. <strong>Sip by sip<\/strong>. Page by page. Brick by brick. Typing keys.<\/p>\n<p>Temblemos. <strong>Y que tiemblen<\/strong>.<\/p>\n<p><iframe loading=\"lazy\" src=\"https:\/\/player.vimeo.com\/video\/117210273\" width=\"600\" height=\"337\" frameborder=\"0\" webkitallowfullscreen mozallowfullscreen allowfullscreen><\/iframe> <\/p>\n<p><a href=\"https:\/\/vimeo.com\/117210273\">Temblor<\/a> from <a href=\"https:\/\/vimeo.com\/temblormunicipal\">temblor municipal<\/a> on <a href=\"https:\/\/vimeo.com\">Vimeo<\/a>.<\/p>\n","protected":false},"excerpt":{"rendered":"<p>\u00abCon el fin del Festival ZEMOS98 se desmorona una parte de nosotras\u00bb escribe ZEMOS98 en la nota de prensa que presenta su inminente y \u00faltima edici\u00f3n, la n\u00famero 17. Esa l\u00ednea me estremece los pelillos del brazo. Me temo que, pese a los esfuerzos, no se est\u00e1 afrontando con el suficiente inter\u00e9s el debate que, [&hellip;]<\/p>\n","protected":false},"author":1,"featured_media":0,"comment_status":"open","ping_status":"open","sticky":false,"template":"","format":"standard","meta":{"footnotes":""},"categories":[],"tags":[],"class_list":["post-2003367","post","type-post","status-publish","format-standard","hentry"],"_links":{"self":[{"href":"https:\/\/www.elenacabrera.com\/weblog3\/wp-json\/wp\/v2\/posts\/2003367","targetHints":{"allow":["GET"]}}],"collection":[{"href":"https:\/\/www.elenacabrera.com\/weblog3\/wp-json\/wp\/v2\/posts"}],"about":[{"href":"https:\/\/www.elenacabrera.com\/weblog3\/wp-json\/wp\/v2\/types\/post"}],"author":[{"embeddable":true,"href":"https:\/\/www.elenacabrera.com\/weblog3\/wp-json\/wp\/v2\/users\/1"}],"replies":[{"embeddable":true,"href":"https:\/\/www.elenacabrera.com\/weblog3\/wp-json\/wp\/v2\/comments?post=2003367"}],"version-history":[{"count":0,"href":"https:\/\/www.elenacabrera.com\/weblog3\/wp-json\/wp\/v2\/posts\/2003367\/revisions"}],"wp:attachment":[{"href":"https:\/\/www.elenacabrera.com\/weblog3\/wp-json\/wp\/v2\/media?parent=2003367"}],"wp:term":[{"taxonomy":"category","embeddable":true,"href":"https:\/\/www.elenacabrera.com\/weblog3\/wp-json\/wp\/v2\/categories?post=2003367"},{"taxonomy":"post_tag","embeddable":true,"href":"https:\/\/www.elenacabrera.com\/weblog3\/wp-json\/wp\/v2\/tags?post=2003367"}],"curies":[{"name":"wp","href":"https:\/\/api.w.org\/{rel}","templated":true}]}}