{"id":2003396,"date":"2015-04-20T09:49:23","date_gmt":"2015-04-20T08:49:23","guid":{"rendered":""},"modified":"2015-04-20T09:52:13","modified_gmt":"2015-04-20T08:52:13","slug":"lo-rapido-que-se-me-pega-la-tonteria","status":"publish","type":"post","link":"https:\/\/www.elenacabrera.com\/weblog3\/2015\/04\/20\/lo-rapido-que-se-me-pega-la-tonteria\/","title":{"rendered":"Lo r\u00e1pido que se me pega la tonter\u00eda"},"content":{"rendered":"<blockquote class=\"twitter-tweet\" lang=\"es\">\n<p>IF No ni na = Anda que no = Claro que s\u00ed&#10;THEN Claro que s\u00ed -&gt; Anda que no -&gt; No ni na&#10;RECLAIM the No ni na&#10;ERASE the Claro que s\u00ed &#10;&lt;\/copy?&gt;<\/p>\n<p>&mdash; Elena Cabrera (@elenac) <a href=\"https:\/\/twitter.com\/elenac\/status\/589682485707075584\">abril 19, 2015<\/a><\/p><\/blockquote>\n<p> <script async src=\"\/\/platform.twitter.com\/widgets.js\" charset=\"utf-8\"><\/script><br \/>\n<!--more--><\/p>\n<blockquote class=\"twitter-tweet\" lang=\"es\">\n<p>N\u00f3 n\u00ed n\u00e1 <a href=\"https:\/\/twitter.com\/hashtag\/cursor%C3%A1pidodesevillano?src=hash\">#cursor\u00e1pidodesevillano<\/a> <a href=\"https:\/\/twitter.com\/carolinkfingers\">@carolinkfingers<\/a> <a href=\"https:\/\/twitter.com\/juanlusanchez\">@juanlusanchez<\/a> <a href=\"https:\/\/twitter.com\/abrelatas\">@abrelatas<\/a> soy una grower<\/p>\n<p>&mdash; Elena Cabrera (@elenac) <a href=\"https:\/\/twitter.com\/elenac\/status\/589529607369596928\">abril 18, 2015<\/a><\/p><\/blockquote>\n<p> <script async src=\"\/\/platform.twitter.com\/widgets.js\" charset=\"utf-8\"><\/script><\/p>\n<blockquote class=\"twitter-tweet\" lang=\"es\">\n<p>Te quiilla, quilla? <a href=\"http:\/\/t.co\/LtPVbgEiEZ\">pic.twitter.com\/LtPVbgEiEZ<\/a><\/p>\n<p>&mdash; Elena Cabrera (@elenac) <a href=\"https:\/\/twitter.com\/elenac\/status\/589712176098738178\">abril 19, 2015<\/a><\/p><\/blockquote>\n<p> <script async src=\"\/\/platform.twitter.com\/widgets.js\" charset=\"utf-8\"><\/script><\/p>\n<blockquote class=\"twitter-tweet\" lang=\"es\">\n<p>Jacat\u00f3n es el dolor de pies cuando llevas zapatitos en el <a href=\"https:\/\/twitter.com\/hashtag\/17ZEMOS98?src=hash\">#17ZEMOS98<\/a> reclaim-the-zapatilla <a href=\"http:\/\/t.co\/cRezlHqRcy\">pic.twitter.com\/cRezlHqRcy<\/a><\/p>\n<p>&mdash; Elena Cabrera (@elenac) <a href=\"https:\/\/twitter.com\/elenac\/status\/588738748650803200\">abril 16, 2015<\/a><\/p><\/blockquote>\n<p> <script async src=\"\/\/platform.twitter.com\/widgets.js\" charset=\"utf-8\"><\/script><\/p>\n<blockquote class=\"twitter-tweet\" lang=\"es\">\n<p>Stress yourself yeah yeah yeah yeah<\/p>\n<p>&mdash; Elena Cabrera (@elenac) <a href=\"https:\/\/twitter.com\/elenac\/status\/589107146970767360\">abril 17, 2015<\/a><\/p><\/blockquote>\n<p> <script async src=\"\/\/platform.twitter.com\/widgets.js\" charset=\"utf-8\"><\/script><\/p>\n<blockquote class=\"twitter-tweet\" lang=\"es\">\n<p>Madrid-Sevilla <a href=\"http:\/\/t.co\/YuRXCH1lW5\">pic.twitter.com\/YuRXCH1lW5<\/a><\/p>\n<p>&mdash; Elena Cabrera (@elenac) <a href=\"https:\/\/twitter.com\/elenac\/status\/588741416903434240\">abril 16, 2015<\/a><\/p><\/blockquote>\n<p> <script async src=\"\/\/platform.twitter.com\/widgets.js\" charset=\"utf-8\"><\/script><\/p>\n<blockquote class=\"twitter-tweet\" lang=\"es\">\n<p><a href=\"https:\/\/twitter.com\/hashtag\/caring4thecommons?src=hash\">#caring4thecommons<\/a> vegetarianers <a href=\"https:\/\/twitter.com\/hashtag\/17ZEMOS98?src=hash\">#17ZEMOS98<\/a> <a href=\"http:\/\/t.co\/V4HUm85dk2\">pic.twitter.com\/V4HUm85dk2<\/a><\/p>\n<p>&mdash; Elena Cabrera (@elenac) <a href=\"https:\/\/twitter.com\/elenac\/status\/589394399546765312\">abril 18, 2015<\/a><\/p><\/blockquote>\n<p> <script async src=\"\/\/platform.twitter.com\/widgets.js\" charset=\"utf-8\"><\/script><\/p>\n<blockquote class=\"twitter-tweet\" lang=\"es\">\n<p>Que no me toquesss <a href=\"https:\/\/twitter.com\/hashtag\/17ZEMOS98?src=hash\">#17ZEMOS98<\/a> <a href=\"https:\/\/twitter.com\/hashtag\/reclaimthecommons?src=hash\">#reclaimthecommons<\/a> <a href=\"http:\/\/t.co\/rk4smgrAX7\">pic.twitter.com\/rk4smgrAX7<\/a><\/p>\n<p>&mdash; Elena Cabrera (@elenac) <a href=\"https:\/\/twitter.com\/elenac\/status\/589413276666200064\">abril 18, 2015<\/a><\/p><\/blockquote>\n<p> <script async src=\"\/\/platform.twitter.com\/widgets.js\" charset=\"utf-8\"><\/script><\/p>\n<blockquote class=\"twitter-tweet\" lang=\"es\">\n<p>Fazinerosas <a href=\"https:\/\/twitter.com\/hashtag\/fanzinism?src=hash\">#fanzinism<\/a> <a href=\"https:\/\/twitter.com\/hashtag\/femizinism?src=hash\">#femizinism<\/a> <a href=\"https:\/\/twitter.com\/hashtag\/17ZEMOS98?src=hash\">#17ZEMOS98<\/a> <a href=\"https:\/\/twitter.com\/hashtag\/reclaimthecommons?src=hash\">#reclaimthecommons<\/a> <a href=\"https:\/\/twitter.com\/hashtag\/caring4thecommons?src=hash\">#caring4thecommons<\/a> <a href=\"http:\/\/t.co\/RheGqT4O9Q\">pic.twitter.com\/RheGqT4O9Q<\/a><\/p>\n<p>&mdash; Elena Cabrera (@elenac) <a href=\"https:\/\/twitter.com\/elenac\/status\/589131525687549953\">abril 17, 2015<\/a><\/p><\/blockquote>\n<p> <script async src=\"\/\/platform.twitter.com\/widgets.js\" charset=\"utf-8\"><\/script><\/p>\n<blockquote class=\"twitter-tweet\" lang=\"es\">\n<p><a href=\"https:\/\/twitter.com\/hashtag\/ReclaimTheAlamo?src=hash\">#ReclaimTheAlamo<\/a> <a href=\"http:\/\/t.co\/tT1IUcakNG\">pic.twitter.com\/tT1IUcakNG<\/a><\/p>\n<p>&mdash; Elena Cabrera (@elenac) <a href=\"https:\/\/twitter.com\/elenac\/status\/589166859708198912\">abril 17, 2015<\/a><\/p><\/blockquote>\n<p> <script async src=\"\/\/platform.twitter.com\/widgets.js\" charset=\"utf-8\"><\/script><\/p>\n<blockquote class=\"twitter-tweet\" lang=\"es\">\n<p>Cumpliendo 40 en Sevilla en el <a href=\"https:\/\/twitter.com\/hashtag\/17ZEMOS98?src=hash\">#17ZEMOS98<\/a> <a href=\"http:\/\/t.co\/86jbYUy7gX\">pic.twitter.com\/86jbYUy7gX<\/a><\/p>\n<p>&mdash; Elena Cabrera (@elenac) <a href=\"https:\/\/twitter.com\/elenac\/status\/588832519593844736\">abril 16, 2015<\/a><\/p><\/blockquote>\n<p> <script async src=\"\/\/platform.twitter.com\/widgets.js\" charset=\"utf-8\"><\/script><\/p>\n","protected":false},"excerpt":{"rendered":"<p>IF No ni na = Anda que no = Claro que s\u00ed&#10;THEN Claro que s\u00ed -&gt; Anda que no -&gt; No ni na&#10;RECLAIM the No ni na&#10;ERASE the Claro que s\u00ed &#10;&lt;\/copy?&gt; &mdash; Elena Cabrera (@elenac) abril 19, 2015<\/p>\n","protected":false},"author":1,"featured_media":0,"comment_status":"open","ping_status":"open","sticky":false,"template":"","format":"standard","meta":{"footnotes":""},"categories":[],"tags":[],"class_list":["post-2003396","post","type-post","status-publish","format-standard","hentry"],"_links":{"self":[{"href":"https:\/\/www.elenacabrera.com\/weblog3\/wp-json\/wp\/v2\/posts\/2003396","targetHints":{"allow":["GET"]}}],"collection":[{"href":"https:\/\/www.elenacabrera.com\/weblog3\/wp-json\/wp\/v2\/posts"}],"about":[{"href":"https:\/\/www.elenacabrera.com\/weblog3\/wp-json\/wp\/v2\/types\/post"}],"author":[{"embeddable":true,"href":"https:\/\/www.elenacabrera.com\/weblog3\/wp-json\/wp\/v2\/users\/1"}],"replies":[{"embeddable":true,"href":"https:\/\/www.elenacabrera.com\/weblog3\/wp-json\/wp\/v2\/comments?post=2003396"}],"version-history":[{"count":0,"href":"https:\/\/www.elenacabrera.com\/weblog3\/wp-json\/wp\/v2\/posts\/2003396\/revisions"}],"wp:attachment":[{"href":"https:\/\/www.elenacabrera.com\/weblog3\/wp-json\/wp\/v2\/media?parent=2003396"}],"wp:term":[{"taxonomy":"category","embeddable":true,"href":"https:\/\/www.elenacabrera.com\/weblog3\/wp-json\/wp\/v2\/categories?post=2003396"},{"taxonomy":"post_tag","embeddable":true,"href":"https:\/\/www.elenacabrera.com\/weblog3\/wp-json\/wp\/v2\/tags?post=2003396"}],"curies":[{"name":"wp","href":"https:\/\/api.w.org\/{rel}","templated":true}]}}