{"id":200354,"date":"2009-01-30T14:31:14","date_gmt":"2009-01-30T13:31:14","guid":{"rendered":""},"modified":"2016-08-31T12:44:59","modified_gmt":"2016-08-31T12:44:59","slug":"el-periodismo-se-muere","status":"publish","type":"post","link":"https:\/\/www.elenacabrera.com\/weblog3\/2009\/01\/30\/el-periodismo-se-muere\/","title":{"rendered":"El periodismo se muere"},"content":{"rendered":"<p><img loading=\"lazy\" decoding=\"async\" class=\"aligncenter\" title=\"Por cada taza que no friegas, alguien cierra un peri\u00f3dico\" src=\"http:\/\/farm4.static.flickr.com\/3105\/3236335009_9c001e7456.jpg\" alt=\"\" width=\"500\" height=\"375\" \/><\/p>\n<p>El cartel lo hice yo, mucho antes de saber que nos cerraban. La foto la hizo <a href=\"http:\/\/www.flickr.com\/photos\/jabali\/3236335009\/\">Jabal\u00ed<\/a>. Pero el \u00abya os avis\u00e9\u00bb en rojo (confirma <a href=\"http:\/\/twitter.com\/noalcierredeadn\/status\/1158855297\">la muerte de ADN.es<\/a>) no s\u00e9 qui\u00e9n lo escribi\u00f3. El cartel est\u00e1 en la cocina de la redacci\u00f3n, sobre el fregadero lleno de tazas sucias.<\/p>\n<p>Seguiremos trabajando hasta el mi\u00e9rcoles, \u00faltimo d\u00eda de actualizaci\u00f3n. El 10 de febrero firmar\u00e9 mi carta de despido. <a href=\"http:\/\/www.adn.es\">Esto<\/a> se acab\u00f3.<\/p>\n<p style=\"text-align: center;\"><img loading=\"lazy\" decoding=\"async\" class=\"aligncenter\" title=\"Usuarios colgados\" src=\"http:\/\/farm4.static.flickr.com\/3425\/3241134906_97fca9ee60_b.jpg\" alt=\"\" width=\"500\" height=\"375\" \/><\/p>\n<p style=\"text-align: center;\"><a href=\"http:\/\/www.flickr.com\/photos\/elenac\/3240299889\/\"><img loading=\"lazy\" decoding=\"async\" class=\"aligncenter\" title=\"Por cada taza que no friegas...\" src=\"http:\/\/farm4.static.flickr.com\/3448\/3240299889_826f7f631a.jpg\" alt=\"\" width=\"500\" height=\"375\" \/><\/a><\/p>\n<p><strong>M\u00e1s:<\/strong> <a href=\"http:\/\/www.elenacabrera.com\/weblog\/?p=233\">Seguiremos hasta que nos echen<\/a>.<\/p>\n<p><a href=\"http:\/\/www.elenacabrera.com\/weblog\/?p=164\">Mis compa\u00f1eros salvan sus trabajos<\/a>.<\/p>\n<p><a href=\"http:\/\/www.elenacabrera.com\/weblog\/?p=151\">Lo que siguen diciendo los medios sobre el cierre de ADN.es<\/a><\/p>\n<p><a href=\"http:\/\/www.elenacabrera.com\/weblog\/?p=121\">Lo que dicen los medios sobre el cierre de ADN.es<\/a><\/p>\n<p><a href=\"http:\/\/search.twitter.com\/search?q=adn.es\">En el micromundo de Twitter<\/a>.<\/p>\n","protected":false},"excerpt":{"rendered":"<p>El cartel lo hice yo, mucho antes de saber que nos cerraban. La foto la hizo Jabal\u00ed. Pero el \u00abya os avis\u00e9\u00bb en rojo (confirma la muerte de ADN.es) no s\u00e9 qui\u00e9n lo escribi\u00f3. El cartel est\u00e1 en la cocina de la redacci\u00f3n, sobre el fregadero lleno de tazas sucias. Seguiremos trabajando hasta el mi\u00e9rcoles, [&hellip;]<\/p>\n","protected":false},"author":1,"featured_media":0,"comment_status":"open","ping_status":"open","sticky":false,"template":"","format":"standard","meta":{"footnotes":""},"categories":[2],"tags":[],"class_list":["post-200354","post","type-post","status-publish","format-standard","hentry","category-twentytwentyfive"],"_links":{"self":[{"href":"https:\/\/www.elenacabrera.com\/weblog3\/wp-json\/wp\/v2\/posts\/200354","targetHints":{"allow":["GET"]}}],"collection":[{"href":"https:\/\/www.elenacabrera.com\/weblog3\/wp-json\/wp\/v2\/posts"}],"about":[{"href":"https:\/\/www.elenacabrera.com\/weblog3\/wp-json\/wp\/v2\/types\/post"}],"author":[{"embeddable":true,"href":"https:\/\/www.elenacabrera.com\/weblog3\/wp-json\/wp\/v2\/users\/1"}],"replies":[{"embeddable":true,"href":"https:\/\/www.elenacabrera.com\/weblog3\/wp-json\/wp\/v2\/comments?post=200354"}],"version-history":[{"count":1,"href":"https:\/\/www.elenacabrera.com\/weblog3\/wp-json\/wp\/v2\/posts\/200354\/revisions"}],"predecessor-version":[{"id":2002002023,"href":"https:\/\/www.elenacabrera.com\/weblog3\/wp-json\/wp\/v2\/posts\/200354\/revisions\/2002002023"}],"wp:attachment":[{"href":"https:\/\/www.elenacabrera.com\/weblog3\/wp-json\/wp\/v2\/media?parent=200354"}],"wp:term":[{"taxonomy":"category","embeddable":true,"href":"https:\/\/www.elenacabrera.com\/weblog3\/wp-json\/wp\/v2\/categories?post=200354"},{"taxonomy":"post_tag","embeddable":true,"href":"https:\/\/www.elenacabrera.com\/weblog3\/wp-json\/wp\/v2\/tags?post=200354"}],"curies":[{"name":"wp","href":"https:\/\/api.w.org\/{rel}","templated":true}]}}