{"id":20036,"date":"2008-11-20T22:57:11","date_gmt":"2008-11-20T21:57:11","guid":{"rendered":""},"modified":"2008-12-01T17:54:20","modified_gmt":"2008-12-01T16:54:20","slug":"el-ruido-de-los-medios","status":"publish","type":"post","link":"https:\/\/www.elenacabrera.com\/weblog3\/2008\/11\/20\/el-ruido-de-los-medios\/","title":{"rendered":"El ruido de los medios"},"content":{"rendered":"<p>Incluso a estas horas, que son las 22 y 37, la redacci\u00f3n no est\u00e1 en calma. Los que hay, hablan alto, piensan en alto, escriben en voz alta. Discuten, con sorna, los titulares, los teletipos. Hay muchas risas a estas horas. Y muchos insultos: \u00abm\u00e9tete tu sinceridad por el culo\u00bb. Este es especialmente celebrado. A estas horas se trabaja agotando el agotamiento.<\/p>\n<p>En otras redacciones, digo yo, las cosas son bien diferentes, a estas horas. Las rotativas empezar\u00e1n a sangrar. Pero nuestro pescado ya est\u00e1 vendido y aqu\u00ed la sangre que queda es otra. Una salpicadura, la de un \u00faltimo coletazo.<\/p>\n<p>El ruido nunca cesa. El ruido de los medios es escandaloso y, si adem\u00e1s trabajas en uno, es ensordecedor. \u00abEs necesario alejarse del ruido de los medios\u00bb, <a href=\"http:\/\/www.rebelion.org\/noticia.php?id=76086\">dicen<\/a> y as\u00ed uno escucha mejor todos los instrumentos, no s\u00f3lo los <a href=\"http:\/\/www.elpais.com\/articulo\/andalucia\/Lorca\/era\/fascista\/elpepuespand\/20061014elpand_5\/Tes\">estridentes violines<\/a>, sino tambi\u00e9n las <a href=\"http:\/\/www.rebelion.org\/noticia.php?id=75983\">l\u00edneas de bajo<\/a>.<\/p>\n<p>Llevo tres d\u00edas escribiendo un art\u00edculo. Ma\u00f1ana publico.<\/p>\n<p><span style=\"color: #ff0000;\"><strong>Actualizaci\u00f3n 21\/11\/08<\/strong><\/span>: <a href=\"http:\/\/www.adn.es\/blog\/mpeirano\/cultura\/20081119\/POS-0005-fortes-montero-polemica-lorca-marxismo.html\">Aqu\u00ed<\/a> est\u00e1 el art\u00edculo prometido, <a href=\"http:\/\/www.adn.es\/blog\/mpeirano\/cultura\/20081119\/POS-0005-fortes-montero-polemica-lorca-marxismo.html\"><em>Cuanto mejor se te oiga, m\u00e1s libertad de expresi\u00f3n tienes<\/em><\/a>.<\/p>\n<p><span style=\"color: #ff0000;\"><strong>Actualizaci\u00f3n 1\/12\/2008 (1)<\/strong><\/span>: M\u00e1s sobre el tratamiento de los medios a esta noticia en el art\u00edculo<em> <a href=\"http:\/\/www.rebelion.org\/noticia.php?id=76268\">Miseria del periodismo<\/a><\/em><a href=\"http:\/\/www.rebelion.org\/noticia.php?id=76268\"> de C\u00e9sar de Vicente<\/a> (22 de noviembre en Rebelion.org):<\/p>\n<p style=\"padding-left: 30px;\">El presentador de Noticias Cuatro, I\u00f1aki Gabilondo, siguiendo la misma estela dice que \u201cdefini\u00f3 en sus clases a Garc\u00eda Lorca como fascista\u201d y se suma a los adjetivos despreciativos de Garc\u00eda Montero hablando de las ideas de Fortes como \u201cdelirios\u201d y \u201cbarbaridades\u201d. Gabilondo no ha respondido a las preguntas que le envi\u00e9 por correo electr\u00f3nico, dado que fue imposible hablar con \u00e9l, referente a las fuentes que permiten decir que Fortes dice esto, pero <span style=\"text-decoration: underline;\">una redactora de Cuatro afirm\u00f3 \u201cque eso ven\u00eda en todas partes\u201d.<\/span><\/p>\n<p><span style=\"color: #ff0000;\"><strong>Actualizaci\u00f3n 1\/12\/2008 (2)<\/strong><\/span>: Alberto Monreal <a href=\"http:\/\/www.elenacabrera.com\/monreal\/?p=135\">en defensa de la ense\u00f1anza marxista<\/a>.<\/p>\n","protected":false},"excerpt":{"rendered":"<p>Incluso a estas horas, que son las 22 y 37, la redacci\u00f3n no est\u00e1 en calma. Los que hay, hablan alto, piensan en alto, escriben en voz alta. Discuten, con sorna, los titulares, los teletipos. Hay muchas risas a estas horas. Y muchos insultos: \u00abm\u00e9tete tu sinceridad por el culo\u00bb. Este es especialmente celebrado. A [&hellip;]<\/p>\n","protected":false},"author":1,"featured_media":0,"comment_status":"open","ping_status":"open","sticky":false,"template":"","format":"standard","meta":{"footnotes":""},"categories":[],"tags":[],"class_list":["post-20036","post","type-post","status-publish","format-standard","hentry"],"_links":{"self":[{"href":"https:\/\/www.elenacabrera.com\/weblog3\/wp-json\/wp\/v2\/posts\/20036","targetHints":{"allow":["GET"]}}],"collection":[{"href":"https:\/\/www.elenacabrera.com\/weblog3\/wp-json\/wp\/v2\/posts"}],"about":[{"href":"https:\/\/www.elenacabrera.com\/weblog3\/wp-json\/wp\/v2\/types\/post"}],"author":[{"embeddable":true,"href":"https:\/\/www.elenacabrera.com\/weblog3\/wp-json\/wp\/v2\/users\/1"}],"replies":[{"embeddable":true,"href":"https:\/\/www.elenacabrera.com\/weblog3\/wp-json\/wp\/v2\/comments?post=20036"}],"version-history":[{"count":0,"href":"https:\/\/www.elenacabrera.com\/weblog3\/wp-json\/wp\/v2\/posts\/20036\/revisions"}],"wp:attachment":[{"href":"https:\/\/www.elenacabrera.com\/weblog3\/wp-json\/wp\/v2\/media?parent=20036"}],"wp:term":[{"taxonomy":"category","embeddable":true,"href":"https:\/\/www.elenacabrera.com\/weblog3\/wp-json\/wp\/v2\/categories?post=20036"},{"taxonomy":"post_tag","embeddable":true,"href":"https:\/\/www.elenacabrera.com\/weblog3\/wp-json\/wp\/v2\/tags?post=20036"}],"curies":[{"name":"wp","href":"https:\/\/api.w.org\/{rel}","templated":true}]}}