{"id":200360,"date":"2009-01-19T17:14:58","date_gmt":"2009-01-19T15:14:58","guid":{"rendered":""},"modified":"2019-05-25T20:33:46","modified_gmt":"2019-05-25T18:33:46","slug":"aun-se-hacen-revistas-de-musica","status":"publish","type":"post","link":"https:\/\/www.elenacabrera.com\/weblog3\/2009\/01\/19\/aun-se-hacen-revistas-de-musica\/","title":{"rendered":"A\u00fan se hacen revistas de m\u00fasica"},"content":{"rendered":"<p><strong>Pl\u00e1stica es digital, gratuita y reci\u00e9n nacida | <strong><a href=\"http:\/\/revistaplastica.iespana.es\/PDFs\/PLASTICA01.pdf\" target=\"_BLANK\" rel=\"noopener noreferrer\">Descarga aqu\u00ed el PDF del primer n\u00famero<\/a><\/strong><\/strong><\/p>\n<p><img loading=\"lazy\" decoding=\"async\" class=\"alignleft size-full wp-image-361\" title=\"Pl\u00e1stica\" src=\"http:\/\/www.elenacabrera.com\/weblog\/wp-content\/uploads\/2009\/02\/5.jpg\" alt=\"Pl\u00e1stica\" width=\"320\" height=\"457\" \/>Dicen que corren <a href=\"http:\/\/www.adn.es\/dinero\/20081031\/NWS-0774-recesion-crisis-pib-economia-crecimiento.html\" target=\"_BLANK\" rel=\"noopener noreferrer\">malos tiempos<\/a> para tener iniciativas, que la tasa de paro <a href=\"http:\/\/www.adn.es\/dinero\/20090116\/NWS-1380-gobierno-economia-previsiones.html\" target=\"_BLANK\" rel=\"noopener noreferrer\">rozar\u00e1 el 16%<\/a> y adem\u00e1s, si nos quedamos quietecitos en casa, <a href=\"http:\/\/www.adn.es\/dinero\/20090118\/NWS-0300-vivienda-alquiler-subida-2008-ipc.html\" target=\"_BLANK\" rel=\"noopener noreferrer\">nos suben los alquileres<\/a>. \u00bfSon estos motivos de peso para vegetar? Si lo fueran, nadie gastar\u00eda su tiempo en hacer una nueva revista de m\u00fasica.<\/p>\n<p>\u00bfLa premisa? Hacerla barata: digital y gratuita. \u00bfLa intenci\u00f3n? \u00abIr dejando tu huella, para ser novedoso y popular, hay que caminar con valent\u00eda. Hay que ser incluso osado\u00bb, dice en su editorial la nueva revista <strong><a href=\"http:\/\/www.revistaplastica.es\/\" target=\"_BLANK\" rel=\"noopener noreferrer\">Pl\u00e1stica<\/a><\/strong>, hablando en realidad del disco de <strong>The Velvet Underground &amp; Nico<\/strong> pero dejando traslucir las ganas de ser met\u00e1fora.<\/p>\n<p>Capitanea esta nueva revista un apasionado de la m\u00fasica, <strong>Ra\u00fal D\u00edaz<\/strong> -tambi\u00e9n conocido como Ra\u00fal Querido cuando se pone a los platos- que encaja dentro del perfil de entusiasta devorador. Si un grupo le gusta Ra\u00fal ir\u00e1 a por \u00e9l hasta sus m\u00e1ximas consecuencias. Ese ha sido el caso de <a href=\"http:\/\/www.crepus.com\/\" target=\"_BLANK\" rel=\"noopener noreferrer\"><strong>Joe Crep\u00fasculo<\/strong><\/a>, miembro de <strong>Tar\u00e1ntula<\/strong> que est\u00e1 triunfando en solitario y a quien Ra\u00fal ha dedicado la portada de su artefacto y una entrevista en su interior.<\/p>\n<p>Joe Crep\u00fasculo ha editado su segundo disco, <em>Supercrepus<\/em>, y ya est\u00e1 grabando el tercero, <em>Humildad trascendental<\/em>, seg\u00fan explica en la entrevista (<a href=\"http:\/\/revistaplastica.iespana.es\/PDFs\/PLASTICA01.pdf\" target=\"_BLANK\" rel=\"noopener noreferrer\">PDF<\/a>).<\/p>\n<p>La revista se construye con una concepci\u00f3n cl\u00e1sica de este tipo de publicaciones en Espa\u00f1a: art\u00edculos y entrevistas, cr\u00edticas de discos y conciertos y unas p\u00e1ginas reservadas para una editorial de moda. Por tanto, en lo que a estructura se refiere no nos aporta nada nuevo. Pero merece ser destacada por su inquietud, su \u00e9nfasis y su arrojo.<\/p>\n<p><strong>Se abre, no se cierra <\/strong><\/p>\n<p>En Pl\u00e1stica no se olvidan de un tema candente, la situaci\u00f3n de agon\u00eda que est\u00e1 viviendo la noche madrile\u00f1a. Parafraseando aquella vieja canci\u00f3n del verano de <strong>Los Refrescos<\/strong>, t\u00edtulan: \u00abAqu\u00ed no hay salas, vaya, vaya\u00bb y se unen a la iniciativa <strong>Madrid No Se Cierra<\/strong> (<a href=\"http:\/\/www.facebook.com\/group.php?gid=48249411819\" target=\"_BLANK\" rel=\"noopener noreferrer\">grupo en Facebook<\/a>, <a href=\"http:\/\/www.myspace.com\/madridnosecierra\" target=\"_BLANK\" rel=\"noopener noreferrer\">MySpace<\/a>). En este colectivo se han agrupado los locales m\u00e1s emblem\u00e1ticos del centro de Madrid para hacerse o\u00edr con m\u00e1s fuerza contra las medidas de presi\u00f3n del alcalde <strong>Alberto Ru\u00edz Gallard\u00f3n<\/strong>.<\/p>\n<p>Completan el primer n\u00famero de Pl\u00e1stica una entrevista con <strong>M\u00f6no<\/strong>, art\u00edculos sobre <strong>Gossip Girl<\/strong> y la <a href=\"http:\/\/www.adn.es\/cultura\/20081113\/NWS-1186-arte-beautiful-losers-casa-encendida.html\" target=\"_BLANK\" rel=\"noopener noreferrer\">exposici\u00f3n <strong>Beautiful Losers<\/strong> que podemos ver estos d\u00edas en Madrid.<\/a><\/p>\n<p>Si quieres recibir la revista en tu buz\u00f3n electr\u00f3nico, ap\u00fantate y entrar\u00e1s en el sorteo de una cinta de casete -s\u00ed, <a href=\"http:\/\/es.wikipedia.org\/wiki\/Cassette\" target=\"_BLANK\" rel=\"noopener noreferrer\">casete<\/a>&#8211; especialmente grabada y dedicada por <strong>Sidonie<\/strong> con canciones de sus grupos preferidos.<\/p>\n<p><a href=\"http:\/\/revistaplastica.iespana.es\/PDFs\/PLASTICA01.pdf\" target=\"_BLANK\" rel=\"noopener noreferrer\">Descarga aqu\u00ed el PDF del primer n\u00famero de Pl\u00e1stica<\/a>.<\/p>\n<p><em>CC. Elena Cabrera. Publicado en ADN.es<\/em><\/p>\n","protected":false},"excerpt":{"rendered":"<p>Pl\u00e1stica es digital, gratuita y reci\u00e9n nacida | Descarga aqu\u00ed el PDF del primer n\u00famero Dicen que corren malos tiempos para tener iniciativas, que la tasa de paro rozar\u00e1 el 16% y adem\u00e1s, si nos quedamos quietecitos en casa, nos suben los alquileres. \u00bfSon estos motivos de peso para vegetar? Si lo fueran, nadie gastar\u00eda [&hellip;]<\/p>\n","protected":false},"author":1,"featured_media":0,"comment_status":"open","ping_status":"open","sticky":false,"template":"","format":"standard","meta":{"footnotes":""},"categories":[2],"tags":[],"class_list":["post-200360","post","type-post","status-publish","format-standard","hentry","category-twentytwentyfive"],"_links":{"self":[{"href":"https:\/\/www.elenacabrera.com\/weblog3\/wp-json\/wp\/v2\/posts\/200360","targetHints":{"allow":["GET"]}}],"collection":[{"href":"https:\/\/www.elenacabrera.com\/weblog3\/wp-json\/wp\/v2\/posts"}],"about":[{"href":"https:\/\/www.elenacabrera.com\/weblog3\/wp-json\/wp\/v2\/types\/post"}],"author":[{"embeddable":true,"href":"https:\/\/www.elenacabrera.com\/weblog3\/wp-json\/wp\/v2\/users\/1"}],"replies":[{"embeddable":true,"href":"https:\/\/www.elenacabrera.com\/weblog3\/wp-json\/wp\/v2\/comments?post=200360"}],"version-history":[{"count":1,"href":"https:\/\/www.elenacabrera.com\/weblog3\/wp-json\/wp\/v2\/posts\/200360\/revisions"}],"predecessor-version":[{"id":2002002695,"href":"https:\/\/www.elenacabrera.com\/weblog3\/wp-json\/wp\/v2\/posts\/200360\/revisions\/2002002695"}],"wp:attachment":[{"href":"https:\/\/www.elenacabrera.com\/weblog3\/wp-json\/wp\/v2\/media?parent=200360"}],"wp:term":[{"taxonomy":"category","embeddable":true,"href":"https:\/\/www.elenacabrera.com\/weblog3\/wp-json\/wp\/v2\/categories?post=200360"},{"taxonomy":"post_tag","embeddable":true,"href":"https:\/\/www.elenacabrera.com\/weblog3\/wp-json\/wp\/v2\/tags?post=200360"}],"curies":[{"name":"wp","href":"https:\/\/api.w.org\/{rel}","templated":true}]}}