{"id":200380,"date":"2008-07-19T17:41:41","date_gmt":"2008-07-19T16:41:41","guid":{"rendered":""},"modified":"2009-02-02T17:42:15","modified_gmt":"2009-02-02T16:42:15","slug":"my-bloody-valentine-el-tsunami-mas-deseado","status":"publish","type":"post","link":"https:\/\/www.elenacabrera.com\/weblog3\/2008\/07\/19\/my-bloody-valentine-el-tsunami-mas-deseado\/","title":{"rendered":"My Bloody Valentine, el tsunami m\u00e1s deseado"},"content":{"rendered":"<p><strong>Viernes santo en Benic\u00e0ssim, una noche que dividi\u00f3 al p\u00fablico entre viejas glorias y nuevos dioses a los que adorar<\/strong><\/p>\n<p>Hace mucho tiempo, en una galaxia muy lejana, existi\u00f3 un grupo de una belleza singular, atronadora. S\u00f3lo sus fans pod\u00edan entenderlos, al igual que s\u00f3lo la ni\u00f1a que se acerc\u00f3 a Frankenstein con una flor en la mano pudo ver que era un ser bueno.<\/p>\n<p><img loading=\"lazy\" decoding=\"async\" class=\"alignleft size-full wp-image-381\" title=\"My Bloody Valentine en Benic\u00e0ssim\" src=\"http:\/\/www.elenacabrera.com\/weblog\/wp-content\/uploads\/2009\/02\/11.jpg\" alt=\"My Bloody Valentine en Benic\u00e0ssim\" width=\"300\" height=\"225\" \/>El tipo de p\u00fablico que corri\u00f3 hacia la explanada del Escenario Verde de Benic\u00e0ssim es aquel que para bailar no necesita bombo y platillo, sino que puede hacerlo frente a una central el\u00e9ctrica, sintiendo las oscilaciones de la electricidad.<\/p>\n<p>A lo largo de tu vida te pasan cosas que alg\u00fan que otro aplomo de realismo ya te hab\u00edan hecho descartar. El paso del tiempo te obliga a hacerte a la idea que algunos m\u00fasicos tambi\u00e9n se mueren y otros tambi\u00e9n envejecen, a pesar de que en las portadas de los discos que tienes en casa permanezcan guapos durante toda la vida. Anoche, en el mismo momento en el que unos miles de agraciados en Benic\u00e0ssim estaban viendo a un grupo que se hab\u00eda disuelto hace 17 a\u00f1os, otros miles asist\u00edan en Madrid a otro acontecimiento hist\u00f3rico simult\u00e1neo, el de ver a un grupo que desapareci\u00f3 hace 29 a\u00f1os, <strong>Sex Pistols<\/strong>. Se ve\u00edan saltar los sms por el cielo, de una ciudad a otra, como bombas antimisiles.<\/p>\n<p>Sin \u00e1nimo de comparar con <strong>New York Dolls,<\/strong> el grupo del cupidito sangriento s\u00ed se hab\u00eda tomado aquella noche el elixir de la eterna juventud. Disculpen, quiz\u00e1 s\u00ed que traigo ese \u00e1nimo: ver a las mu\u00f1equitas tuvo su gracia por decir que un d\u00eda las vistes, pero yo no encontr\u00e9 ning\u00fan atisbo de furia ni conexi\u00f3n. <strong>David Johansen<\/strong> y <strong>Sylvain Sylvain<\/strong> ten\u00edan su qu\u00edmica, pero s\u00f3lo entre ellos.<\/p>\n<p>En cambio, My Bloody Valentine parec\u00edan haberse congelado en el tiempo. Y es que aquel peinado de <strong>Bilinda Butcher<\/strong> no ha variado nada desde 1988.<\/p>\n<p>Las cr\u00edticas m\u00e1s formales dicen que a<strong> Kevin Shields<\/strong> le fall\u00f3 la pedalera -y, <a href=\"http:\/\/www.adn.es\/cultura\/20080718\/NWS-1567-fib-2008-comienza-fibstart-baile.html#a_comentarios\" target=\"_BLANK\">de nuevo<\/a>, dir\u00e9 que no es una met\u00e1fora- y el rasgueo de su guitarra pod\u00eda o\u00edrse, cuando en realidad deber\u00edamos de estar escuchando una gran ola de sonido. Yo ve\u00eda la ola, qu\u00e9 quieren que les diga. Yo estaba metida dentro de la ola y era arrastrada por su resaca. A m\u00ed me dol\u00edan los o\u00eddos, y es que es a eso a lo que hab\u00eda ido. Caso contrario, hubiera puesto una reclamaci\u00f3n. Feliz hubiera ido hasta el puesto de socorro si me hubieran sangrado un poco.<\/p>\n<p>Los cr\u00edticos formalistas son aquellos que fueron a ver al grupo, tambi\u00e9n, a su reciente concierto en Londres. Dicen que, al lado de aquel, este ha sido poca cosa.<\/p>\n<p>Afortunados son los ignorantes que no pueden comparar, pues ellos ganar\u00e1n el cielo, un lugar donde siempre hace ruido.<\/p>\n<p>Al t\u00e9rmino de la \u00faltima canci\u00f3n, un <em>You made me realise<\/em> con un angustioso intermedio dominado por una espiral de distorsi\u00f3n donde el cuerpo se separaba del alma, cualquier otro sonido ca\u00eda en saco roto. Un apasionado fan que bail\u00f3 con los hombros desencajados dijo: \u00abDespu\u00e9s de esto yo ya s\u00f3lo quiero irme a casa a follar\u00bb.<\/p>\n<p>A eso, y a coger el coche para regresar a Madrid y ver al grupo de nuevo en Saturday Night Fiber.<\/p>\n<p><em>CC. Elena Cabrera. Publicado en ADN.es<\/em><\/p>\n","protected":false},"excerpt":{"rendered":"<p>Viernes santo en Benic\u00e0ssim, una noche que dividi\u00f3 al p\u00fablico entre viejas glorias y nuevos dioses a los que adorar Hace mucho tiempo, en una galaxia muy lejana, existi\u00f3 un grupo de una belleza singular, atronadora. S\u00f3lo sus fans pod\u00edan entenderlos, al igual que s\u00f3lo la ni\u00f1a que se acerc\u00f3 a Frankenstein con una flor [&hellip;]<\/p>\n","protected":false},"author":1,"featured_media":0,"comment_status":"open","ping_status":"open","sticky":false,"template":"","format":"standard","meta":{"footnotes":""},"categories":[],"tags":[],"class_list":["post-200380","post","type-post","status-publish","format-standard","hentry"],"_links":{"self":[{"href":"https:\/\/www.elenacabrera.com\/weblog3\/wp-json\/wp\/v2\/posts\/200380","targetHints":{"allow":["GET"]}}],"collection":[{"href":"https:\/\/www.elenacabrera.com\/weblog3\/wp-json\/wp\/v2\/posts"}],"about":[{"href":"https:\/\/www.elenacabrera.com\/weblog3\/wp-json\/wp\/v2\/types\/post"}],"author":[{"embeddable":true,"href":"https:\/\/www.elenacabrera.com\/weblog3\/wp-json\/wp\/v2\/users\/1"}],"replies":[{"embeddable":true,"href":"https:\/\/www.elenacabrera.com\/weblog3\/wp-json\/wp\/v2\/comments?post=200380"}],"version-history":[{"count":0,"href":"https:\/\/www.elenacabrera.com\/weblog3\/wp-json\/wp\/v2\/posts\/200380\/revisions"}],"wp:attachment":[{"href":"https:\/\/www.elenacabrera.com\/weblog3\/wp-json\/wp\/v2\/media?parent=200380"}],"wp:term":[{"taxonomy":"category","embeddable":true,"href":"https:\/\/www.elenacabrera.com\/weblog3\/wp-json\/wp\/v2\/categories?post=200380"},{"taxonomy":"post_tag","embeddable":true,"href":"https:\/\/www.elenacabrera.com\/weblog3\/wp-json\/wp\/v2\/tags?post=200380"}],"curies":[{"name":"wp","href":"https:\/\/api.w.org\/{rel}","templated":true}]}}