{"id":200419,"date":"2007-09-27T18:45:57","date_gmt":"2007-09-27T17:45:57","guid":{"rendered":""},"modified":"2019-05-23T02:46:45","modified_gmt":"2019-05-23T00:46:45","slug":"el-escritor-que-come-cochinillo","status":"publish","type":"post","link":"https:\/\/www.elenacabrera.com\/weblog3\/2007\/09\/27\/el-escritor-que-come-cochinillo\/","title":{"rendered":"Siguiendo el Hay Festival"},"content":{"rendered":"<p><strong>Blog desde el Hay Festival, Segovia.<\/strong><\/p>\n<h2><strong>El escritor que come cochinillo, 27 de septiembre de 2007<br \/>\n<\/strong><\/h2>\n<p>Ciudad romana y rom\u00e1nica, tierra de mataderos, piedra y silencio. Parece un buen lugar para encerrarse a leer, en un aristocr\u00e1tico sal\u00f3n de madera y escudos, como es este desde el que os escribo, en el Hotel Las Sirenas, epicentro del Hay Festival segoviano.<\/p>\n<p>Un folio blanco pegado a la entrada advierte que este es el \u00abSal\u00f3n de Escritores\u00bb, as\u00ed que he aprovechado el rato libre entre charla y charla para levantar la tapa del port\u00e1til y esperar con disimulo que pase por delante alguna estrella literaria.<\/p>\n<p>El problema es que un escritor de moda no es una estrella del rock. Ni el corte de pelo, ni el glamour del paso \u00e1gil ni el s\u00e9quito de fans les va a delatar. Les miro fijamente, intentando distinguir al literato del turista, pero no lo consigo. Ellos me miran a m\u00ed, y creo que tampoco aciertan a encasillarme.<\/p>\n<p>Si alguno me pregunta les dir\u00e9 que soy una blogger haciendo turismo literario. Pero si es botones del hotel que viene a echarme le dir\u00e9 que estoy acreditada para cubrir el Hay Festival para ADN.es. Los miembros de la organizaci\u00f3n -llevan camisetas que les diferencian, eso s\u00ed es f\u00e1cil- me miran con buenos ojos, se ve que da prestancia tener al menos una persona escribiendo en el Sal\u00f3n de Escritores.<\/p>\n<p>\u00abHay que aprender a gestionar la soledad\u00bb, dijo <strong>Almudena Grandes<\/strong> esta ma\u00f1ana, \u00abque es la grandeza y la miseria del escritor\u00bb. Lo dijo sobreponiendo su voz al eco de la megafon\u00eda de la iglesia San Juan de los Caballeros, m\u00e1s que apropiado enclave rom\u00e1nico para asistir a los encuentros de escritores, que Grandes inaugur\u00f3 esta ma\u00f1ana, de la mano de <strong>I\u00f1aki Gabilondo<\/strong>.<\/p>\n<p>Paso mi dedo por el programa de actos y recorro los nombres de escritores, a los que he le\u00eddo y a los que no y entremezclo su vidas con sus obras. Se ve que no he aprendido nada, porque la autora de <em>Las edades de Lul\u00fa<\/em> y <em>El coraz\u00f3n helado<\/em> fue muy tajante al se\u00f1alar que \u00abhay que diferencia la vida real de la escritura, no se pueden admitir puentes ni enlaces\u00bb. En cambio, estamos aqu\u00ed para tender, de alguna forma, esa alianza que nos invita a caminar m\u00e1s all\u00e1 del punto y final y llegar a la persona f\u00edsica. El escritor que come cochinillo, admira el Acueducto y se sube a una tarima para hablarnos de si mismo, y permitir que, en los veinte minutos finales, podamos hacer alguna de esas preguntas al aire que lanza el lector en el \u00faltimo suspiro, al cerrar el libro.<\/p>\n<h2>\u00abEl Gay Festival\u00bb, 28 de septiembre de 2007<\/h2>\n<p>Benic\u00e0ssim, Angulema, Venecia, Sitges. Las ciudades que acogen<br \/>\nfestivales son como ese anfitri\u00f3n que un d\u00eda invita a medio pueblo a un<br \/>\nbaile de m\u00e1scaras por Halloween. Acuden casi todos, pero se habla m\u00e1s<br \/>\nde los que no vinieron. Se critica mucho, arropados por el antifaz. Se<br \/>\nobserva a propios y extra\u00f1os con descaro. Se establecen nuevos lazos.<br \/>\nTranscurre la noche con el interrogante, eterno, de si aquel era el<br \/>\nlugar adecuado o hubiera sido mejor la casa de Lord Winchester, que<br \/>\nvive en las monta\u00f1as y se puede hacer ruido, o la de Lady Benegham, que<br \/>\nest\u00e1 justo en el centro y tan bien comunicada.<\/p>\n<p>El primer d\u00eda de<br \/>\nHay Festival me ha dejado agujetas. Se\u00f1ores, no sab\u00eda yo que Segovia<br \/>\nten\u00eda tantas escaleras. Abordo el d\u00eda de ma\u00f1ana con cierta preocupaci\u00f3n<br \/>\nsobre a qu\u00e9 asistir y a qu\u00e9 no. Desde luego, este evento es fiel a su<br \/>\nnombre: Festival, d\u00edcese de aquel acontecimiento que ocurre en diversas<br \/>\nubicaciones simult\u00e1neamente, produciendo la angustia de los llamados<br \/>\nfestivaleros.<\/p>\n<p>Si lo hubieran llamado Encuentros hubieran errado<br \/>\npues el asunto es m\u00e1s bien de desencuentros. Una media de tres charlas<br \/>\nsuceden al mismo tiempo en ubicaciones muy dispares. De esta manera, el<br \/>\nque quiera ver al historiador <strong>Paul Preston<\/strong> se perder\u00e1 al editor <strong>Jorge Herralde<\/strong>. Los que quieran saber sobre sufismo y literatura, se quedar\u00e1n sin los retratos sobre escritores espa\u00f1oles de 1898 a 1927.<\/p>\n<p>El esperado encuentro que revive el proyecto <strong>Bogot\u00e1 39<\/strong> coincide con la conferencia de <strong>Samih al-Qasim<\/strong><br \/>\n(que promete hablarnos de creaci\u00f3n literaria y lo pol\u00edticamente incorrecto, muy interesante si mantiene su palabra) y con la conversaci\u00f3n entre <strong>Andr\u00e9s Tapiello<\/strong> y <strong>Malcolm Otero Barral<\/strong>.<\/p>\n<p>Se\u00f1ores de la organizaci\u00f3n, hoy he descubierto que Segovia es una ciudad hermosa que merece la pena patear, pero no estoy segura de que la obligaci\u00f3n de recorrerla para asistir a los actos que una buenamente elige sea una bendici\u00f3n en lugar de un castigo.<\/p>\n<p>Tampoco me ha quedado claro si nuestros hu\u00e9spedes, los segovianos, tienen muy claro qu\u00e9 est\u00e1 ocurriendo aqu\u00ed. Unas se\u00f1oras desplegaron sus perf\u00famenes y joyas en la mesa contigua a la m\u00eda, mientras tomaban caf\u00e9. Hablaban de<br \/>\necos de sociedad local, cuando una de ellas alz\u00f3 la voz, sin duda la m\u00e1s enterada, cabecilla de la banda, para aclararles \u00abque hoy era el Gay Festival\u00bb. Espero que disfrutaran, con alegr\u00eda, de los fuegos artificiales que los guardianes de la palabra han lanzado esta noche desde los Altos de la Piedad.<\/p>\n<h2>La corresponsal no se puede quedar embarazada, 28 de septiembre de 2007<\/h2>\n<p>Os escribo junto a la cola que r\u00e1pidamente se est\u00e1 formando, junto a la<br \/>\niglesia San Juan de los Caballeros, para ver y escuchar al historiador <strong>Paul Preston<\/strong>.<br \/>\nProbablemente se llene y de nuevo los informadores tengamos que<br \/>\naguantar a pie firme, en una nave lateral y lejos del \u00e1bside, como<br \/>\ncreyentes semipecadores.<\/p>\n<p>Esta ma\u00f1ana <strong>Janine de Giovanni<\/strong> se ha metido al<br \/>\nauditorio en el bolsillo. Ha conversado amablemente, con fluidez, junto al director del Hay sobre su experiencia como corresponsal de guerra. Pero la charla deriv\u00f3 hacia su experiencia desde el punto de vista del g\u00e9nero y las mujeres, que \u00e9ramos mayor\u00eda en el p\u00fablico (a ojo de buen cubero) sonre\u00edamos por lo bajini cuando explic\u00f3 que ser mujer y corresponsal tiene una cosa buena y otra mala. La buena es que all\u00e1 donde vas, la empat\u00eda con las personas es mayor y facilita la confidencia, como cuando quieres hablar con una mujer que ha sido v\u00edctima de violaci\u00f3n en una zona de conflicto armado.<\/p>\n<p>Lo malo, y ah\u00ed se escucharon susurros aprobatorios, es cuando tu jefe de internacional no te concede la baja de maternidad y, si te quedas embarazada, provocas una crisis en la redacci\u00f3n.<\/p>\n<p>Me llama Paul Preston, hasta pronto.<\/p>\n<h2>Yo defiendo la p\u00e1gina mediocre, 28 de septiembre de 2007<\/h2>\n<p>Algunos de los 39 escritores latinoamericanos m\u00e1s interesantes menores de 39 a\u00f1os han hablado hoy en Segovia, por los codos. En concreto tres. No tres codos, perd\u00f3n. Un rato con ellos y ya se me han pegado las maneras, los giros, el surrealismo y la broma mala.<\/p>\n<p><strong>Eduardo Halfon<\/strong> es escritor y jud\u00edo y guatemalteco y&#8230; apasionado por el suicidio. Eso es algo verdaderamente raro, dice <a href=\"http:\/\/www.hayfestival.com\/bogota\/es-piedad.aspx\"><strong>Piedad Bonnett<\/strong><\/a>, que fue una de los tres jurados que eligieron a los 39 escritores de las discordia para un evento organizado por Hay Festival (<a href=\"http:\/\/www.hayfestival.com\/bogota\/\">tienen una edici\u00f3n tambi\u00e9n all\u00ed<\/a>) y la Alcald\u00eda de Bogot\u00e1.<\/p>\n<p>\u00abComo buen jud\u00edo, s\u00f3lo la palabra pureza de algo ya me da miedo\u00bb, dijo Halfon, al hilo de la defensa de <strong>Andr\u00e9s Neuman<\/strong> de la redefinici\u00f3n del g\u00e9nero novela.<\/p>\n<p>Neuman: \u00abYa no hay divisi\u00f3n de g\u00e9neros\u00bb.<\/p>\n<p>Halfon: \u00abHay rechazo al g\u00e9nero novela, pero eso tiene m\u00e1s que ver con los editores\u00bb.<\/p>\n<p>Se\u00f1ores del p\u00fablico en fila n\u00famero 7: \u00abS\u00ed, s\u00ed\u00bb.<\/p>\n<p>Halfon: \u00abTodo vale, salvo la p\u00e1gina mediocre\u00bb.<\/p>\n<p>Slavko Zupcic: \u00abYo defiendo la vigencia de la p\u00e1gina mediocre, por si acaso\u00bb.<\/p>\n<p><strong>Slavko Zupcic<\/strong> es venezolano y est\u00e1 psicoanalizado. Tiene miedo a no tener nada que decir, \u00abel miedo del silencio, que es la muerte del escritor\u00bb dice, y a\u00f1ade \u00able tengo miedo a la muerte desde que nacieron mis hijos\u00bb. Me llama la atenci\u00f3n, porque es la segunda vez que escucho esa afirmaci\u00f3n estos d\u00edas en el Hay Festival. <a href=\"http:\/\/www.adn.es\/blog\/hay_tantas_palabras\/cultura\/cartelera\/20070928\/POS-0008-corresponsal-embarazada-quedar-puede.html\">Tambi\u00e9n lo dijo Janine de Giovanni<\/a>, que se ha jugado la vida durante a\u00f1os, con una venda en los ojos enfrent\u00e1ndose a la pi\u00f1ata del peligro. Al volver de la guerra de Irak se qued\u00f3 embarazada, ten\u00eda 41 a\u00f1os y \u00abde pronto me daba miedo cualquier cosa, llevaba 15 a\u00f1os como una maniaca corriendo de un lado para otro y ahora en\u00eda miedo a morirme en cualquier momento\u00bb. Su marido, tambi\u00e9n reportero, tuvo que abandonar las corresponsal\u00edas e guerra y pasarse a los deportes, porque sufr\u00eda de estr\u00e9s post traum\u00e1tico.<\/p>\n<p>Pero volvamos a otros asuntos de inter\u00e9s de los invitados hispanoamericanos.<\/p>\n<p>Bonnett: \u00abEl zapping. \u00bfTendr\u00e1 algo que ver, la novela que ustedes est\u00e1n escribiendo, con el zapping?<\/p>\n<p>Halfon creo que s\u00ed. Neuman piensa que el zapping afecta \u00aba la pol\u00edtica zapping, al programa electoral zapping, al sexo zapping&#8230;\u00bb.<\/p>\n<p>\u00abEs la primera vez que lo digo en p\u00fablico -prepar\u00f3 Piedad Bonnett su revelaci\u00f3n- pero echo de menos, en los 39 autores que hemos seleccionado, unas prosas m\u00e1s elaboradas y sofisticadas, pienso en Nabokov y en Proust, encuentro que hay una pobreza en la elaboraci\u00f3n de la prosa. Estoy generalizando, les expongo mis sentires\u00bb.<\/p>\n<h2>\u201cEl nigeriano, el de los pelos\u201d, 29 de septiembde de 2007<\/h2>\n<p>Hasta ahora, lo m\u00e1s parecido a un torbellino, dej\u00e9moslo en remolino, de lo que ha pasado por Segovia es el Premio Nobel de Literatura en 1986 <strong>Wole Soyinka<\/strong>. Se pasea con su camisa blanca y su chaleco, con su aire paciente y su experiencia, ancestral, como dramaturgo, poeta, novelista, cr\u00edtico, catedr\u00e1tico, actor, traductor, pol\u00edtico y editor. Y os juro que ni se le nota. Si hubiera sido espa\u00f1ol, los botones del chaleco hace tiempo que ya le habr\u00edan reventado.<\/p>\n<p>No falt\u00f3 un periodista al acontecimiento del d\u00eda, su conversaci\u00f3n con el cr\u00edtico literario, experto en literatura y arte africanos, <strong>Landry-Wilfred Mampika<\/strong>, que se gan\u00f3 la antipat\u00eda del p\u00fablico con sus cansinas petici\u00f3n de concisi\u00f3n en las preguntas de la audicencia, cuya extensi\u00f3n, os diga yo, distaba mucho de una intervenci\u00f3n en <em>Hablar por hablar<\/em>.<\/p>\n<p>Soyinka tuvo grandes ideas. Una de ellas fue que, para abordar el tema de la inmigraci\u00f3n, cada vez que un cayuco africano llegara a la costa espa\u00f1ola se pusiera un anuncio para pedir que el mismo n\u00famero de espa\u00f1oles se fuera para \u00c1frica. El escritor cree que muchos m\u00e1s de los que nos imaginamos estar\u00edan dispuestos a ir.<\/p>\n<p>Anoche Soyinka se dej\u00f3 ver, embargado por el fragor del flamenco. Haciendo &#8216;ayes&#8217;, taconeando, dando aire a su melena cana. Hoy, no s\u00e9 si v\u00edctima de la resaca, aseguro que \u00abel orujo es lo que ha bailado ayer a trav\u00e9s de mi persona\u00bb.<\/p>\n<p>Soyinka es el m\u00e1s rock star de todos. Ha prometido a la Asociaci\u00f3n de Libreros de Segovia, que gestionan la caseta que se ha situado en la Plaza de San Mart\u00edn as\u00ed como los peque\u00f1os puestos de venta a la salida de los actos, que hoy se pasar\u00eda a firmar por la casetilla.<\/p>\n<p>El botones de la recepci\u00f3n del Hotel San Facundo acierta a definir a Wole Soyinka como \u00abel nigeriano, el de los pelos\u00bb. A la vez que hace un repaso de la fauna literaria de esta forma: \u00abno van de divos, ellos son gente de la calle\u00bb.<\/p>\n<p><strong>Federico<\/strong>, que vende en el stand de la plaza, es un peque\u00f1o soci\u00f3logo del comportamiento del segoviano durante el Hay: \u00abes impresionante, se ha asumido como propio, ya estamos pensando en la tercera edici\u00f3n\u00bb. Sobre el autor nigeriano, que hace unos minutos asist\u00eda, entre el p\u00fablico, a la lectura, dulcemente dramatizada, del dramaturgo ingl\u00e9s Arnold Wesker, comenta que \u00absu f\u00edsico es llamativo y llama la atenci\u00f3n, es un reclamo tenerle aqu\u00ed, la gente le va a reconocer&#8230; pero s\u00f3lo tenemos de \u00e9l libros en ingl\u00e9s\u00bb.<\/p>\n<p>\u00a1Como si eso fuera un gran escollo para el aguerrido segoviano, amante de la cultura!<\/p>\n<h2>Lo que la multitud te da un jueves, un domingo te lo quita, 30 de septiembre de 2007<\/h2>\n<p>Ayer fue un d\u00eda de danzas macabras en Segovia. Como las que bailan las calaveritas abigarradas de <strong>James Ensor<\/strong>, talento decimon\u00f3nico <a href=\"http:\/\/www.adn.es\/cultura\/20070929\/NWS-1044-Trapiello-Andres-Ensor-contemporaneos-hayanignorado.html\">a descubrir<\/a>.<\/p>\n<p>Ensor naci\u00f3 y muri\u00f3 en Ostende, que es una especie de Benidorm a lo belga y eso se nota en sus dibujos. Ostende es una ciudad de veraneo con tres meses de alta ocupaci\u00f3n y un desierto fantasmal el resto del a\u00f1o. Vivir all\u00ed le produc\u00eda angustia, \u00a1y vivi\u00f3 89 a\u00f1os!<\/p>\n<p>A m\u00ed el adolescente Ensor se me trasmut\u00f3 ayer en la chica que vive en Brighton -ciudad inglesa de costa, playa de Londres- que protagoniza el <a href=\"http:\/\/www.youtube.com\/watch?v=1IbJQ4YAPRo\">v\u00eddeo de <strong>Morrissey <\/strong><em>Everyday is like Sunday<\/em><\/a>.<\/p>\n<div class=\"block append4\">\n<div class=\"m_moreinfo md skin_border clearfix\"><!-- .bd --><\/div>\n<p><!-- .m_moreinfo md skin_border --><\/p>\n<\/div>\n<p><!-- .block append4 -->La canci\u00f3n dice que todos los d\u00edas son silenciosos y grises en una ciudad como aquella. Y un Sunday, un Brighton, un domingo en Ostende en octubre, todo eso es hoy Segovia, en su \u00faltimo d\u00eda de festival.<\/p>\n<h2>Mal versando, 30 de septiembde de 2007<\/h2>\n<p>Hay una jaur\u00eda de periodistas apostados en la frontera de Birmania, esperando que suban la barrera y les dejen entrar al pa\u00eds.<\/p>\n<p><strong>Rosa Mar\u00eda Calaf<\/strong> deber\u00eda estar all\u00ed, con su mochila y su mech\u00f3n rosa, haciendo frontera. Un compa\u00f1ero le est\u00e1 cubriendo, por si acaso, para que ella pueda viajar a Segovia a hablar mucho m\u00e1s de lo que cabe en el minuto diez que le dan en el Telediario.<\/p>\n<p>La versi\u00f3n extendida de Calaf es una lecci\u00f3n de periodismo que es, en realidad, una clase de Historia. Como enviada de TVE a Asia-Pac\u00edfico, recorre su geopol\u00edtica de una manera que parece manejable, abordable, pero sin \u00e1nimo de simplificar lo que en televisi\u00f3n parece un telefilme. \u00abA nadie le importa lo que realmente le pase a la gente de Birmania\u00bb dice en relaci\u00f3n a <a href=\"http:\/\/www.adn.es\/mundo\/20070926\/NWS-2758-ONU-Birmania-representante-situacion-deterioro.html\">la ausencia de una condena por parte de la ONU<\/a>, \u00abBirmania importa porque es la cuarta infraestructura de gas del mundo\u00bb.<\/p>\n<p>\u00bfQui\u00e9n nos marca la agenda? \u00bfQui\u00e9n decide qu\u00e9 es noticia y cu\u00e1ndo lo es? \u00bfPor qu\u00e9 aceptamos que la realidad es lo que muestra una c\u00e1mara de televisi\u00f3n y lo que est\u00e1 fuera de foco no es, por tanto, noticia?<\/p>\n<div class=\"block append4\">\n<div class=\"m_moreinfo md skin_border clearfix\">\n<p><!-- .bd --><\/p>\n<\/div>\n<p><!-- .m_moreinfo md skin_border --><\/p>\n<\/div>\n<p><!-- .block append4 -->En los \u00faltimos 8 a\u00f1os, que ella haya notado, se ha reducido trepidantemente los segundos que le permiten intervenir en televisi\u00f3n, \u00abel periodismo es menos pedag\u00f3gico y m\u00e1s emotivo\u00bb y construy\u00f3 esta met\u00e1fora inform\u00e1tica: \u00abel software son los periodistas y el hardware es la tecnolog\u00eda y los programas de s\u00e1bado noche, la inversi\u00f3n se ha llevado al hardware y se ha sustra\u00eddo del software\u00bb.<\/p>\n<p>Ayer le recordaron a la Calaf que hace un tiempo defini\u00f3 el expediente de regulaci\u00f3n de empleo de Radio Televisi\u00f3n Espa\u00f1ola como \u00abuna malversaci\u00f3n de fondos p\u00fablicos\u00bb. Se reafirma, sabe que por su posici\u00f3n y su edad (62) ya no tiene nada que perder. \u00abDespedir a los mayores de 50 a\u00f1os es aberrante, hay que equilibrar la fuerza innovadora de los j\u00f3venes con la experiencia de los mayores\u00bb. Decapitar al ente p\u00fablico mandando a casa a los veteranos era la opci\u00f3n f\u00e1cil. Lo dif\u00edcil, lo que no han querido hacer, es ir caso por caso viendo qu\u00e9 profesional vale para ese modelo y qui\u00e9n no vale, explic\u00f3 la reportera.<\/p>\n<p>Su \u00faltima misi\u00f3n ser\u00e1 en Pek\u00edn, durante los Juegos Ol\u00edmpicos. Le pregunt\u00e9 qu\u00e9 pintaba ella en unos Juegos Ol\u00edmpicos. \u00abSe ve que no mucho, por eso han tardado dos meses y medio en decidir concederme el visado\u00bb, dijo entre risas. El enfoque de sus cr\u00f3nicas ser\u00e1 aquel que logre reflejar el engranaje social de los JJOO con China. Mucha gente se pregunta c\u00f3mo han podido conceder unos juegos a un pa\u00eds que anula las libertades civiles y eso es lo que ella quiere observar y narrar. \u00abHay un extremado control sobre la gente que est\u00e1 entrando, no quieren que se les cuele ninguna ONG ni ning\u00fan movimiento activista, no quieren que alguien aparezca en la televisi\u00f3n con un cartel que diga Tibet libre\u00bb.<\/p>\n<h2>La confusi\u00f3n del vino, 30 de septiembre de 2007<\/h2>\n<p>A <strong>Juan Gelman<\/strong>, Premio Nacional de Poes\u00eda en 1997, le preguntan sus acompa\u00f1antes si quiere ir para el hotel. \u00abNo, no, a Jos\u00e9 Mar\u00eda\u00bb. Pues vamos a Jos\u00e9 Mar\u00eda.<\/p>\n<p>En Jos\u00e9 Mar\u00eda se rompe la oligarqu\u00eda y el escritor forastero se confunde con el segoviano. Me pregunto porqu\u00e9 los escritores, los poetas con mayor precisi\u00f3n, siempre saben cu\u00e1l es el restaurante o el bar al que hay que ir en cada ciudad que visitan. Como si todos, en alg\u00fan momento de sus vidas, hubieran vivido en ellas, servido en ellas.<\/p>\n<p>Tomando un Ribera en el Jos\u00e9 Mar\u00eda tengo la sensaci\u00f3n de que alg\u00fan verso de Gelmar hace referencia a esta ciudad, a este restaurante, a esta Plaza Mayor. Tengo el sentir de que todos los que estamos aqu\u00ed, escritores y periodistas, vamos a escribir sobre Segovia una y otra vez, como una c\u00e9lula v\u00edrica anclada en el subconsciente.<\/p>\n<p>Me paro en el escaparate de la librer\u00eda Punto L\u00ednea, plet\u00f3rica de novedades editoriales. A mi lado est\u00e1 <strong>Dani<\/strong>, tiene 3 a\u00f1os, tambi\u00e9n parece hipnotizado. \u00ab\u00bfTe gustan los libros?\u00bb, le pregunto. \u00abS\u00ed\u00bb, me dice, moviendo r\u00e1pidamente la cabeza arriba y abajo. \u00ab\u00bfPero sabes leer?\u00bb. \u00abNo\u00bb. \u00abAh\u00bb, le digo.<\/p>\n<p>Seguimos mirando el Kureishi, el Mar\u00edas, el Gaardner, el Mortadelo, el Woody Allen&#8230; cuando llega su madre, prepar\u00e1ndole para la retirada. Dani le ha echado el ojo al c\u00f3mic de Ib\u00e1\u00f1ez. La madre le recuerda que no sabe leer. Pero de eso ya hemos hablado nosotros. \u00c9l, creo yo que para impresionarme, le dice a su madre: \u00abAh\u00ed dice oto\u00f1o\u00bb. \u00ab\u00bfD\u00f3nde?\u00bb, le pregunta su madre, \u00ab\u00bfen ese libro de \u2018Setas y hongos&#8217;?\u00bb.<\/p>\n<div class=\"block append4\">\n<div class=\"m_moreinfo md skin_border clearfix\"><!-- .bd --><\/div>\n<p><!-- .m_moreinfo md skin_border --><\/p>\n<\/div>\n<p><!-- .block append4 -->Dani asiente en\u00e9rgicamente.<\/p>\n<p>Qu\u00e9 va, en la portada del libro sobre micolog\u00eda no pone \u00aboto\u00f1o\u00bb pero la fotograf\u00eda de bosque h\u00famedo y n\u00edscalos es la pura met\u00e1fora de lo que se nos avecina.<\/p>\n<p>Dani se va y yo le pongo ojitos de admiraci\u00f3n mientras se aleja. M\u00e1s ojitos incluso de los que le puse hoy a Kureishi, con eso os digo todo.<\/p>\n<h2>Alboroto de ministro, 30 de septiembre de 2007<\/h2>\n<p>P\u00f3ngame un ministro a la clausura. Vuelta y vuelta. Muy hecho.<\/p>\n<p>\u00abMinistro en la clausura\u00bb, dec\u00eda la nota de prensa que la organizaci\u00f3n del Hay distribuy\u00f3 hoy. Mientras Hanif Kureishi sal\u00eda por la puerta de atr\u00e1s, acogido por un grupo de fans que hac\u00edan cola -muy ordenadamente, una l\u00ednea recta y larga- para pedir su firma en la p\u00e1gina en blanco que dejan los editores en los libros para que los autores nos firmen, mientras, dec\u00eda, cuando la frase se me qued\u00f3 tan larga, que un enjambre de c\u00e1maras y curiosos revoloteaban por la entrada principal.<\/p>\n<p>Una mujer le dicce a otra, extra\u00f1ada, que algo debe de pasar. Me inmiscuyo, porque yo a estas alturas de festival meto ya la nariz en cualquier cazuela, y le digo: \u00abun ministro\u00bb.<\/p>\n<p>\u00abAaaaaaah, el nuevo\u00bb. S\u00ed, el nuevo, le digo, a qu\u00e9 sino tanta c\u00e1mara, porque para los dem\u00e1s escritores que no son ministros no se acercaron tantos compa\u00f1eros.<\/p>\n<p>27 tristes \u00e1nimas viendo al genial portugu\u00e9s Gon\u00e7alo Tavares.<\/p>\n<p>Un 60% de ocupaci\u00f3n de los asientos de la iglesia San Juan de los Caballeros para escuchar al no menos genial Kureishi, peso pesado del Hay Festival.<\/p>\n<p>Y el ministro, C\u00e9sar Antonio Molina, que estaba invitado para leer sus poemas \u00abdesde antes de ser nombrado ministro\u00bb le pareci\u00f3 que no era adecuado recitar pero s\u00ed asistir como oyente &#8211;<a href=\"http:\/\/www.adn.es\/cultura\/20070930\/NWS-1627-Cultura-literatura-ministro-afirma-manera.html\">y dar palabras a la prensa<\/a>, c\u00f3mo no- y ayudar al viejillo <a href=\"http:\/\/www.adn.es\/cultura\/20070918\/NWS-0454-Gamoneda-pensamiento-conquistar-libertad-jovenes.html\">Gamoneda<\/a> , que casi se nos cae, con estos empedrados segovianos.<\/p>\n<h2>La mirada pervertida, 1 de octubre de 2007<\/h2>\n<p>Una foto me llam\u00f3 ayer la atenci\u00f3n. Api\u00f1ados, p\u00edcaros, posando ante una mesa devastada tras la comida, apurando las copas y caf\u00e9s de sobremesa, encontramos la juventud, la clase, el gesto de un buen pu\u00f1ado de escritores de la generaci\u00f3n del 27. Est\u00e1n en alg\u00fan antro madrile\u00f1o. La mirada pervertida de <strong>Bu\u00f1uel<\/strong>, el dandismo de <strong>Cernuda<\/strong>, un <strong>Garc\u00eda Lorca<\/strong> colgado del hombro de alg\u00fan otro amigo, compa\u00f1ero de armas de la pluma.<\/p>\n<p>La fascinaci\u00f3n dio paso al desencanto. Una de las im\u00e1genes que se lleva mi memoria del Hay Festival no ha sucedido en Segovia 2007 sino en Madrid 1930. Colgada dentro de un marco en la exposici\u00f3n que acoge el centro de La Alh\u00f3ndiga (hasta el 28 de octubre) formando parte de la exposici\u00f3n<em> Retrato y Autorretrato. Tres generaciones de escritores espa\u00f1oles<\/em> pero no como un flashazo de la vida real, del transcurso de un festival interesante pero \u00e1rido, fr\u00edo.<\/p>\n<p>A\u00fan nos dejamos mucho que decir sobre lo que es el Hay, pero podemos decir unas \u00faltimas palabras sobre lo que no es:<\/p>\n<h1><strong><strong>Lo que el Hay Festival no ha sido<\/strong><\/strong><\/h1>\n<p><strong>El festival literario se clausur\u00f3 ayer, despidi\u00e9ndose hasta su pr\u00f3xima cita espa\u00f1ola en la Alhambra<\/strong><\/p>\n<p>La clausura de Hay Festival se produjo ayer domingo leyendo poes\u00eda en voz alta, lo cual le da mucho sentido a un encuentro que no deja ratos libres para sentarse en un rinc\u00f3n y reencontrarse con la literatura.<\/p>\n<p>La escena literaria es emocionante y brillante. Est\u00e1 salpicada de nuevas firmas a descubrir y la poes\u00eda vuelve a estar en boca de muchos intr\u00e9pidos. Pero esa no es la sensaci\u00f3n que se desprende de la asistencia a la edici\u00f3n segoviana del festival.<\/p>\n<p>En el Hay ha habido mucho cochinillo y poco riesgo. Un festival que es como un asador. Uno sabe all\u00ed lo que le van a dar cuando entra por la puerta. El cliente paga por eso (y en el caso del Hay, unos 7 euros por sesi\u00f3n que no animaban a probar lo desconocido). Si lo hacen manos expertas, el plato estar\u00e1 en su punto. En Segovia la calidad est\u00e1 garantizada.<\/p>\n<p>Este evento, promovido por el peri\u00f3dico <em>The Guardian<\/em>, ha apostado por literatos consolidados, fil\u00f3sofos correctos y periodistas eminentes. La llamada alta cultura estaba all\u00ed bien representada, pero descendiendo al alcance de una clase media intelectual, con un umbral de aburrimiento situado en los 45 minutos por charla, m\u00e1s 15 de turno de preguntas.<\/p>\n<p><strong>Baja la fiebre <\/strong><\/p>\n<p>Un premio Nobel concedido hace 21 a\u00f1os (<strong><a href=\"http:\/\/www.adn.es\/cultura\/20070929\/NWS-1114-wole-soyinka-hay-festival.html\">Soyinka<\/a><\/strong>), los escritores que m\u00e1s ejemplares colocan en los hogares espa\u00f1oles (<strong>Mar\u00edas<\/strong>, <strong>Cercas<\/strong>, <strong>Rivas<\/strong>, <a href=\"http:\/\/www.adn.es\/cultura\/20070927\/NWS-3128-Gabilondo-Almudena-Festival-Grandes-Hay.html\"><strong>Grandes<\/strong><\/a>), el editor m\u00e1s influyente de nuestro mercado (<strong>Jorge Herralde<\/strong>, de Anagrama), el historiador m\u00e1s popular (<a href=\"http:\/\/www.adn.es\/cultura\/20070928\/NWS-1948-Republica-Paul-Preston-Guerra-Civil.html\"><strong>Preston<\/strong><\/a>) y as\u00ed podr\u00edamos seguir con una lista de nombres muy respetados.<\/p>\n<p>Pero respeto no es sin\u00f3nimo de fiebre, contagio, excitaci\u00f3n, frescura, ambici\u00f3n, riesgo, sorpresa o juventud. Elementos que han faltado en la programaci\u00f3n del festival.<\/p>\n<p>La caterva de escritores latinoamericanos que forman <a href=\"http:\/\/www.adn.es\/blog\/hay_tantas_palabras\/cultura\/cartelera\/20070928\/POS-0013-medriocre-defiendo-vigencia-pagina-acaso.html\">el grupo Bogot\u00e139<\/a> arroj\u00f3 algunas briznas de locura, excentricidad y surrealismo. La humildad de los invitados acerc\u00f3 la audiencia a los escritores y periodistas. Se dijeron verdades como templos, pero la imaginaci\u00f3n vol\u00f3 poco.<\/p>\n<p><strong>Trinchar el cochinillo con cordialidad<\/strong><\/p>\n<p>Los espacios donde se celebraban los actos se llenaron en contad\u00edsimas ocasiones. Muchas de las audiencias no llegaban a las 30 personas, peque\u00f1as clases magistrales para unos privilegiados. El p\u00fablico fue inteligente y respetuoso, pero la franja de edad predominante -entre los 40 y los 50 a\u00f1os- denot\u00f3 qu\u00e9 tipo de lector busca el Hay.<\/p>\n<p>La pr\u00f3xima cita espa\u00f1ola tendr\u00e1 lugar entre el 3 y el 6 de abril de 2008 en la Alhambra de Granada.<\/p>\n<p>Los entresijos de un festival provocan un millar de encuentros paralelos, comidas, cenas, alcoholes, celebraciones, hermandades. Encuentros imposibles, torbellinos de calles y bares, improvisaciones, calamidades. No fue as\u00ed en el Hay. Hubo saludos cordiales, una cena oficial con cochinillo y desligaz\u00f3n entre autores.<\/p>\n<p>Una secci\u00f3n paralela dedicada a nuevos valores, como realiza <a href=\"http:\/\/www.manchesterliteraturefestival.co.uk\/\">el festival de Manchester con su Independents Day<\/a>, ayudar\u00eda a desarrollar un tejido humano que avivara y rejuveneciera el festival. Aunque su director, Peter Florence, no lo contempla.<\/p>\n<p><strong>Borrascas y bajas presiones <\/strong><\/p>\n<p>M\u00e1s actividades paralelas que fomenten la relaci\u00f3n entre los autores, como el viaje en tren que organiz\u00f3 Mondadori para asistir desde Madrid a unas jornadas literarias barcelonesas en 1999, har\u00edan de festivales como este un calendario de encuentros menos dogm\u00e1ticos.<\/p>\n<p>El clima fue, decididamente, fr\u00edo. M\u00e1s g\u00e9lido a\u00fan que los cortantes vientos que azotaron Segovia, ayer domingo, como despedida a los literatos.<\/p>\n<p><em>CC. Elena Cabrera. Publicado en ADN.es<\/em><\/p>\n","protected":false},"excerpt":{"rendered":"<p>Blog desde el Hay Festival, Segovia. El escritor que come cochinillo, 27 de septiembre de 2007 Ciudad romana y rom\u00e1nica, tierra de mataderos, piedra y silencio. Parece un buen lugar para encerrarse a leer, en un aristocr\u00e1tico sal\u00f3n de madera y escudos, como es este desde el que os escribo, en el Hotel Las Sirenas, [&hellip;]<\/p>\n","protected":false},"author":1,"featured_media":0,"comment_status":"open","ping_status":"open","sticky":false,"template":"","format":"standard","meta":{"footnotes":""},"categories":[],"tags":[],"class_list":["post-200419","post","type-post","status-publish","format-standard","hentry"],"_links":{"self":[{"href":"https:\/\/www.elenacabrera.com\/weblog3\/wp-json\/wp\/v2\/posts\/200419","targetHints":{"allow":["GET"]}}],"collection":[{"href":"https:\/\/www.elenacabrera.com\/weblog3\/wp-json\/wp\/v2\/posts"}],"about":[{"href":"https:\/\/www.elenacabrera.com\/weblog3\/wp-json\/wp\/v2\/types\/post"}],"author":[{"embeddable":true,"href":"https:\/\/www.elenacabrera.com\/weblog3\/wp-json\/wp\/v2\/users\/1"}],"replies":[{"embeddable":true,"href":"https:\/\/www.elenacabrera.com\/weblog3\/wp-json\/wp\/v2\/comments?post=200419"}],"version-history":[{"count":1,"href":"https:\/\/www.elenacabrera.com\/weblog3\/wp-json\/wp\/v2\/posts\/200419\/revisions"}],"predecessor-version":[{"id":2002002580,"href":"https:\/\/www.elenacabrera.com\/weblog3\/wp-json\/wp\/v2\/posts\/200419\/revisions\/2002002580"}],"wp:attachment":[{"href":"https:\/\/www.elenacabrera.com\/weblog3\/wp-json\/wp\/v2\/media?parent=200419"}],"wp:term":[{"taxonomy":"category","embeddable":true,"href":"https:\/\/www.elenacabrera.com\/weblog3\/wp-json\/wp\/v2\/categories?post=200419"},{"taxonomy":"post_tag","embeddable":true,"href":"https:\/\/www.elenacabrera.com\/weblog3\/wp-json\/wp\/v2\/tags?post=200419"}],"curies":[{"name":"wp","href":"https:\/\/api.w.org\/{rel}","templated":true}]}}