{"id":20045,"date":"2008-11-26T20:31:49","date_gmt":"2008-11-26T19:31:49","guid":{"rendered":""},"modified":"2008-12-13T23:35:08","modified_gmt":"2008-12-13T22:35:08","slug":"cuando-se-mueren-los-nuestros","status":"publish","type":"post","link":"https:\/\/www.elenacabrera.com\/weblog3\/2008\/11\/26\/cuando-se-mueren-los-nuestros\/","title":{"rendered":"Cuando se mueren los nuestros"},"content":{"rendered":"<p><img loading=\"lazy\" decoding=\"async\" class=\"alignleft\" src=\"http:\/\/farm1.static.flickr.com\/38\/104884789_417a9ca5fc.jpg\" alt=\"\" width=\"300\" height=\"396\" \/>Yo era a\u00fan preadolescente y aquel fue mi primer shock con lo incomprensible. Hab\u00edamos acabado el colegio y eso supon\u00eda escoger, por primera vez, un destino. Para hacer BUP y COU -qu\u00e9 en desuso quedan ya los recuerdos de esas siglas- yo eleg\u00ed el Fortuny y ella el Claret. La primera elecci\u00f3n supone tambi\u00e9n la primera separaci\u00f3n, aprender que distanciarse al seguir tu camino tiene algo de natural.<\/p>\n<p>Ella era inteligente, divertida, dotada con una voz grave y una belleza prerrafaelita y maldecida con un error en su columna vertebral que le obligaba a armar su cuerpo con un esqueleto exterior de metal cuyas formas apenas se disimulaban bajo el polo blanco del uniforme. Jam\u00e1s le o\u00ed quejarse por ello. Lo cargaba con naturalidad y formaba parte de si misma, a pesar de que hubiera muchas cosas que no pod\u00eda hacer, como saltar el potro o girar s\u00f3lo la cabeza para mirar a ambos lados de la calle antes de cruzar.<\/p>\n<p>Comenzamos primero de BUP, cada una a lo suyo. El nuevo mundo le trajo tambi\u00e9n la liberaci\u00f3n de su armadura. Los huesos hab\u00edan crecido ya lo suficiente apoy\u00e1ndose en este eterno sost\u00e9n de hierros y pr\u00f3tesis, dej\u00f3 de ser necesario y se lo quitaron. Deb\u00eda estar muy feliz. Pocos meses despu\u00e9s, en verano, muri\u00f3 en un accidente de tr\u00e1fico en el que no tuvo la culpa.<\/p>\n<p>Como no soy una mujer de memoria, el descarrilamiento de la vida de Estibaliz me impact\u00f3, pero no debi\u00f3 de cambiarme lo suficiente porque no me prepar\u00f3 para el futuro.<\/p>\n<p>En el futuro, todos deb\u00e9is saberlo, la gente de vuestra edad se muere. No s\u00f3lo los abuelos, los padres, los t\u00edos. No s\u00f3lo los desconocidos. Vuestros amigos tambi\u00e9n.<\/p>\n<p>El <a href=\"http:\/\/www.adn.es\/cultura\/20080928\/NWS-0977-coco-silvania-cielo.html\">asesinato de Coc\u00f3<\/a>, los suicidios <a href=\"http:\/\/www.adn.es\/cultura\/20081125\/NWS-1095-susie-pop-muerte-nancys-rubias.html\">de Susie Pop<\/a>, Miguel Bocamuerta y <a href=\"http:\/\/mamorro.blogia.com\/2008\/042301-josetxo-anitua.php\">Josetxo Anitua<\/a>, la muerte de <a href=\"http:\/\/www.adn.es\/cultura\/20080820\/NWS-0483-leopoldo-alas-por-victor-cremer.html\">Leopoldo Alas<\/a>, de <a href=\"http:\/\/www.adn.es\/cultura\/20080709\/NWS-1061-sergio-algora-fallece.html\">Sergio Algora<\/a>, de Aleix, son avisos de los nuestros, advertencias, de la muerte propia. Para la que habr\u00eda que estar preparados.<\/p>\n<h6>La foto es de <a href=\"http:\/\/www.flickr.com\/photos\/rpalominos\/104884789\/\">Rodolfo Palominos<\/a>.<\/h6>\n","protected":false},"excerpt":{"rendered":"<p>Yo era a\u00fan preadolescente y aquel fue mi primer shock con lo incomprensible. Hab\u00edamos acabado el colegio y eso supon\u00eda escoger, por primera vez, un destino. Para hacer BUP y COU -qu\u00e9 en desuso quedan ya los recuerdos de esas siglas- yo eleg\u00ed el Fortuny y ella el Claret. La primera elecci\u00f3n supone tambi\u00e9n la [&hellip;]<\/p>\n","protected":false},"author":1,"featured_media":0,"comment_status":"open","ping_status":"open","sticky":false,"template":"","format":"standard","meta":{"footnotes":""},"categories":[],"tags":[],"class_list":["post-20045","post","type-post","status-publish","format-standard","hentry"],"_links":{"self":[{"href":"https:\/\/www.elenacabrera.com\/weblog3\/wp-json\/wp\/v2\/posts\/20045","targetHints":{"allow":["GET"]}}],"collection":[{"href":"https:\/\/www.elenacabrera.com\/weblog3\/wp-json\/wp\/v2\/posts"}],"about":[{"href":"https:\/\/www.elenacabrera.com\/weblog3\/wp-json\/wp\/v2\/types\/post"}],"author":[{"embeddable":true,"href":"https:\/\/www.elenacabrera.com\/weblog3\/wp-json\/wp\/v2\/users\/1"}],"replies":[{"embeddable":true,"href":"https:\/\/www.elenacabrera.com\/weblog3\/wp-json\/wp\/v2\/comments?post=20045"}],"version-history":[{"count":0,"href":"https:\/\/www.elenacabrera.com\/weblog3\/wp-json\/wp\/v2\/posts\/20045\/revisions"}],"wp:attachment":[{"href":"https:\/\/www.elenacabrera.com\/weblog3\/wp-json\/wp\/v2\/media?parent=20045"}],"wp:term":[{"taxonomy":"category","embeddable":true,"href":"https:\/\/www.elenacabrera.com\/weblog3\/wp-json\/wp\/v2\/categories?post=20045"},{"taxonomy":"post_tag","embeddable":true,"href":"https:\/\/www.elenacabrera.com\/weblog3\/wp-json\/wp\/v2\/tags?post=20045"}],"curies":[{"name":"wp","href":"https:\/\/api.w.org\/{rel}","templated":true}]}}