{"id":200470,"date":"2009-02-06T11:02:23","date_gmt":"2009-02-06T09:02:23","guid":{"rendered":""},"modified":"2019-05-24T14:01:02","modified_gmt":"2019-05-24T12:01:02","slug":"lo-que-no-controlo","status":"publish","type":"post","link":"https:\/\/www.elenacabrera.com\/weblog3\/2009\/02\/06\/lo-que-no-controlo\/","title":{"rendered":"\u00abLo que no controlo debe ser destruido\u00bb"},"content":{"rendered":"<blockquote><p>La lamentable noticia del cierre de <a href=\"http:\/\/www.adn.es\/\" target=\"_blank\" rel=\"noopener noreferrer\">ADN.es<\/a> y el posterior anuncio de que la versi\u00f3n digital <a href=\"http:\/\/ecodiario.eleconomista.es\/internet\/noticias\/970247\/01\/09\/El-director-de-ADN-apuesta-por-unir-las-ediciones-impresa-y-de-Internet.html\" target=\"_blank\" rel=\"noopener noreferrer\">ser\u00e1 mantenida desde la redacci\u00f3n impresa<\/a> va en esta misma l\u00ednea. \u00bfNo hubiera sido mejor despedir a la redacci\u00f3n de papel y hacer dos ediciones desde la digital?<\/p>\n<p><a href=\"http:\/\/www.caspa.tv\/archivos\/001239.html\">Antonio Delgado en Caspa.tv<\/a><\/p><\/blockquote>\n<p>Casi toda la redacci\u00f3n de ADN.es hemos dejado de trabajar. Y digo casi porque, como regalito de \u00faltima hora, la empresa ha querido que los jefes y los t\u00e9cnicos aguanten hasta el 10. Y que la directora y tres redactores sigan trabajando este fin de mes para hacer lo que ellos llaman \u00abla transici\u00f3n\u00bb.<\/p>\n<p>Hasta donde mi diccionario mental de sin\u00f3nimos puede entender, \u00abtransici\u00f3n\u00bb no significa \u00abcierre\u00bb.\u00a0 \u00bfEntonces? \u00bfSi se nos ha comunicado un cierre para qu\u00e9 una transici\u00f3n? Porque, lectores, sencillamente, esto no se cierra.<\/p>\n<blockquote><p>ADN.es pas\u00f3 por la guillotina porque los directivos quer\u00edan ofrecer a Planeta una cabeza, en forma de importante reducci\u00f3n de costes, con la que conseguir que el diario ADN continuara existiendo. De momento han obtenido una pr\u00f3rroga de resultado incierto. Porque lo triste es que es probable que el diario no sobreviva a la actual coyuntura. Ya lo tiene dif\u00edcil un diario gratuito concebido para las personas que no leen diarios gratuitos, pero \u00e9sa es otra historia.<\/p>\n<p>Para la historia de la desverg\u00fcenza, quedan algunas explicaciones como las del <a href=\"http:\/\/www.233grados.com\/blog\/2009\/01\/montagut-internet-tiene-que-estar-bien-fusionada-con-el-papel.html\">director del diario<\/a> que alud\u00eda a la necesidad de corregir una situaci\u00f3n de partida \u00aberr\u00f3nea\u00bb, basada en el \u00abs\u00edndrome de la separaci\u00f3n entre el papel y lo digital\u00bb. <strong>Me consta que ah\u00ed no hab\u00eda m\u00e1s s\u00edndrome que el de un directivo obsesionado por controlar lo que desconoce, integrante de una clase de periodistas que creen que Internet est\u00e1 para promocionar el papel. En las moquetas de sus despachos existe un principio que se repite con frecuencia: lo que no controlo debe ser destruido.<\/strong><\/p>\n<p><a href=\"http:\/\/www.guerraeterna.com\/archives\/2009\/02\/el_cierre_de_ad.html\">\u00cd\u00f1igo S\u00e1enz de Ugarte en Guerra Eterna<\/a><\/p><\/blockquote>\n<p>Hoy caemos en goteo por la redacci\u00f3n vac\u00eda, pasando por el despacho donde los abogados de Planeta nos finiquitan. Hay quien clama al boicot silencioso (no comprar ya jam\u00e1s en La Casa del Libro, no leer libros editados por Planeta, no ver Antena 3, no escuchar Onda Cero&#8230; acciones que a las gentes de izquierdas no nos cambia mucho la vida, la verdad). Pero hay que hacer una llamada a la acci\u00f3n real, visible, en la calle. 3.000 periodistas en la calle el a\u00f1o pasado, 42 personas expulsadas de un proyecto que hicieron propio cuando no era m\u00e1s que una estrategia coyuntural de un poderoso grupo editorial.<\/p>\n<blockquote><p>\u00bfQU\u00e9 van a decir los directivos de Planeta, adn, etc cuando todos nos demos cuenta de que la web sigue funcionando? \u00bfQui\u00e9n va a pedirles explicaciones?<\/p>\n<p><a href=\"http:\/\/farm4.static.flickr.com\/3425\/3241134906_97fca9ee60.jpg\">Un comentario <em>DesdeBarcelona<\/em> en el post antes referido.<\/a><\/p><\/blockquote>\n<p><img loading=\"lazy\" decoding=\"async\" class=\"aligncenter\" title=\"Rodera para ADN.es\" src=\"http:\/\/www.hhzpain.net\/inthemoodforblog\/wp-content\/uploads\/2009\/02\/rodera.jpeg\" alt=\"\" width=\"500\" height=\"299\" \/><\/p>\n<p style=\"text-align: center;\"><em>Vi\u00f1eta de Rodera para ADN.es<\/em><\/p>\n<p><strong>M\u00e1s:<\/strong> <a href=\"http:\/\/www.elenacabrera.com\/weblog\/?p=455\">A la rebeli\u00f3n por la palabra<\/a>.<strong><br \/>\n<\/strong><\/p>\n<p><a href=\"..\/?p=233\">Seguiremos hasta que nos echen<\/a>.<\/p>\n<p><a href=\"..\/?p=164\">Mis compa\u00f1eros salvan sus trabajos<\/a>.<\/p>\n<p><a href=\"..\/?p=151\">Lo que siguen diciendo los medios sobre el cierre de ADN.es<\/a><\/p>\n<p><a href=\"..\/?p=121\">Lo que dicen los medios sobre el cierre de ADN.es<\/a><\/p>\n<p><a href=\"http:\/\/search.twitter.com\/search?q=adn.es\">En el micromundo de Twitter<\/a>.<\/p>\n<p style=\"text-align: left;\">\n","protected":false},"excerpt":{"rendered":"<p>La lamentable noticia del cierre de ADN.es y el posterior anuncio de que la versi\u00f3n digital ser\u00e1 mantenida desde la redacci\u00f3n impresa va en esta misma l\u00ednea. \u00bfNo hubiera sido mejor despedir a la redacci\u00f3n de papel y hacer dos ediciones desde la digital? Antonio Delgado en Caspa.tv Casi toda la redacci\u00f3n de ADN.es hemos [&hellip;]<\/p>\n","protected":false},"author":1,"featured_media":0,"comment_status":"open","ping_status":"open","sticky":false,"template":"","format":"standard","meta":{"footnotes":""},"categories":[2],"tags":[],"class_list":["post-200470","post","type-post","status-publish","format-standard","hentry","category-twentytwentyfive"],"_links":{"self":[{"href":"https:\/\/www.elenacabrera.com\/weblog3\/wp-json\/wp\/v2\/posts\/200470","targetHints":{"allow":["GET"]}}],"collection":[{"href":"https:\/\/www.elenacabrera.com\/weblog3\/wp-json\/wp\/v2\/posts"}],"about":[{"href":"https:\/\/www.elenacabrera.com\/weblog3\/wp-json\/wp\/v2\/types\/post"}],"author":[{"embeddable":true,"href":"https:\/\/www.elenacabrera.com\/weblog3\/wp-json\/wp\/v2\/users\/1"}],"replies":[{"embeddable":true,"href":"https:\/\/www.elenacabrera.com\/weblog3\/wp-json\/wp\/v2\/comments?post=200470"}],"version-history":[{"count":1,"href":"https:\/\/www.elenacabrera.com\/weblog3\/wp-json\/wp\/v2\/posts\/200470\/revisions"}],"predecessor-version":[{"id":2002002635,"href":"https:\/\/www.elenacabrera.com\/weblog3\/wp-json\/wp\/v2\/posts\/200470\/revisions\/2002002635"}],"wp:attachment":[{"href":"https:\/\/www.elenacabrera.com\/weblog3\/wp-json\/wp\/v2\/media?parent=200470"}],"wp:term":[{"taxonomy":"category","embeddable":true,"href":"https:\/\/www.elenacabrera.com\/weblog3\/wp-json\/wp\/v2\/categories?post=200470"},{"taxonomy":"post_tag","embeddable":true,"href":"https:\/\/www.elenacabrera.com\/weblog3\/wp-json\/wp\/v2\/tags?post=200470"}],"curies":[{"name":"wp","href":"https:\/\/api.w.org\/{rel}","templated":true}]}}