{"id":200496,"date":"2008-11-18T14:01:59","date_gmt":"2008-11-18T13:01:59","guid":{"rendered":""},"modified":"2009-02-06T14:02:32","modified_gmt":"2009-02-06T13:02:32","slug":"paco-roca-recibe-el-premio-nacional-del-comic-por-su-obra-arrugas","status":"publish","type":"post","link":"https:\/\/www.elenacabrera.com\/weblog3\/2008\/11\/18\/paco-roca-recibe-el-premio-nacional-del-comic-por-su-obra-arrugas\/","title":{"rendered":"Paco Roca recibe el Premio Nacional del C\u00f3mic por su obra &#8216;Arrugas&#8217;"},"content":{"rendered":"<p><strong>El dibujante vive un a\u00f1o de gracia pues gan\u00f3 con esta misma obra el Premio del Sal\u00f3 del C\u00f2mic de Barcelona | \u00abTen\u00eda la ilusi\u00f3n del nominado\u00bb, confiesa a ADN.es<\/strong><\/p>\n<p><img loading=\"lazy\" decoding=\"async\" class=\"alignleft size-medium wp-image-497\" title=\"Paco Roca Arrugas Astiberri\" src=\"http:\/\/www.elenacabrera.com\/weblog\/wp-content\/uploads\/2009\/02\/112-209x300.jpg\" alt=\"Paco Roca Arrugas Astiberri\" width=\"209\" height=\"300\" \/>2008 ha sido el a\u00f1o de <a href=\"http:\/\/www.adn.es\/etiqueta\/paco%20roca\/\" target=\"_BLANK\"><strong>Paco Roca<\/strong><\/a>. Su obra <em>Arrugas<\/em> mereci\u00f3 el <a href=\"http:\/\/www.adn.es\/cultura\/20080421\/NWS-0423-Comic-Paco-Roca-Salo-vencedor.html\" target=\"_BLANK\">Premio a la Mejor Obra de un Autor Espa\u00f1ol<\/a> en la cita m\u00e1s importante con el tebeo, el Sal\u00f3 del C\u00f2mic de Barcelona.<\/p>\n<p>Y ahora, gracias a esa misma obra, se convierte en el nuevo Premio Nacional del C\u00f3mic 2008 que otorga el Ministerio de Cultura. Es el segundo autor que recibe el reconocimiento de <a href=\"http:\/\/www.adn.es\/cultura\/20071119\/NWS-0478-Nacional-Premio-Comic.html\" target=\"_BLANK\">un galard\u00f3n que inaugur\u00f3 el a\u00f1o pasado <strong>Max<\/strong><\/a>.<\/p>\n<p>Al conocer el premio el autor confiesa: \u00abestaba tan emocionado que no me he enterado de lo que he hablado con la persona que me ha llamado para darme la noticia. Espero que haya dicho que me han dado el Premio&#8230; Ahora dudo\u00bb, confiesa a ADN.es.<\/p>\n<p><strong>Entre Gallardo y Gim\u00e9nez <\/strong><\/p>\n<p>Su nombre sonaba los d\u00edas anteriores, \u00abten\u00eda la ilusi\u00f3n del nominado -admite- pero los otros dos nominados, <strong>[Miguel] Gallardo<\/strong> y <strong>Carlos Gim\u00e9nez<\/strong>, son autores a los que admiro enormemente\u00bb.<\/p>\n<p>\u00abDudaba de que una historia sobre el aburrimiento no fuera una obra aburrida\u00bb, <a href=\"http:\/\/www.adn.es\/cultura\/20080421\/NWS-2198-Paco-Roca-ganador-salo-entrevista.html\" target=\"_BLANK\">explicaba el dibujante a ADN.es<\/a> cuando su obra gan\u00f3 en Barcelona. No s\u00f3lo no es aburrida sino que <em>Arrugas<\/em> ha llegado m\u00e1s all\u00e1. En Valencia, la ciudad del dibujante, est\u00e1 siendo repartido entre <a href=\"http:\/\/www.adn.es\/local\/valencia\/20080721\/NWS-0241-olvido-album-mal.html\" target=\"_BLANK\">familiares, trabajadores y socios de la Asociaci\u00f3n de Familiares de Alzheimer Valencia<\/a> (AFAV).<\/p>\n<p>La tecera edici\u00f3n de la obra, <a href=\"http:\/\/astiberri.com\/ficha_prod.php?cod=arrugas\" target=\"_BLANK\">editada por Astiberri<\/a>, est\u00e1 a punto de salir de imprenta. El autor de otras obras como <em>El faro<\/em> est\u00e1 ahora \u00abacabando el pr\u00f3ximo \u00e1lbum que se llama <em>Las calles de arena<\/em> y que trata sobre el destino. Pero estoy por destruirlo y no volver a trabajar nunca m\u00e1s. Pesan los premios&#8230;\u00bb.<\/p>\n","protected":false},"excerpt":{"rendered":"<p>El dibujante vive un a\u00f1o de gracia pues gan\u00f3 con esta misma obra el Premio del Sal\u00f3 del C\u00f2mic de Barcelona | \u00abTen\u00eda la ilusi\u00f3n del nominado\u00bb, confiesa a ADN.es 2008 ha sido el a\u00f1o de Paco Roca. Su obra Arrugas mereci\u00f3 el Premio a la Mejor Obra de un Autor Espa\u00f1ol en la cita [&hellip;]<\/p>\n","protected":false},"author":1,"featured_media":0,"comment_status":"open","ping_status":"open","sticky":false,"template":"","format":"standard","meta":{"footnotes":""},"categories":[],"tags":[],"class_list":["post-200496","post","type-post","status-publish","format-standard","hentry"],"_links":{"self":[{"href":"https:\/\/www.elenacabrera.com\/weblog3\/wp-json\/wp\/v2\/posts\/200496","targetHints":{"allow":["GET"]}}],"collection":[{"href":"https:\/\/www.elenacabrera.com\/weblog3\/wp-json\/wp\/v2\/posts"}],"about":[{"href":"https:\/\/www.elenacabrera.com\/weblog3\/wp-json\/wp\/v2\/types\/post"}],"author":[{"embeddable":true,"href":"https:\/\/www.elenacabrera.com\/weblog3\/wp-json\/wp\/v2\/users\/1"}],"replies":[{"embeddable":true,"href":"https:\/\/www.elenacabrera.com\/weblog3\/wp-json\/wp\/v2\/comments?post=200496"}],"version-history":[{"count":0,"href":"https:\/\/www.elenacabrera.com\/weblog3\/wp-json\/wp\/v2\/posts\/200496\/revisions"}],"wp:attachment":[{"href":"https:\/\/www.elenacabrera.com\/weblog3\/wp-json\/wp\/v2\/media?parent=200496"}],"wp:term":[{"taxonomy":"category","embeddable":true,"href":"https:\/\/www.elenacabrera.com\/weblog3\/wp-json\/wp\/v2\/categories?post=200496"},{"taxonomy":"post_tag","embeddable":true,"href":"https:\/\/www.elenacabrera.com\/weblog3\/wp-json\/wp\/v2\/tags?post=200496"}],"curies":[{"name":"wp","href":"https:\/\/api.w.org\/{rel}","templated":true}]}}