{"id":200505,"date":"2009-02-14T00:47:10","date_gmt":"2009-02-13T22:47:10","guid":{"rendered":""},"modified":"2019-05-24T13:59:34","modified_gmt":"2019-05-24T11:59:34","slug":"gracias-lara-yo-tambien-estoy-parada","status":"publish","type":"post","link":"https:\/\/www.elenacabrera.com\/weblog3\/2009\/02\/14\/gracias-lara-yo-tambien-estoy-parada\/","title":{"rendered":"Gracias, Lara, yo tambi\u00e9n estoy parada"},"content":{"rendered":"<p>Ma\u00f1ana s\u00e1bado a las 13:00 los ex trabajadores de ADN.es vamos a unirnos a la <a href=\"http:\/\/www.apmadrid.es\/content\/view\/1387\/283\/\">concentraci\u00f3n convocada por la Asociaci\u00f3n de la Prensa de Madrid<\/a>, contra la precariedad en los medios de comunicaci\u00f3n, los masivos despidos de periodistas y el cierre de peri\u00f3dicos.<\/p>\n<p>Muchos tenemos reticencias a secundar este acto, pues no nos gustan ciertas actitudes y declaraciones de Urbaneja pero resulta que es la \u00fanica movilizaci\u00f3n de la profesi\u00f3n, as\u00ed que all\u00ed estaremos.<\/p>\n<p><a href=\"http:\/\/www.flickr.com\/photos\/elenac\/3276911521\/\" title=\"Para la concentraci\u00f3n de ma\u00f1ana por elenac, en Flickr\"><img loading=\"lazy\" decoding=\"async\" src=\"http:\/\/farm4.static.flickr.com\/3315\/3276911521_2aa044d767.jpg\" width=\"500\" height=\"375\" alt=\"Para la concentraci\u00f3n de ma\u00f1ana\" \/><\/a><\/p>\n<p>Por otro lado, \u00bfhe o\u00eddo campanas de huelga general de periodistas?<\/p>\n","protected":false},"excerpt":{"rendered":"<p>Ma\u00f1ana s\u00e1bado a las 13:00 los ex trabajadores de ADN.es vamos a unirnos a la concentraci\u00f3n convocada por la Asociaci\u00f3n de la Prensa de Madrid, contra la precariedad en los medios de comunicaci\u00f3n, los masivos despidos de periodistas y el cierre de peri\u00f3dicos. Muchos tenemos reticencias a secundar este acto, pues no nos gustan ciertas [&hellip;]<\/p>\n","protected":false},"author":1,"featured_media":0,"comment_status":"open","ping_status":"open","sticky":false,"template":"","format":"standard","meta":{"footnotes":""},"categories":[2],"tags":[],"class_list":["post-200505","post","type-post","status-publish","format-standard","hentry","category-twentytwentyfive"],"_links":{"self":[{"href":"https:\/\/www.elenacabrera.com\/weblog3\/wp-json\/wp\/v2\/posts\/200505","targetHints":{"allow":["GET"]}}],"collection":[{"href":"https:\/\/www.elenacabrera.com\/weblog3\/wp-json\/wp\/v2\/posts"}],"about":[{"href":"https:\/\/www.elenacabrera.com\/weblog3\/wp-json\/wp\/v2\/types\/post"}],"author":[{"embeddable":true,"href":"https:\/\/www.elenacabrera.com\/weblog3\/wp-json\/wp\/v2\/users\/1"}],"replies":[{"embeddable":true,"href":"https:\/\/www.elenacabrera.com\/weblog3\/wp-json\/wp\/v2\/comments?post=200505"}],"version-history":[{"count":1,"href":"https:\/\/www.elenacabrera.com\/weblog3\/wp-json\/wp\/v2\/posts\/200505\/revisions"}],"predecessor-version":[{"id":2002002632,"href":"https:\/\/www.elenacabrera.com\/weblog3\/wp-json\/wp\/v2\/posts\/200505\/revisions\/2002002632"}],"wp:attachment":[{"href":"https:\/\/www.elenacabrera.com\/weblog3\/wp-json\/wp\/v2\/media?parent=200505"}],"wp:term":[{"taxonomy":"category","embeddable":true,"href":"https:\/\/www.elenacabrera.com\/weblog3\/wp-json\/wp\/v2\/categories?post=200505"},{"taxonomy":"post_tag","embeddable":true,"href":"https:\/\/www.elenacabrera.com\/weblog3\/wp-json\/wp\/v2\/tags?post=200505"}],"curies":[{"name":"wp","href":"https:\/\/api.w.org\/{rel}","templated":true}]}}