{"id":200513,"date":"2009-02-14T16:27:03","date_gmt":"2009-02-14T14:27:03","guid":{"rendered":""},"modified":"2019-05-24T14:01:30","modified_gmt":"2019-05-24T12:01:30","slug":"derecho-al-pataleo","status":"publish","type":"post","link":"https:\/\/www.elenacabrera.com\/weblog3\/2009\/02\/14\/derecho-al-pataleo\/","title":{"rendered":"Derecho a pataleo"},"content":{"rendered":"<p>De vuelta de <a href=\"http:\/\/www.elenacabrera.com\/weblog\/gracias-lara-yo-tambien-estoy-parada\/\">la concentraci\u00f3n de periodistas<\/a> he de decir, con todo el orgullo del mundo, que esta vez s\u00ed la hemos montado. Los ex trabajadores de ADN.es estuvimos callados hasta ahora por respeto a la negociaci\u00f3n. Ahora que ha terminado, nada nos impide hablar, y quejarnos.<\/p>\n<p><a title=\"Derecho a pataleo por elenac, en Flickr\" href=\"http:\/\/www.flickr.com\/photos\/elenac\/3278310999\/\"><img loading=\"lazy\" decoding=\"async\" src=\"http:\/\/farm4.static.flickr.com\/3503\/3278310999_6a969a9aff.jpg\" alt=\"Derecho a pataleo\" width=\"375\" height=\"500\" \/><\/a><\/p>\n<p><a title=\"Derecho a pataleo por elenac, en Flickr\" href=\"http:\/\/www.flickr.com\/photos\/elenac\/3278312279\/\"><img loading=\"lazy\" decoding=\"async\" src=\"http:\/\/farm4.static.flickr.com\/3424\/3278312279_8ae58dd8a4.jpg\" alt=\"Derecho a pataleo\" width=\"500\" height=\"375\" \/><\/a><\/p>\n<p><a title=\"Derecho a pataleo por elenac, en Flickr\" href=\"http:\/\/www.flickr.com\/photos\/elenac\/3279090540\/\"><br \/>\n<\/a><\/p>\n<p><a title=\"Derecho a pataleo por elenac, en Flickr\" href=\"http:\/\/www.flickr.com\/photos\/elenac\/3279088812\/\"><br \/>\n<\/a><\/p>\n<p><a title=\"Derecho a pataleo por elenac, en Flickr\" href=\"http:\/\/www.flickr.com\/photos\/elenac\/3279087736\/\"><br \/>\n<\/a><\/p>\n<p><a title=\"Derecho a pataleo por elenac, en Flickr\" href=\"http:\/\/www.flickr.com\/photos\/elenac\/3278262835\/\"><img loading=\"lazy\" decoding=\"async\" src=\"http:\/\/farm4.static.flickr.com\/3393\/3278262835_5cfff09ba3.jpg\" alt=\"Derecho a pataleo\" width=\"500\" height=\"375\" \/><\/a><\/p>\n<p><a title=\"Derecho a pataleo por elenac, en Flickr\" href=\"http:\/\/www.flickr.com\/photos\/elenac\/3279084698\/\"><img loading=\"lazy\" decoding=\"async\" src=\"http:\/\/farm4.static.flickr.com\/3461\/3279084698_b60597c1c2.jpg\" alt=\"Derecho a pataleo\" width=\"500\" height=\"375\" \/><\/a><\/p>\n<p><a title=\"Derecho a pataleo por elenac, en Flickr\" href=\"http:\/\/www.flickr.com\/photos\/elenac\/3278259209\/\"><img loading=\"lazy\" decoding=\"async\" src=\"http:\/\/farm4.static.flickr.com\/3478\/3278259209_7bacd96f6a.jpg\" alt=\"Derecho a pataleo\" width=\"500\" height=\"375\" \/><\/a><\/p>\n<p><a title=\"Derecho a pataleo por elenac, en Flickr\" href=\"http:\/\/www.flickr.com\/photos\/elenac\/3279080966\/\"><img loading=\"lazy\" decoding=\"async\" src=\"http:\/\/farm4.static.flickr.com\/3430\/3279080966_17ef126db4.jpg\" alt=\"Derecho a pataleo\" width=\"500\" height=\"375\" \/><\/a><\/p>\n<p><a title=\"Derecho a pataleo por elenac, en Flickr\" href=\"http:\/\/www.flickr.com\/photos\/elenac\/3279079452\/\"><img loading=\"lazy\" decoding=\"async\" src=\"http:\/\/farm4.static.flickr.com\/3352\/3279079452_d68398c0f7.jpg\" alt=\"Derecho a pataleo\" width=\"500\" height=\"375\" \/><\/a><\/p>\n<p>Algunos rastros en la prensa:<\/p>\n<blockquote><p>A la concentraci\u00f3n, que tuvo lugar esta ma\u00f1ana en el madrile\u00f1o Paseo de la Castellana, asistieron alrededor de 200 periodistas. Algunas pancartas lanzaban mensajes \u00abpor una huelga general de periodistas \u00a1ya!\u00bb, mientras que otras acusaban a grupos editoriales como Planeta de \u00abhacer historia negra del periodismo\u00bb y se quejaban de los despidos en la web \u00abAdn.es\u00bb.<\/p>\n<p><a href=\"http:\/\/www.elmundo.es\/elmundo\/2009\/02\/14\/comunicacion\/1234620452.html\">Servimedia, v\u00eda Elmundo.com<\/a><\/p>\n<p>Unas 150 personas, seg\u00fan c\u00e1lculos de la Polic\u00eda, se han concentrado hoy en Madrid, en defensa de la dignidad laboral de los periodistas, tras haberse contabilizado una p\u00e9rdida de 1.800 empleos desde el verano, con la amenaza de m\u00e1s de 5.000 despidos, el 20 por ciento del total, en los pr\u00f3ximos meses.<br \/>\nConvocados por la Asociaci\u00f3n de la Prensa de Madrid (<span class=\"ParrafoNegrita\"><span class=\"ParrafoNegrita\">APM<\/span><\/span>) bajo el lema \u00abEn defensa de la dignidad del trabajo de los periodistas\u00bb, su presidente, Fernando Gonz\u00e1lez Urbaneja, y el directivo de la misma Nemesio Rodr\u00edguez han le\u00eddo conjuntamente un manifiesto, en cuyo texto se advierte de este futuro tan poco alentador para el sector, y en donde se destaca que \u00abes hora de parar esta sangr\u00eda destructiva\u00bb.<\/p>\n<p>EFE<\/p>\n<p>Y ah\u00ed estamos, en la foto de <a href=\"http:\/\/www.publico.es\/culturas\/200678\/apm\/llama\/defensa\/dignidad\/periodismo\/periodistas\">la noticia de P\u00fablico.es<\/a>.<\/p>\n<p style=\"text-align: center;\"><img loading=\"lazy\" decoding=\"async\" class=\"size-medium wp-image-523 aligncenter\" title=\"Publico.es, Urbaneja y ADN.es  \" src=\"http:\/\/www.elenacabrera.com\/weblog\/wp-content\/uploads\/2009\/02\/imagen-1-300x245.png\" alt=\"Publico.es, Urbaneja y ADN.es  \" width=\"300\" height=\"245\" \/><\/p>\n<p style=\"text-align: left;\">Y de el <a href=\"http:\/\/www.heraldo.es\/index.php\/mod.noticias\/mem.detalle\/idnoticia.39204\">Heraldo.es<\/a>:<\/p>\n<p style=\"text-align: left;\"><img loading=\"lazy\" decoding=\"async\" class=\"aligncenter size-medium wp-image-524\" title=\"Heraldo.es, Urbaneja y ADN.es\" src=\"http:\/\/www.elenacabrera.com\/weblog\/wp-content\/uploads\/2009\/02\/imagen-3-300x220.png\" alt=\"Heraldo.es, Urbaneja y ADN.es\" width=\"300\" height=\"220\" \/><\/p>\n<p style=\"text-align: left;\">Tambi\u00e9n estamos <a href=\"http:\/\/www.atlas-news.com\/noticias\/libre\/nacional\/2009\/02\/14\/noticia_38171.shtml\">en este v\u00eddeo de la agencia Atlas<\/a>, donde salen claramente nuestras pancartas.<\/p>\n<p style=\"text-align: left;\"><a href=\"http:\/\/www.atlas-news.com\/noticias\/libre\/nacional\/2009\/02\/14\/noticia_38171.shtml\"><img loading=\"lazy\" decoding=\"async\" class=\"aligncenter size-medium wp-image-527\" title=\"Atlas\" src=\"http:\/\/www.elenacabrera.com\/weblog\/wp-content\/uploads\/2009\/02\/imagen-4-300x245.png\" alt=\"Atlas\" width=\"300\" height=\"245\" \/><\/a><\/p>\n<p style=\"text-align: left;\">En <a href=\"http:\/\/www.233grados.com\/blog\/2009\/02\/marcha.html\">233grados tambi\u00e9n<\/a> nos han sacado y, adem\u00e1s, nombrado:<\/p>\n<p style=\"text-align: left;\">En el acto, que reuni\u00f3 a varias entidades del sector y a unos 200 periodistas, entre ellos varios del <a href=\"http:\/\/www.233grados.com\/blog\/2009\/01\/adn.html\">desaparecido Adn.es<\/a>, el presidente de la APM, Fernando Gonz\u00e1lez Urbaneja, precis\u00f3 que el 20 por ciento del empleo period\u00edstico del pa\u00eds \u00abpuede estar en riesgo\u00bb este a\u00f1o por culpa de la crisis, lo que supone alrededor de 5.000 puestos de trabajo.<\/p>\n<p style=\"text-align: left;\">\n<p style=\"text-align: left;\">\n<\/blockquote>\n<p style=\"text-align: left;\">Gracias a mis compa\u00f1eros por la tarea de observatorio de medios. Si alguien hubiera grabado las im\u00e1genes de Cuatro y La Sexta de hoy, o tenga posibilidad de conseguirlas, que avise.<\/p>\n<p style=\"text-align: left;\">Por mi parte, tras la euforia de la ma\u00f1ana y despu\u00e9s de seguir buscando al llegar a casa por la noche m\u00e1s repercusi\u00f3n en Internet estoy bastante decepcionada. Tuvimos una nube de c\u00e1maras -tv y fotos- a nuestro alrededor, Urbaneja y Magis Iglesias nombraron, adem\u00e1s, a nuestra compa\u00f1era m\u00e1s jovencita y su cartel \u00abdame un motivo para ser periodista\u00bb, y luego no veo que eso ha llegado apenas a ning\u00fan sitio, m\u00e1s all\u00e1 de las im\u00e1genes. Ausencia total en blogs (salvo <a href=\"http:\/\/www.guerraeterna.com\/archives\/2009\/02\/cosas_que_hacer_97.html\">Guerra Eterna<\/a>), Twitter y Flickr salvo por la cosas que yo he subido.<\/p>\n<p style=\"text-align: left;\">Al final, siempre nosotros. Hoy mismo <a href=\"http:\/\/diariodeunjabali.com\/archivos\/categorias\/personal\/sobre_planeta_adnes_y_otras_cosas_mucho_mas_importantes.html\">Adriano Mor\u00e1n ha publicado en su blog<\/a> unos desquites sobre c\u00f3mo Planeta ha hecho el cierre de ADN.es.<\/p>\n<blockquote>\n<p style=\"text-align: left;\">\n<\/blockquote>\n","protected":false},"excerpt":{"rendered":"<p>De vuelta de la concentraci\u00f3n de periodistas he de decir, con todo el orgullo del mundo, que esta vez s\u00ed la hemos montado. Los ex trabajadores de ADN.es estuvimos callados hasta ahora por respeto a la negociaci\u00f3n. Ahora que ha terminado, nada nos impide hablar, y quejarnos. Algunos rastros en la prensa: A la concentraci\u00f3n, [&hellip;]<\/p>\n","protected":false},"author":1,"featured_media":0,"comment_status":"open","ping_status":"open","sticky":false,"template":"","format":"standard","meta":{"footnotes":""},"categories":[2],"tags":[],"class_list":["post-200513","post","type-post","status-publish","format-standard","hentry","category-twentytwentyfive"],"_links":{"self":[{"href":"https:\/\/www.elenacabrera.com\/weblog3\/wp-json\/wp\/v2\/posts\/200513","targetHints":{"allow":["GET"]}}],"collection":[{"href":"https:\/\/www.elenacabrera.com\/weblog3\/wp-json\/wp\/v2\/posts"}],"about":[{"href":"https:\/\/www.elenacabrera.com\/weblog3\/wp-json\/wp\/v2\/types\/post"}],"author":[{"embeddable":true,"href":"https:\/\/www.elenacabrera.com\/weblog3\/wp-json\/wp\/v2\/users\/1"}],"replies":[{"embeddable":true,"href":"https:\/\/www.elenacabrera.com\/weblog3\/wp-json\/wp\/v2\/comments?post=200513"}],"version-history":[{"count":1,"href":"https:\/\/www.elenacabrera.com\/weblog3\/wp-json\/wp\/v2\/posts\/200513\/revisions"}],"predecessor-version":[{"id":2002002636,"href":"https:\/\/www.elenacabrera.com\/weblog3\/wp-json\/wp\/v2\/posts\/200513\/revisions\/2002002636"}],"wp:attachment":[{"href":"https:\/\/www.elenacabrera.com\/weblog3\/wp-json\/wp\/v2\/media?parent=200513"}],"wp:term":[{"taxonomy":"category","embeddable":true,"href":"https:\/\/www.elenacabrera.com\/weblog3\/wp-json\/wp\/v2\/categories?post=200513"},{"taxonomy":"post_tag","embeddable":true,"href":"https:\/\/www.elenacabrera.com\/weblog3\/wp-json\/wp\/v2\/tags?post=200513"}],"curies":[{"name":"wp","href":"https:\/\/api.w.org\/{rel}","templated":true}]}}