{"id":200543,"date":"2007-05-08T21:20:06","date_gmt":"2007-05-08T20:20:06","guid":{"rendered":""},"modified":"2009-02-15T21:20:51","modified_gmt":"2009-02-15T20:20:51","slug":"juaco-vizuete-tu-inocencia-salvaje","status":"publish","type":"post","link":"https:\/\/www.elenacabrera.com\/weblog3\/2007\/05\/08\/juaco-vizuete-tu-inocencia-salvaje\/","title":{"rendered":"Juaco Vizuete. Tu inocencia salvaje"},"content":{"rendered":"<p>Y yo qu\u00e9 s\u00e9 que tiene el Levante. Juaco dice que a la gente de all\u00ed se le supone superficial y que \u00e9l es un poco m\u00e1s sentido que la media. Ese litoral alicantino y valenciano es un mar de perlas en el mundo del tebeo. Nuestro chico de hoy es una de ellas. Su simp\u00e1tico nombre no te sonar\u00e1 si no eres de los que tienen buena memoria. En los 90 firm\u00f3 una serie Brut Comix de un humor escandalosamente teen-desquiciado que me recordaba a un Evan Dorkin empanado de ternura espa\u00f1ola. Fue durante la etapa Migoya de La C\u00fapula y es precisamente con Hern\u00e1n como guionista como regresa a las librer\u00edas con \u201cJulito el cantante cojito\u201d (risas). Coge Hern\u00e1n y escribe en su blog que Juaco es un monstruo y coge Juaco y me dice que \u201c\u00a1Hern\u00e1n Migoya es un peligro para esta sociedad, mujer, lo sabe todo el mundo!\u201d luego a\u00f1ade, como para quedar bien, que \u201cHern\u00e1n es un escritor y un guionista profesional, comercial, competente y cumplidor\u201d, un t\u00edo de lo que vuelcan \u201csu punto de vista entero y sin cortapisas hasta en la cosa m\u00e1s intrascendente que escriben\u201d, con \u00e9l \u201cte r\u00edes y te escandalizas, o te asqueas y al mismo tiempo te enterneces, o\u00a0 lo que sea, siempre contrapones un par de sensaciones,\u00a0 con lo que consigue que te des cuenta de tus propias contradicciones\u2026\u201d y ahora en realidad parece que hablamos del \u201cJulito\u201d o de cualquier otro personaje dibujado por Vizuete, aunque sea s\u00f3lo en la corta vida del chiste gr\u00e1fico de una vi\u00f1eta. \u201c\u2018Julito\u2019 me ha estado sacando del gran marr\u00f3n de estar preparando casi exclusivamente una oposici\u00f3n, que era lo que hac\u00eda cuando Hern\u00e1n me llam\u00f3, me ha hecho la vida m\u00e1s ligera\u201d.<\/p>\n<p>Y es que hablando de ligerezas, Julito es un int\u00e9rprete de canci\u00f3n rom\u00e1ntica como ya quedan pocos, aunque se vea forzado a intentar modernizarse con alguna que otra iniciativa de su manager, que es su hermano, o debido al insano enfrentamiento con su hijo Julito Jr que tambi\u00e9n ha salido cantar\u00edn (bueno, hace lo que puede) pero vende mil veces m\u00e1s. Esta historia es a la mitolog\u00eda ca\u00f1\u00ed como la del vellocino de oro para la mitolog\u00eda griega; bueno, o m\u00e1s, no quiero quedarme corta. Dice Juaco que para dibujar las doce historietas de las que consta el tebeo se ha empapado \u201cde V\u00e1zquez, de Coll, de la Upa y de Hannah-Barbera\u201d y yo le digo que de discos de Julio Iglesias tambi\u00e9n pero el dibujante me pone cara circunspecta y aunque admite que le parece muy bueno su disco grabado en directo en Par\u00eds no sabe qu\u00e9 tiene que ver Julio (hey!) con todo esto. \u201cTe digo la verdad\u201d, bueno, tampoco es indispensable, que a fin de cuentas esto es una revista de tebeos, \u201ccreo que el Julito que planeaba Hern\u00e1n era algo menos entra\u00f1able de lo que aparece en el c\u00f3mic, que \u00e9l empez\u00f3 a contarlo desde un punto de vista un poco m\u00e1s distanciado, m\u00e1s ir\u00f3nico, pero es que yo tengo el vicio de identificarme con los personajes que dibujo, hasta con los que no me gustan (aunque no sea este el caso), as\u00ed que al ir a dibujarlo me re\u00ed a mand\u00edbula batiente de mis propios sue\u00f1os de seductor, de mis delirios de grandeza y de todas esas cosas, pero para intentar perdon\u00e1rmelas y caerme bien. Por eso creo que Julito cae en gracia, de una forma u otra\u201d.<br \/>\nAunque nunca hemos dejado de ver alguna cosa suya aqu\u00ed o all\u00e1 (una serie de chistes sobre el mundo de la historieta en Trama; ilustraciones; un falso final para \u201cEl Vecino\u201d de P\u00e9rez y Garc\u00eda; su coautor\u00eda del m\u00edtico fanzine \u201cEl Fanz\u00edn\u201d, autoparodia kamikaze para el Sal\u00f3), han pasado diez a\u00f1os desde \u201cEl Resentido\u201d, su \u00fanica serie regular, \u00a1demasiado tiempo! \u201cNo,\u00a0 sinceramente. Cada vez lo tengo m\u00e1s claro: dibujo a mi ritmo e intento que ese ritmo sea constante, pero no en funci\u00f3n de las expectativas de verme publicado. Para m\u00ed la publicaci\u00f3n es el fin necesario de los c\u00f3mics, pero no me preocupa especialmente a la vista de que no es mi profesi\u00f3n en el sentido estricto de la palabra: el de ganarse la vida. Adem\u00e1s, procuro dibujar por dibujar, dibujar del natural, intento pintar y siempre tengo la sensaci\u00f3n de que estoy empezando con todo. A lo mejor dentro de un tiempo consigo ser un t\u00edo prol\u00edfico, a lo mejor no, pero reconozco ego\u00edstamente que en principio no parezco muy dispuesto a forzarme m\u00e1s all\u00e1 de un l\u00edmite razonable por satisfacer una demanda, hablando en t\u00e9rminos comerciales\u201d. Es tan convincente que se lo perdono todo, podr\u00eda esperar otros diez a\u00f1os si me asegura que volver\u00e9 a tener p\u00e1ginas suyas encuadernadas. \u201cCuesta horrores concentrar tu energ\u00eda creativa en un punto y desarrollarlo con coherencia, que es lo que precisa una historia larga (y adem\u00e1s, mucho, mucho tiempo, que esto no sale s\u00f3lo). As\u00ed es que todo lo que he intentado anda por ah\u00ed en cajones esperando que lo revise y no es coherente. Lo que quiero hacer es revisarlo y, una de dos, o darle coherencia\u2026 \u00a1o hacer lo que me d\u00e9 la gana con ello aunque no se entienda ni jota! (cosa por la que al final me decanto, seguro)\u201d.<\/p>\n<p><em>Elena Cabrera. Publicado en El Manglar.<\/em><\/p>\n","protected":false},"excerpt":{"rendered":"<p>Y yo qu\u00e9 s\u00e9 que tiene el Levante. Juaco dice que a la gente de all\u00ed se le supone superficial y que \u00e9l es un poco m\u00e1s sentido que la media. Ese litoral alicantino y valenciano es un mar de perlas en el mundo del tebeo. Nuestro chico de hoy es una de ellas. Su [&hellip;]<\/p>\n","protected":false},"author":1,"featured_media":0,"comment_status":"open","ping_status":"open","sticky":false,"template":"","format":"standard","meta":{"footnotes":""},"categories":[],"tags":[],"class_list":["post-200543","post","type-post","status-publish","format-standard","hentry"],"_links":{"self":[{"href":"https:\/\/www.elenacabrera.com\/weblog3\/wp-json\/wp\/v2\/posts\/200543","targetHints":{"allow":["GET"]}}],"collection":[{"href":"https:\/\/www.elenacabrera.com\/weblog3\/wp-json\/wp\/v2\/posts"}],"about":[{"href":"https:\/\/www.elenacabrera.com\/weblog3\/wp-json\/wp\/v2\/types\/post"}],"author":[{"embeddable":true,"href":"https:\/\/www.elenacabrera.com\/weblog3\/wp-json\/wp\/v2\/users\/1"}],"replies":[{"embeddable":true,"href":"https:\/\/www.elenacabrera.com\/weblog3\/wp-json\/wp\/v2\/comments?post=200543"}],"version-history":[{"count":0,"href":"https:\/\/www.elenacabrera.com\/weblog3\/wp-json\/wp\/v2\/posts\/200543\/revisions"}],"wp:attachment":[{"href":"https:\/\/www.elenacabrera.com\/weblog3\/wp-json\/wp\/v2\/media?parent=200543"}],"wp:term":[{"taxonomy":"category","embeddable":true,"href":"https:\/\/www.elenacabrera.com\/weblog3\/wp-json\/wp\/v2\/categories?post=200543"},{"taxonomy":"post_tag","embeddable":true,"href":"https:\/\/www.elenacabrera.com\/weblog3\/wp-json\/wp\/v2\/tags?post=200543"}],"curies":[{"name":"wp","href":"https:\/\/api.w.org\/{rel}","templated":true}]}}