{"id":200554,"date":"2007-02-18T21:30:30","date_gmt":"2007-02-18T20:30:30","guid":{"rendered":""},"modified":"2009-02-15T21:31:47","modified_gmt":"2009-02-15T20:31:47","slug":"pepo-perez-un-amigo-en-el-infierno","status":"publish","type":"post","link":"https:\/\/www.elenacabrera.com\/weblog3\/2007\/02\/18\/pepo-perez-un-amigo-en-el-infierno\/","title":{"rendered":"Pepo P\u00e9rez. Un amigo en el infierno"},"content":{"rendered":"<p>Una vez so\u00f1\u00f3 que estaba al borde del mar charlando con Will Eisner y Frank Miller como si fueran amigos de toda la vida. Y \u00bfpor qu\u00e9 no? Pepo podr\u00eda mantener una conversaci\u00f3n de t\u00fa a t\u00fa con cualquiera, comentando con desenvoltura la obra de un mism\u00edsimo Alan Moore en su cara, \u201ca veces tambi\u00e9n critico incluso a mis amigos, no lo puedo evitar, soy un desastre\u201d. Ser amigo de Pepo P\u00e9rez debe ser duro pues no ser\u00e1 complaciente contigo: \u201cMis amigos son&#8230; digamos que procuro acercarme a gente inteligente y brillante, de las que pueda aprender. \u00c9sos son mis amigos. La gente mediocre, la de los lugares comunes, me aburre, tanto que a veces soy incapaz de disimularlo por simple educaci\u00f3n. Pero es que en momentos puntuales puedo ser muy maleducado. Luego me siento fatal, claro\u201d.<br \/>\nSu doble oficio como ilustrador y autor de tebeos \u2013El Vecino es su obra m\u00e1s destacada- y el de cr\u00edtico \u2013principalmente en Rockdelux- fuerzan su polaridad, \u201ctengo bastante genio, a veces soy muy visceral y emocional, supongo que eso ni quiero ni puedo ocultarlo en mis dibujos. Pero para escribir me pongo otro traje, el cerebral o anal\u00edtico. Lo hago porque quiero demostrar a los tebeos el respeto que me merecen, y por eso no me gusta hablar de ellos de manera paternalista. Lo cual significa no tratarlos como unos hijos a los que mimar, proteger y elogiar desmedidamente. Ese estilo me parece vacuo y anticuado. Lo emocional tiene su sitio, pero creo que en su justa medida. Adem\u00e1s, hay que dejar sitio a las emociones de cada lector en lugar de machacarle con las tuyas\u201d.<br \/>\nA Pepo le gusta la pol\u00e9mica e incluso, en momentos puntuales, alude al gamberrismo de ni\u00f1ato travieso, como \u00e9l mismo dice porque le gusta que \u201cla gente, yo incluido, pongamos en cuesti\u00f3n las ideas que damos por establecidas. En un mundillo como el nuestro, tan anquilosado en muchos aspectos, hace falta m\u00e1s cr\u00edtica p\u00fablica, a todos los niveles\u201d. Es guerrero y protest\u00f3n pero es que \u201cun poco de cr\u00edtica no le sienta mal a nadie, te ennoblece, te pone en tu sitio, te hace humilde, te hace mejorar como persona o como autor\u201d.<br \/>\nEn su weblog Con C de Arte mantiene todas estas premisas. Hace poco comentaba en \u00e9l que hay indicios de una vuelta al Surrealismo. \u201cMe pregunto qu\u00e9 hay en com\u00fan entre nuestro hoy y el momento en que surge el Surrealismo tras la I Guerra Mundial. La respuesta no es muy atractiva, \u00bfverdad? \u00bfVientos de guerra, quiz\u00e1? Creo que la gente occidental, que vive en un entorno pac\u00edfico que dura ya muchas d\u00e9cadas, nota esos porque, aunque soplen desde latitudes lejanas, el Afganist\u00e1n o el Irak de turno, sabemos que tienen que ver con nosotros. Luego est\u00e1 el tema del cambio clim\u00e1tico, que se ha convertido en uno de esos miedos apocal\u00edpticos al fin de la civilizaci\u00f3n que el hombre de todas las \u00e9pocas ha tenido peri\u00f3dicamente. Aunque esta vez me parece que no es un miedo exagerado, ni infundado ni supersticioso. Y luego est\u00e1 el inter\u00e9s por nuestro inconsciente, que ha vuelto a ponerse de moda. Creo que el hombre occidental de hoy tiene una fuerte sensaci\u00f3n de fealdad hacia s\u00ed mismo, de no gustarse, tiene un gran vac\u00edo, un deseo de recuperar la \u2018armon\u00eda perdida\u2019, de volver a ser \u2018uno con el mundo\u2019. De todo esto puede venir esta nueva \u2018necesidad de surrealismo\u2019\u201d.<br \/>\nAunque lleva dos a\u00f1os con un libro \u2013\u201cno ser\u00e1 un c\u00f3mic convencional\u201d- realizado en solitario, su carrera se ha desarrollado con guionistas porque le gusta \u201ctrabajar en equipo y con gente que sabe hacer determinadas cosas mejor que yo. Escribir guiones no es lo m\u00edo, creo que hay personas que lo hacen mucho mejor que yo, y desde luego Santiago es una de ellos\u201d. Santiago Garc\u00eda es el autor de El Vecino, la historia que cualquier estudiante de oposiciones desear\u00eda para s\u00ed. Ahora se publica el segundo volumen de los cinco que forman la serie. Con Santiago comparte un imaginario y un bagaje com\u00fan, \u201caunque le conozco s\u00f3lo desde hace diez a\u00f1os tenemos cantidad de gustos de la infancia y juventud compartidos, a ambos nos fascinan los superh\u00e9roes, determinados autores europeos o el indie norteamericano. Es un tipo list\u00edsimo, de talento y hasta clarividente para determinados aspectos\u201d.<br \/>\nCon Juanjo S\u00e1ez, protagonista de la \u00faltima hoja del anterior n\u00famero de El Manglar tambi\u00e9n prev\u00e9 hacer algo a medias nuestro autor malague\u00f1o, a iniciativa de aquel, \u201cy yo encantado\u201d recalca.<\/p>\n<p><em>Elena Cabrera. Publicado en El Manglar.<\/em><\/p>\n","protected":false},"excerpt":{"rendered":"<p>Una vez so\u00f1\u00f3 que estaba al borde del mar charlando con Will Eisner y Frank Miller como si fueran amigos de toda la vida. Y \u00bfpor qu\u00e9 no? Pepo podr\u00eda mantener una conversaci\u00f3n de t\u00fa a t\u00fa con cualquiera, comentando con desenvoltura la obra de un mism\u00edsimo Alan Moore en su cara, \u201ca veces tambi\u00e9n [&hellip;]<\/p>\n","protected":false},"author":1,"featured_media":0,"comment_status":"open","ping_status":"open","sticky":false,"template":"","format":"standard","meta":{"footnotes":""},"categories":[],"tags":[],"class_list":["post-200554","post","type-post","status-publish","format-standard","hentry"],"_links":{"self":[{"href":"https:\/\/www.elenacabrera.com\/weblog3\/wp-json\/wp\/v2\/posts\/200554","targetHints":{"allow":["GET"]}}],"collection":[{"href":"https:\/\/www.elenacabrera.com\/weblog3\/wp-json\/wp\/v2\/posts"}],"about":[{"href":"https:\/\/www.elenacabrera.com\/weblog3\/wp-json\/wp\/v2\/types\/post"}],"author":[{"embeddable":true,"href":"https:\/\/www.elenacabrera.com\/weblog3\/wp-json\/wp\/v2\/users\/1"}],"replies":[{"embeddable":true,"href":"https:\/\/www.elenacabrera.com\/weblog3\/wp-json\/wp\/v2\/comments?post=200554"}],"version-history":[{"count":0,"href":"https:\/\/www.elenacabrera.com\/weblog3\/wp-json\/wp\/v2\/posts\/200554\/revisions"}],"wp:attachment":[{"href":"https:\/\/www.elenacabrera.com\/weblog3\/wp-json\/wp\/v2\/media?parent=200554"}],"wp:term":[{"taxonomy":"category","embeddable":true,"href":"https:\/\/www.elenacabrera.com\/weblog3\/wp-json\/wp\/v2\/categories?post=200554"},{"taxonomy":"post_tag","embeddable":true,"href":"https:\/\/www.elenacabrera.com\/weblog3\/wp-json\/wp\/v2\/tags?post=200554"}],"curies":[{"name":"wp","href":"https:\/\/api.w.org\/{rel}","templated":true}]}}