{"id":200563,"date":"2009-02-19T14:57:59","date_gmt":"2009-02-19T12:57:59","guid":{"rendered":""},"modified":"2019-05-25T20:37:40","modified_gmt":"2019-05-25T18:37:40","slug":"me-sale-callo","status":"publish","type":"post","link":"https:\/\/www.elenacabrera.com\/weblog3\/2009\/02\/19\/me-sale-callo\/","title":{"rendered":"Me sale callo"},"content":{"rendered":"<p>Yo nunca he le\u00eddo El Capital, ni ninguna obra de Marx o Engels, salvo fragmentos a la hora de estudiar el Marxismo. No lo he hecho por falta de tiempo, no de ganas. A pesar de ello, siempre he mirado al Marxismo con <a href=\"http:\/\/www.elenacabrera.com\/weblog\/jose-antonio-fortes-la-literatura-es-un-arma-ideologica-para-intervenir-en-la-lucha-de-clases\/\">inter\u00e9s y empat\u00eda<\/a>. Me compr\u00e9 la edici\u00f3n abreviada, for dummies como yo, que vend\u00eda P\u00fablico para leerla de una vez y prometo que en estos tiempos sin ancla en los que ahora vivo la leer\u00e9.<\/p>\n<p>Soy una votante de Izquierda Unida poco convencida. Me pareci\u00f3 bien que el coordinador Gaspar Llamazares fuera sustituido por alguien del Partido Comunista que fuera menos tibio. Me gustar\u00eda algo de calentura y claridad en el debate de las ideas, pero no lo veo, todo me parece homog\u00e9neo. Por tanto, acabo agarr\u00e1ndome a los detalles. Soy una mujer de detalles, por mucho que busque el fondo una y otra vez, como lo soy de gestos y de acciones. Cayo Lara perdi\u00f3 mi voto al d\u00eda siguiente de su elecci\u00f3n, cuando dijo ser cazador. Lo le\u00ed en una entrevista y me horroric\u00e9. Jam\u00e1s votar\u00eda a alguien que mata animales por diversi\u00f3n. \u00bfC\u00f3mo puede un cazador coordinar una coalici\u00f3n donde hay partidos ecologistas? Tampoco quiero votar a alguien que mata animales por alimentaci\u00f3n, vestimenta o experimentaci\u00f3n&#8230; veremos si encuentro alg\u00fan partido que me defienda en este punto. Por otro lado, es sorprendente que IU haya puesto algo de moda, como es el caso de <a href=\"http:\/\/www.publico.es\/espana\/199822\/dirigente\/pp\/organizo\/caceria\/defiende\/garzon\/bermejo\">pol\u00edticos de cacer\u00eda<\/a>.<\/p>\n<p>Las decepciones con Cayo Lara no se quedan en el asesinato de animales. Lo siguiente ocurri\u00f3 hace 10 d\u00edas. <a href=\"http:\/\/personales.ya.com\/josumezo\/malaprensa\/2009\/02\/marx-no-era-nostradamus.html\">Leo en Mala Prensa<\/a> que Lara (con confundir con <a href=\"http:\/\/www.flickr.com\/photos\/elenac\/3278294651\/in\/set-72157613277781170\/\">el otro Lara que lo que mata es otra cosa<\/a>) ha sido v\u00edctima de otro de esos hoax que corren por Internet, <a href=\"http:\/\/www.elpais.com\/articulo\/espana\/IU\/llama\/movilizarse\/cambio\/politica\/Gobierno\/elpepunac\/20090208elpepinac_9\/Tes\">recogido por El Pa\u00eds<\/a>:<\/p>\n<blockquote><p>En su primera reuni\u00f3n del Consejo Pol\u00edtico como coordinador general de IU, Cayo Lara subi\u00f3 ayer a la tribuna y ley\u00f3 una cita de <em>El Capital<\/em>, de Karl Marx, que dice as\u00ed: \u00abLos propietarios del capital estimular\u00e1n a la clase trabajadora para que compre m\u00e1s y m\u00e1s bienes, casas, tecnolog\u00eda cara, empuj\u00e1ndoles a contraer deudas m\u00e1s y m\u00e1s caras hasta que la deuda se haga insoportable. La deuda impagada llevar\u00e1 a la bancarrota de los bancos, los cuales tendr\u00e1n que ser nacionalizados\u00bb.<\/p><\/blockquote>\n<p>Explica Josu Mezo (quien no fue el descubridor de la metedura de pata, sino devilindetails (-&gt; el diablo en los detalles) <a href=\"http:\/\/meneame.net\/story\/falsa-misteriosamente-profetica-cita-marx-empleada-cayo-lara-publicada\">que lo mene\u00f3<\/a> y <a href=\"http:\/\/ottoreuss.blogspot.com\/2009\/02\/es-falsa-la-misteriosamente-profetica.html\">Modus Tolens<\/a> quien lo subi\u00f3 a la blogosfera) que<\/p>\n<blockquote><p>El texto suena tan extraordinariamente prof\u00e9tico y tan moderno que resulta muy sospechoso. En 1867 la idea de que los bancos espolear\u00edan a la clase trabajadora para comprar casas o \u00abtecnolog\u00eda\u00bb (??) a cr\u00e9dito suena extraordinariamente innovadora. La palabra nacionalizaci\u00f3n tampoco parece propia de la \u00e9poca (con ese sentido).<\/p>\n<p>Naturalmente, la cita es falsa, como descubri\u00f3 devilindetails, el lector que alert\u00f3 a Modus Tolens, y luego a m\u00ed, y que la ha buscado y rebuscado en las versiones en pdf disponibles en red. El mismo texto, en versi\u00f3n inglesa, viene circulando por mail tambi\u00e9n por Estados Unidos, y ya fue objeto de un an\u00e1lisis cr\u00edtico por <a href=\"http:\/\/meganmcardle.theatlantic.com\/archives\/2009\/01\/faux_marx.php\">Megan McArdle en The Atlantic<\/a>, a mediados de enero. Tambi\u00e9n lo explican muy bien, en castellano, en <a href=\"http:\/\/dalealteclado.com\/2009\/01\/karl-nostradamus-marx.html\">Dale al Teclado<\/a>. No s\u00f3lo el texto no es literal de ninguna parte de El Capital, sino que contradice una idea central del mismo, que es que el final del capitalismo llegar\u00eda por la progresiva depauperizaci\u00f3n de los trabajadores a trav\u00e9s de salarios cada vez m\u00e1s bajos, y no, desde luego, a trav\u00e9s de la compra a cr\u00e9dito (que no se extendi\u00f3 masivamente a los trabajadores hasta bien entrado el siglo XX).<\/p><\/blockquote>\n<p>Mi idea es seguir explorando la izquierda de la izquierda, ley\u00e9ndome sus webs, art\u00edculos y manifiestos. As\u00ed lo vieron los infografistas de P\u00fablico (un saludo al gran \u00c1lvaro Vali\u00f1o que se ha quedado solo desde que otro grande, Chiqui Esteban, ha sido cazado por las enredosas redes de Dixired):<\/p>\n<p style=\"text-align: center;\"><img loading=\"lazy\" decoding=\"async\" class=\"aligncenter size-medium wp-image-564\" title=\"infografia_publico_fuerzas-izquierda\" src=\"http:\/\/www.elenacabrera.com\/weblog\/wp-content\/uploads\/2009\/02\/infografia_publico_fuerzas-izquierda-276x300.jpg\" alt=\"infografia_publico_fuerzas-izquierda\" width=\"276\" height=\"299\" \/><\/p>\n","protected":false},"excerpt":{"rendered":"<p>Yo nunca he le\u00eddo El Capital, ni ninguna obra de Marx o Engels, salvo fragmentos a la hora de estudiar el Marxismo. No lo he hecho por falta de tiempo, no de ganas. A pesar de ello, siempre he mirado al Marxismo con inter\u00e9s y empat\u00eda. Me compr\u00e9 la edici\u00f3n abreviada, for dummies como yo, [&hellip;]<\/p>\n","protected":false},"author":1,"featured_media":0,"comment_status":"open","ping_status":"open","sticky":false,"template":"","format":"standard","meta":{"footnotes":""},"categories":[],"tags":[],"class_list":["post-200563","post","type-post","status-publish","format-standard","hentry"],"_links":{"self":[{"href":"https:\/\/www.elenacabrera.com\/weblog3\/wp-json\/wp\/v2\/posts\/200563","targetHints":{"allow":["GET"]}}],"collection":[{"href":"https:\/\/www.elenacabrera.com\/weblog3\/wp-json\/wp\/v2\/posts"}],"about":[{"href":"https:\/\/www.elenacabrera.com\/weblog3\/wp-json\/wp\/v2\/types\/post"}],"author":[{"embeddable":true,"href":"https:\/\/www.elenacabrera.com\/weblog3\/wp-json\/wp\/v2\/users\/1"}],"replies":[{"embeddable":true,"href":"https:\/\/www.elenacabrera.com\/weblog3\/wp-json\/wp\/v2\/comments?post=200563"}],"version-history":[{"count":1,"href":"https:\/\/www.elenacabrera.com\/weblog3\/wp-json\/wp\/v2\/posts\/200563\/revisions"}],"predecessor-version":[{"id":2002002701,"href":"https:\/\/www.elenacabrera.com\/weblog3\/wp-json\/wp\/v2\/posts\/200563\/revisions\/2002002701"}],"wp:attachment":[{"href":"https:\/\/www.elenacabrera.com\/weblog3\/wp-json\/wp\/v2\/media?parent=200563"}],"wp:term":[{"taxonomy":"category","embeddable":true,"href":"https:\/\/www.elenacabrera.com\/weblog3\/wp-json\/wp\/v2\/categories?post=200563"},{"taxonomy":"post_tag","embeddable":true,"href":"https:\/\/www.elenacabrera.com\/weblog3\/wp-json\/wp\/v2\/tags?post=200563"}],"curies":[{"name":"wp","href":"https:\/\/api.w.org\/{rel}","templated":true}]}}