{"id":200582,"date":"2009-02-24T15:33:16","date_gmt":"2009-02-24T13:33:16","guid":{"rendered":""},"modified":"2019-05-25T20:38:38","modified_gmt":"2019-05-25T18:38:38","slug":"culturales-un-canal-para-la-memoria-del-tiempo","status":"publish","type":"post","link":"https:\/\/www.elenacabrera.com\/weblog3\/2009\/02\/24\/culturales-un-canal-para-la-memoria-del-tiempo\/","title":{"rendered":"Cultural.es, un canal para la memoria del tiempo"},"content":{"rendered":"<p>TVE ha presentado lo que ser\u00e1 el canal tem\u00e1tico cultural prometido por Zapatero si ganaba las elecciones. Se llamar\u00e1 Cultural.es (claro, no pod\u00edan evitar ese tono fresco y novedosos que dan todo lo que suena a Internet) y saldr\u00e1 en pruebas el 1 de abril.<br \/>\nDurante el a\u00f1o 2009 tirar\u00e1n de archivo en los primeros meses y despu\u00e9s empezar\u00e1n a soltar programas pilotos que est\u00e1n empezando a preparar. La programaci\u00f3n  consolidada no comenzar\u00e1 hasta 2010.<br \/>\nEl Ministro de Cultura ha asegurado que habr\u00e1 presencias de otras lenguas del Estado. A la petici\u00f3n de concreci\u00f3n por un periodista Pere Roca, director del canal, ha dicho que la cadena emitir\u00e1 en castellano pero que, por ejemplo, cuando un poeta gallego lea sus poemas en gallego si consideran que \u00abmerece la pena\u00bb grabar\u00e1n, emitir\u00e1n y subtitular\u00e1n, pero que no contemplan programas espec\u00edficos en otras lenguas.<br \/>\nHan hablado de \u00abi+D\u00bb, de \u00abexperimentaci\u00f3n\u00bb y de \u00abser pioneros\u00bb. E incluso he o\u00eddo decir \u00abp\u00fablico joven\u00bb y tambi\u00e9n \u00abcultura sin centro pero en red con todo el mundo\u00bb. Dejando la demagogia y acerc\u00e1ndose al mercantilismo han utilizado la met\u00e1fora de \u00abventana nueva, como una boutique nueva con productos que en este canal estar\u00e1n en prime time\u00bb.<br \/>\n\u00bfEjemplos concretos, para que nos hagamos una idea?:<br \/>\nLa vuelta de Estudio 1, el programa que montaba y grababa obras de teatro para televisi\u00f3n. Har\u00e1n una nueva producci\u00f3n de Lope de Vega.<br \/>\nHar\u00e1n un evento en torno a los 30 a\u00f1os del disco \u00abLa memoria del tiempo\u00bb de Camar\u00f3n.<br \/>\nBiograf\u00edas audiovisuales que se iniciar\u00e1n con las de Rafael Azcona y Josep Pl\u00e1. Estos dos nombres son, para ellos, \u00abuna declaraci\u00f3n de intenciones\u00bb.<\/p>\n<p>Entiendo que hay que preservar la cultura y que el archivo de TVE es maravilloso y es un bien de servicio p\u00fablico el airearlo pero poner ejemplos de creadores muertos (Lope, Camar\u00f3n, Azcona, Pl\u00e1) no es un buen augurio.<\/p>\n","protected":false},"excerpt":{"rendered":"<p>TVE ha presentado lo que ser\u00e1 el canal tem\u00e1tico cultural prometido por Zapatero si ganaba las elecciones. Se llamar\u00e1 Cultural.es (claro, no pod\u00edan evitar ese tono fresco y novedosos que dan todo lo que suena a Internet) y saldr\u00e1 en pruebas el 1 de abril. Durante el a\u00f1o 2009 tirar\u00e1n de archivo en los primeros [&hellip;]<\/p>\n","protected":false},"author":1,"featured_media":0,"comment_status":"open","ping_status":"open","sticky":false,"template":"","format":"standard","meta":{"footnotes":""},"categories":[2],"tags":[],"class_list":["post-200582","post","type-post","status-publish","format-standard","hentry","category-twentytwentyfive"],"_links":{"self":[{"href":"https:\/\/www.elenacabrera.com\/weblog3\/wp-json\/wp\/v2\/posts\/200582","targetHints":{"allow":["GET"]}}],"collection":[{"href":"https:\/\/www.elenacabrera.com\/weblog3\/wp-json\/wp\/v2\/posts"}],"about":[{"href":"https:\/\/www.elenacabrera.com\/weblog3\/wp-json\/wp\/v2\/types\/post"}],"author":[{"embeddable":true,"href":"https:\/\/www.elenacabrera.com\/weblog3\/wp-json\/wp\/v2\/users\/1"}],"replies":[{"embeddable":true,"href":"https:\/\/www.elenacabrera.com\/weblog3\/wp-json\/wp\/v2\/comments?post=200582"}],"version-history":[{"count":1,"href":"https:\/\/www.elenacabrera.com\/weblog3\/wp-json\/wp\/v2\/posts\/200582\/revisions"}],"predecessor-version":[{"id":2002002703,"href":"https:\/\/www.elenacabrera.com\/weblog3\/wp-json\/wp\/v2\/posts\/200582\/revisions\/2002002703"}],"wp:attachment":[{"href":"https:\/\/www.elenacabrera.com\/weblog3\/wp-json\/wp\/v2\/media?parent=200582"}],"wp:term":[{"taxonomy":"category","embeddable":true,"href":"https:\/\/www.elenacabrera.com\/weblog3\/wp-json\/wp\/v2\/categories?post=200582"},{"taxonomy":"post_tag","embeddable":true,"href":"https:\/\/www.elenacabrera.com\/weblog3\/wp-json\/wp\/v2\/tags?post=200582"}],"curies":[{"name":"wp","href":"https:\/\/api.w.org\/{rel}","templated":true}]}}