{"id":200585,"date":"2009-03-02T14:15:24","date_gmt":"2009-03-02T13:15:24","guid":{"rendered":""},"modified":"2009-03-02T16:13:58","modified_gmt":"2009-03-02T15:13:58","slug":"trabajos-para-no-oprimidos","status":"publish","type":"post","link":"https:\/\/www.elenacabrera.com\/weblog3\/2009\/03\/02\/trabajos-para-no-oprimidos\/","title":{"rendered":"Trabajos para No Oprimidos"},"content":{"rendered":"<p><a href=\"http:\/\/www.elenacabrera.com\/weblog\/wp-content\/uploads\/2009\/03\/tarantulabyrociocampana2.jpg\"><img loading=\"lazy\" decoding=\"async\" class=\"alignleft size-medium wp-image-590\" title=\"Foto de Tar\u00e1ntula por Roc\u00edo Campana\" src=\"http:\/\/www.elenacabrera.com\/weblog\/wp-content\/uploads\/2009\/03\/tarantulabyrociocampana2-200x300.jpg\" alt=\"Foto de Tar\u00e1ntula por Roc\u00edo Campana\" width=\"200\" height=\"300\" \/><\/a>Se\u00f1oras, caballeros: ya estoy oficialmente en el paro. Tras agotar los d\u00edas de vacaciones me he dado de alta en el INEM y he solicitado la prestaci\u00f3n de desempleo.<br \/>\nHe tenido que superar una primera etapa de mala conciencia, sensaci\u00f3n de error e incomodidad y desde hace un par de d\u00edas he comenzado a disfrutar de la libertad de poder elegir lo que quiero hacer con mi vida. \u00bfC\u00f3mo es posible que me haga sentir tan esclavizada un contrato laboral?<br \/>\nEstoy buscando colaboraciones aqu\u00ed y all\u00e1. Mientras observo la crisis econ\u00f3mica y period\u00edstica he decidido que yo no voy a caer en crisis, aunque me falte el dinero o el trabajo. Quiero vivir lo contrario a una crisis creativa&#8230; \u00bfc\u00f3mo podr\u00edamos llamar a eso?<\/p>\n<p>En marzo (del 22 al 28) voy a trabajar durante <span style=\"color: #ff0000;\">una semana en el <a href=\"http:\/\/www.zemos98.org\/\">festival sevillano Zemos98<\/a>,<\/span> cuyo tema es Educaci\u00f3n Expandida. El tronco de la programaci\u00f3n es un <a href=\"http:\/\/www.zemos98.org\/simposio\/\">simposio<\/a> proyectado entre Zemos98 y <a href=\"http:\/\/nomada.blogs.com\/\">Juan Freire<\/a>. Hay <a href=\"http:\/\/www.zemos98.org\/simposio\/spip.php?rubrique2\">talleres<\/a>, <a href=\"http:\/\/www.zemos98.org\/simposio\/spip.php?rubrique3\">presentaciones<\/a> y <a href=\"http:\/\/www.zemos98.org\/simposio\/spip.php?rubrique4\">conferencias<\/a>, todas extremadamente atrayentes. Por ejemplo, el <a href=\"http:\/\/www.zemos98.org\/simposio\/spip.php?article5\">Banco Com\u00fan de Conocimientos<\/a>, que ya <a href=\"http:\/\/www.platoniq.net\/\">lleva trabajando meses<\/a> pero que ser\u00e1 m\u00e1s intenso la semana previa al festival y durante \u00e9ste har\u00e1 una presentaci\u00f3n sobre sus ideas para una campo de acci\u00f3n colectiva basado en la indexaci\u00f3n del conocimiento, su transferencia y la educaci\u00f3n mutua gracias a la participaci\u00f3n ciudadana. O el <a href=\"http:\/\/www.zemos98.org\/simposio\/spip.php?article26\">taller de teatro del oprimido<\/a> (muy a colaci\u00f3n de esa necesidad de quitarse de encima la culpabilidad por no estar oprimido por el capitalismo de la que hablaba al principio). Por cierto, el uruguayo <a href=\"http:\/\/www.zemos98.org\/simposio\/spip.php?article6\">Gonzalo Frasca har\u00e1 una presentaci\u00f3n<\/a> sobre c\u00f3mo ese Teatro del Oprimido puede aplicarse a la creaci\u00f3n de videojuegos, y nos mostrar\u00e1 <a href=\"http:\/\/www.newsgaming.com\/games\/index12.htm\">los suyos<\/a>.<\/p>\n<p>M\u00e1s ejemplos. <a href=\"http:\/\/www.zemos98.org\/simposio\/spip.php?article31\">Clara Boj se preguntar\u00e1<\/a> si \u00abes posible utilizar el arte como herramienta para la educaci\u00f3n y m\u00e1s espec\u00edficamente como apoyo de una educaci\u00f3n liberadora que fomente estrategias de desarrollo personal m\u00e1s all\u00e1 de los modelos culturales predominantes\u00bb. La presentaci\u00f3n de <a href=\"http:\/\/www.zemos98.org\/simposio\/spip.php?article35\">lo que se est\u00e1 haciendo en el barrio de Can Mas de Ripollet<\/a> en cuanto a educaci\u00f3n infantil (hasta <a href=\"http:\/\/www.lafundicio.net\/fichaProj.php?ID=open&amp;tit=Open-roulotte&amp;tipo=1&amp;fo=fondo4#radio\">radio<\/a>!), se trata de una infraestructura m\u00f3vil de acontecimientos, <a href=\"http:\/\/www.lafundicio.net\/fichaProj.php?ID=open&amp;tit=Open-roulotte&amp;tipo=1&amp;fo=fondo4\">la Open-roulotte<\/a>.<\/p>\n<p>En cuanto a conferencias habr\u00e1 tres: <a href=\"http:\/\/www.zemos98.org\/simposio\/spip.php?article4\">Jesus Mart\u00edn Barbero<\/a> hablar\u00e1 sobre la transici\u00f3n de la ciudad con sistema educativo a la sociedad del conocimiento, <a href=\"http:\/\/www.zemos98.org\/simposio\/spip.php?article29\">Brian Lamb recordar\u00e1<\/a> la urgencia de una educaci\u00f3n abierta: \u00abemociones baratas, reutilizaci\u00f3n radical y aprendizaje basado en la sindicaci\u00f3n de contenidos\u00bb y <a href=\"http:\/\/www.zemos98.org\/simposio\/spip.php?article29\">Ronaldo Remos traer\u00e1<\/a> las comunidades, la cultura libre y la propiedad intelectual al reto de la educaci\u00f3n.<\/p>\n<p>Esto es lo que concierne al simposio, del que ya se han celebrado 10 ediciones. Hay tambi\u00e9n un programa de cortos: <a href=\"http:\/\/www.zemos98.org\/festivales\/zemos9811\/terminal.php\">Terminal<\/a>. Y <a href=\"http:\/\/www.zemos98.org\/festivales\/zemos9811\/terminal.php\">videobloggismo<\/a>. Y <a href=\"http:\/\/www.zemos98.org\/spip.php?sommaire\">un buen mont\u00f3n de cosas<\/a> m\u00e1s que deb\u00e9is investigar en su web.<\/p>\n<p>\u00bfMi parte en todo esto? Es que \u00a1hay conciertos! Har\u00e9 un trabajo de lo m\u00e1s divertido cubriendo los conciertos para la web de Zemos98 y entrevistando a los grupos. Entre ellos: la siempre magn\u00e9tica Vicki de <a href=\"http:\/\/www.zemos98.org\/spip.php?article1183#plu\">People Like Us<\/a>, <a href=\"http:\/\/www.zemos98.org\/spip.php?article1183#plu\">Jimi Tenor &amp; Kabu Kabu<\/a>, <a href=\"http:\/\/www.zemos98.org\/spip.php?article1192\">ILIOS y Philip Jeck<\/a>, programa triple con <a href=\"http:\/\/www.zemos98.org\/spip.php?article1194\">Centella + Tu Madre + Tar\u00e1ntula<\/a> (Producciones Doradas), <a href=\"http:\/\/www.zemos98.org\/spip.php?article1197#exceeda\">Platform X<\/a> (\u00abun espect\u00e1culo audiovisual sobre tres pantallas que utiliza los archivos audiovisuales del British Film Institute para construir un mashup sobre trenes y la red de ferrocarriles\u00bb) y los hiphoperos franceses <a href=\"http:\/\/www.zemos98.org\/spip.php?article1197#pl\">PSYKICK LYRIKAH<\/a>, donde ahora milita Olivier de Mobiil.<\/p>\n<p>Pero pod\u00e9is descargar el PDF del programa completo <a href=\"http:\/\/www.elenacabrera.com\/weblog\/wp-content\/uploads\/2009\/03\/programamano11.pdf\">aqu\u00ed<\/a> (780 Kb) y les pod\u00e9is seguir <a href=\"http:\/\/twitter.com\/zemos98\">en Twitter<\/a>.<\/p>\n","protected":false},"excerpt":{"rendered":"<p>Se\u00f1oras, caballeros: ya estoy oficialmente en el paro. Tras agotar los d\u00edas de vacaciones me he dado de alta en el INEM y he solicitado la prestaci\u00f3n de desempleo. He tenido que superar una primera etapa de mala conciencia, sensaci\u00f3n de error e incomodidad y desde hace un par de d\u00edas he comenzado a disfrutar [&hellip;]<\/p>\n","protected":false},"author":1,"featured_media":0,"comment_status":"open","ping_status":"open","sticky":false,"template":"","format":"standard","meta":{"footnotes":""},"categories":[],"tags":[],"class_list":["post-200585","post","type-post","status-publish","format-standard","hentry"],"_links":{"self":[{"href":"https:\/\/www.elenacabrera.com\/weblog3\/wp-json\/wp\/v2\/posts\/200585","targetHints":{"allow":["GET"]}}],"collection":[{"href":"https:\/\/www.elenacabrera.com\/weblog3\/wp-json\/wp\/v2\/posts"}],"about":[{"href":"https:\/\/www.elenacabrera.com\/weblog3\/wp-json\/wp\/v2\/types\/post"}],"author":[{"embeddable":true,"href":"https:\/\/www.elenacabrera.com\/weblog3\/wp-json\/wp\/v2\/users\/1"}],"replies":[{"embeddable":true,"href":"https:\/\/www.elenacabrera.com\/weblog3\/wp-json\/wp\/v2\/comments?post=200585"}],"version-history":[{"count":0,"href":"https:\/\/www.elenacabrera.com\/weblog3\/wp-json\/wp\/v2\/posts\/200585\/revisions"}],"wp:attachment":[{"href":"https:\/\/www.elenacabrera.com\/weblog3\/wp-json\/wp\/v2\/media?parent=200585"}],"wp:term":[{"taxonomy":"category","embeddable":true,"href":"https:\/\/www.elenacabrera.com\/weblog3\/wp-json\/wp\/v2\/categories?post=200585"},{"taxonomy":"post_tag","embeddable":true,"href":"https:\/\/www.elenacabrera.com\/weblog3\/wp-json\/wp\/v2\/tags?post=200585"}],"curies":[{"name":"wp","href":"https:\/\/api.w.org\/{rel}","templated":true}]}}