{"id":200622,"date":"2009-03-09T09:39:30","date_gmt":"2009-03-09T08:39:30","guid":{"rendered":""},"modified":"2009-04-14T16:28:02","modified_gmt":"2009-04-14T15:28:02","slug":"la-regeneracion-del-indie-espanol","status":"publish","type":"post","link":"https:\/\/www.elenacabrera.com\/weblog3\/2009\/03\/09\/la-regeneracion-del-indie-espanol\/","title":{"rendered":"La regeneraci\u00f3n del indie espa\u00f1ol"},"content":{"rendered":"<p>Mirad qu\u00e9 mapa de coordenadas ha hecho <a href=\"http:\/\/www.alvarovalino.com\/\">\u00c1lvaro Vali\u00f1o<\/a> en <a href=\"http:\/\/www.publico.es\/culturas\/207737\/musica\/indie\/cambia\">P\u00fablico hoy<\/a>, con datos de Jes\u00fas Miguel Marcos:<\/p>\n<p style=\"text-align: center;\"><a href=\"http:\/\/www.elenacabrera.com\/weblog\/wp-content\/uploads\/2009\/03\/1236577945654indie-ampliacion.jpg\"><img loading=\"lazy\" decoding=\"async\" class=\"size-full wp-image-623 aligncenter\" title=\"El mapa de la regeneraci\u00f3n de la escena independiente\" src=\"http:\/\/www.elenacabrera.com\/weblog\/wp-content\/uploads\/2009\/03\/1236577945654indie-ampliacion.jpg\" alt=\"El mapa de la regeneraci\u00f3n de la escena independiente\" width=\"500\" height=\"530\" \/><\/a><\/p>\n<p>Pero, \u00bfJoe Crep\u00fasculo no deber\u00eda estar del lado de Derribos Arias? (Aunque Tar\u00e1ntula est\u00e9).<\/p>\n","protected":false},"excerpt":{"rendered":"<p>Mirad qu\u00e9 mapa de coordenadas ha hecho \u00c1lvaro Vali\u00f1o en P\u00fablico hoy, con datos de Jes\u00fas Miguel Marcos: Pero, \u00bfJoe Crep\u00fasculo no deber\u00eda estar del lado de Derribos Arias? (Aunque Tar\u00e1ntula est\u00e9).<\/p>\n","protected":false},"author":1,"featured_media":0,"comment_status":"open","ping_status":"open","sticky":false,"template":"","format":"standard","meta":{"footnotes":""},"categories":[],"tags":[],"class_list":["post-200622","post","type-post","status-publish","format-standard","hentry"],"_links":{"self":[{"href":"https:\/\/www.elenacabrera.com\/weblog3\/wp-json\/wp\/v2\/posts\/200622","targetHints":{"allow":["GET"]}}],"collection":[{"href":"https:\/\/www.elenacabrera.com\/weblog3\/wp-json\/wp\/v2\/posts"}],"about":[{"href":"https:\/\/www.elenacabrera.com\/weblog3\/wp-json\/wp\/v2\/types\/post"}],"author":[{"embeddable":true,"href":"https:\/\/www.elenacabrera.com\/weblog3\/wp-json\/wp\/v2\/users\/1"}],"replies":[{"embeddable":true,"href":"https:\/\/www.elenacabrera.com\/weblog3\/wp-json\/wp\/v2\/comments?post=200622"}],"version-history":[{"count":0,"href":"https:\/\/www.elenacabrera.com\/weblog3\/wp-json\/wp\/v2\/posts\/200622\/revisions"}],"wp:attachment":[{"href":"https:\/\/www.elenacabrera.com\/weblog3\/wp-json\/wp\/v2\/media?parent=200622"}],"wp:term":[{"taxonomy":"category","embeddable":true,"href":"https:\/\/www.elenacabrera.com\/weblog3\/wp-json\/wp\/v2\/categories?post=200622"},{"taxonomy":"post_tag","embeddable":true,"href":"https:\/\/www.elenacabrera.com\/weblog3\/wp-json\/wp\/v2\/tags?post=200622"}],"curies":[{"name":"wp","href":"https:\/\/api.w.org\/{rel}","templated":true}]}}