{"id":200651,"date":"2009-03-12T12:54:18","date_gmt":"2009-03-12T11:54:18","guid":{"rendered":""},"modified":"2019-05-24T14:03:01","modified_gmt":"2019-05-24T12:03:01","slug":"nuestro-beriain","status":"publish","type":"post","link":"https:\/\/www.elenacabrera.com\/weblog3\/2009\/03\/12\/nuestro-beriain\/","title":{"rendered":"Nuestro Beriain"},"content":{"rendered":"<p><img loading=\"lazy\" decoding=\"async\" class=\"alignleft\" title=\"Beriain\" src=\"http:\/\/www.aragonpress.com\/pages\/notic\/shImgPequeNatural.asp?notid=218962\" alt=\"\" width=\"180\" height=\"120\">Una, que tiene tan poco apego a la propiedad intelectual, se queda tan pancha cuando coloca un posesivo delante de David Beriain. \u00c9l fue bandera de ADN.es y todo un maestro como compa\u00f1ero y corresponsal de guerra. Adem\u00e1s de un encanto de navarro.<\/p>\n<p><a href=\"http:\/\/www.adn.es\/blog\/en_pie_de_guerra\/\">Aqu\u00ed, su blog En pie de guerra<\/a>.<\/p>\n<p>Hace un rato David <a href=\"http:\/\/www.aragondigital.es\/coberturas\/X_congresoperiodismo\/shnot.asp?notid=218976\">ha recibido el premio Jos\u00e9 Manuel Porquet<\/a> del Congreso de Periodismo Digital de Huesca (6.000 euros para compensar -algo- el poco dinero que sacaba de ADN.es con sus reportajes) y <a href=\"http:\/\/twitter.com\/gentedeinternet\/status\/1315561600\">se lo ha dedicado a ADN.es<\/a> (tambi\u00e9n <a href=\"http:\/\/twitter.com\/SergioRS\/status\/1315556800\">lo dice @SergioRS<\/a>) (\u00a1VIVA!), aunque no estoy all\u00ed, hay m\u00faltiples fuentes por las que ir enter\u00e1ndose de lo que sucede (como <a href=\"http:\/\/www.aragondigital.es\/coberturas\/X_congresoperiodismo\/default.asp\">Arag\u00f3n Digital<\/a>, <a href=\"http:\/\/www.comunicacionav.es\/\">Comunicaci\u00f3n AV<\/a>, <a href=\"http:\/\/periodijimos.blogspot.com\/\">Periodijimos<\/a> o los Twitters de <a href=\"http:\/\/twitter.com\/gentedeinternet\">@gentedeinternet<\/a>, <a href=\"http:\/\/twitter.com\/Periodijimos\">@periodijimos<\/a>, <a href=\"http:\/\/twitter.com\/comunicacionav\">@comunicacionav<\/a>, <a href=\"http:\/\/twitter.com\/borjaechevarria\">@borjaechevarria<\/a>, <a href=\"http:\/\/twitter.com\/SergioRS\">@SergioRS<\/a>, <a href=\"http:\/\/twitter.com\/congresohuesca\">@congresohuesca<\/a>), <span style=\"text-decoration: underline;\">aunque est\u00e9n sufriendo de la falta de una conexi\u00f3n decente a Internet<\/span>.<\/p>\n<p>Ha dicho que todos los reportajes que hizo para ADN.es (Colombia, Irak, Afganist\u00e1n&#8230;) es m\u00e1s barato que el sueldo bruto medio de un redactor de un peri\u00f3dico nacional que no levante su culo del asiento, sin moverse de la redacci\u00f3n. Y con ese dinero se ha pagado su sueldo completo y la mitad del de Sergio.<\/p>\n<p><img loading=\"lazy\" decoding=\"async\" class=\"alignleft\" title=\"Beriain recoge premio. Foto de Aragon Digital\" src=\"http:\/\/www.aragonpress.com\/pages\/notic\/shImgPequeNatural.asp?notid=218976\" alt=\"\" width=\"180\" height=\"120\"><a href=\"http:\/\/www.comunicacionav.es\/2009\/03\/12\/david-beriain-antepone-la-felicidad-que-genera-su-trabajo-al-sueldo\/\">Clip de Audio de Comunicaci\u00f3n AV<\/a>: \u00abYo trabajaba en ADN.es hasta que se extingui\u00f3, porque est\u00e1 extingui\u00f3, aunque ve\u00e1is la p\u00e1gina- y yo era un contratista del peri\u00f3dico, cobraba un dinero al a\u00f1o que se prorrateaba en meses y salario y de ah\u00ed yo ten\u00eda que gastar y vivir, depend\u00eda de m\u00ed cu\u00e1nto iba a gastar, con ese dinero era y es duficiente par ahacer las historias y ganar un dinero razonable y haciendo las historias ganando dinero, porque en lo que yo nunca escatimo es en producci\u00f3n de las historias. Fuimos a Afganist\u00e1n y nos dejamos un buen dinero no tanto en vivir en el hotel sino en pagar a la gente que nos pod\u00eda llevar a los sitios, en construir una red de afganos que trabaja y sigue trabajando para m\u00ed, yo les mantengo de mi bolsillo, tenemos, a\u00fan ahora, 5 c\u00e1maras en grupos talibanes, nos siguen llegando las cintas (&#8230;) no ganamos lo que gana un periodista de Madrid, pero yo soy m\u00e1s feliz\u00bb.<\/p>\n<p>Y aqu\u00ed la <a href=\"http:\/\/www.aragondigital.es\/coberturas\/X_congresoperiodismo\/snd_2.asp?notid=218967\">conferencia completa en audio<\/a> para escuchar y descargar (Arag\u00f3n Digital). Ten\u00e9is que escucharla, de verdad.<\/p>\n<p><object data=\"http:\/\/www.youtube.com\/v\/aI3P9-e-TKA&amp;hl=es&amp;fs=1\" type=\"application\/x-shockwave-flash\" width=\"425\" height=\"344\"><param name=\"allowFullScreen\" value=\"true\"><param name=\"allowscriptaccess\" value=\"always\"><param name=\"src\" value=\"http:\/\/www.youtube.com\/v\/aI3P9-e-TKA&amp;hl=es&amp;fs=1\"><param name=\"allowfullscreen\" value=\"true\"><\/object><br \/>\n<a href=\"http:\/\/www.comunicacionav.es\/2009\/03\/12\/david-beriain-destaca-la-importancia-de-las-historias-a-pesar-de-los-avances-tecnologicos\/\">V\u00eddeo de Comunicaci\u00f3n AV.<\/a><\/p>\n<p>El periodista empresa seg\u00fan David Beriain (<a href=\"http:\/\/periodijimos.blogspot.com\/2009\/03\/el-periodista-empresa-segun-david.html\">en periodijimos<\/a>):<\/p>\n<blockquote>\n<p style=\"text-align: left;\"><img loading=\"lazy\" decoding=\"async\" class=\"alignleft\" title=\"Mesa redonda: Ander Izaguirre, David Beriain y Sergio Caro \" src=\"http:\/\/3.bp.blogspot.com\/_v70WB0PAPjA\/Sbj3oL3Q1jI\/AAAAAAAAAGo\/jVQuWqH71io\/s400\/P1010006.JPG\" alt=\"\" width=\"400\" height=\"300\"><span style=\"font-weight: bold;\">Moderador<\/span>: Es la segunda vez que David Beriain viene a este Congreso. Empez\u00f3 con un cuaderno de bit\u00e1cora, y al final tuvo m\u00e1s \u00e9xito el blog que lo que publicaban por televisi\u00f3n. Est\u00e1 muy vinculado a dos temas; poder contar \u00e9l mismo las historias y tener quien se las comprara y buscar historias que pudieran ser compartidas por terceros. Elige zonas l\u00edmite, zonas de conflicto. \u00bfC\u00f3mo conviertes en un empleo tu trabajo?<\/p>\n<p><span style=\"font-weight: bold;\"><br \/>\nDavid Beriain<\/span><br \/>\n\u201cEs m\u00e1s dif\u00edcil encontrar historias grandes en cosas peque\u00f1as, no como yo que necesito que me explote algo al lado para darme cuenta\u201d. El blog lo comenz\u00f3 porque los formatos period\u00edsticos que estaban a su alcance no lograban satisfacer sus necesidades para contar aquello que ten\u00eda que contar que, como \u00e9l afirma, \u201cno lograban llegar a las vidas\u201d. Se trata de un trabajo que no se puede realizar en una redacci\u00f3n.<\/p>\n<p>En sus primeros viajes, desde 2002 cuando viaj\u00f3 a Afganist\u00e1n, realiz\u00f3 cr\u00f3nicas \u201cal m\u00e1s puro estilo de papel\u201d. Pero cuando regres\u00f3 a su tierra percibi\u00f3 que las cr\u00f3nicas que hab\u00eda escrito no hab\u00edan llegado a la gente, no conoc\u00edan c\u00f3mo era aquello. \u201cDamos tantas cosas por supuestas, vamos tan all\u00e1 que no conseguimos que nuestros lectores se hagan un dibujo para ver qu\u00e9 es lo que pasa, c\u00f3mo y qu\u00e9 es la realidad. Por eso, decid\u00ed escribir un diario para escribir las cosas que no me caben en papel\u201d.<\/p>\n<p>David Beriain confiesa que sent\u00eda que aquello que hac\u00eda no era suficiente y no alcanzaba para realizar su trabajo como \u00e9l deseaba. Como Ander, Beriain reafirma que se necesita compartir m\u00e1s tiempo con la gente para poder contar sus historias, \u201csent\u00eda que siempre llegaba demasiado tarde y me iba demasiado pronto, y saltaba de una a otra sin haber cerrado\u201d. Sus historias estaban ligadas al breaking news, y eso hac\u00eda que murieran antes. Es dif\u00edcil acertar con la historia que contar, y Beriain nos cuenta que en la guerra hay muchas historias que contar, pero eso no significa que estemos contando la que tengamos que contar. \u201cSiempre me quedaba con las ganas\u201d, remarca el reportero.<\/p>\n<p>\u201cCada vez hay menos sitio para esa estirpe de noticias q son los cazadores de noticias. Entre quienes cazan y quienes cocinan las historias, los cazadores se estaban extinguiendo. Y esta profesi\u00f3n tiene m\u00e1s que ver con los cazadores, contar una historia que la gente no sepa, que la gente quiera saber\u201d.<\/p>\n<p>Beriain quer\u00eda acercarse m\u00e1s a la gente para la que cuenta, relacionarse no s\u00f3lo con el mundo period\u00edstico de las redacciones y salir para estar en contacto con \u201cla gente que no sabe lo que es una pir\u00e1mide invertida\u201d. Uno de sus mayores problemas es el que se conoce como el s\u00edndrome de reentrada, que aparece con la vuelta a la normalidad cuando regresan de los conflictos a la redacci\u00f3n.<\/p>\n<p>Su soluci\u00f3n: \u201cMe ten\u00eda que ir. No quer\u00eda ser un freelance, no quer\u00eda tener la sensaci\u00f3n de que mi naturaleza de mercenario llegara a ese punto\u201d. Ante los t\u00f3picos, el periodista reconoce que con frecuencia el reportero sabe m\u00e1s sobre la historia que tiene que hacer que el editor.<\/p>\n<p>\u201cInternet, nos sirve ahora a los cazadores para hacer el trabajo que hicieron antes nuestros abuelos. Hay que buscar la forma de que la tecnolog\u00eda no s\u00f3lo nos sirva para contar m\u00e1s cosas, sino para contarlas mejor, para mostrar en lugar de contar\u201d.<\/p><\/blockquote>\n<p><a href=\"http:\/\/www.aragondigital.es\/coberturas\/X_congresoperiodismo\/shnot.asp?notid=219004\">Entrevista con David en Arag\u00f3n Digital<\/a>:<\/p>\n<blockquote>\n<p class=\"clsNottxt\"><img loading=\"lazy\" decoding=\"async\" class=\"alignleft\" title=\"Arag\u00f3n Digital\" src=\"http:\/\/www.aragonpress.com\/pages\/notic\/shImgPequeNatural.asp?notid=219004\" alt=\"\" width=\"180\" height=\"134\">Huesca.- Ha revolucionado el periodismo comunicando desde Colombia o desde Irak. David Beriain (Artajona, Navarra, 1977) lleg\u00f3 a los blogs y a la comunicaci\u00f3n online por su af\u00e1n de encontrar un m\u00e9todo para comunicar \u201csus noticias\u201d. Cansado del periodismo de redacci\u00f3n, que respeta pero detesta, utiliz\u00f3 el multimedia para \u201cdar al p\u00fablico las noticias que quieren\u201d.<\/p>\n<p>Pide tranquilidad y paciencia para poder encontrar la realidad que transmitir a la gente, para la que apuesta por meterse en la realidad, por \u201ccazar las noticias\u201d y no mirarlas \u201cdesde \u00e9lites period\u00edsticas\u201d. Apuesta por la comuni\u00f3n de ambos periodismos en el futuro, \u201csiempre que sean de los buenos\u201d. Ha ganado el premio \u201cJos\u00e9 Manuel Porquet\u201d del X Congreso de Periodismo Digital de Huesca, y lo ha dedicado a los colegas que apostaron por su forma de entender la comunicaci\u00f3n. Su figura y carisma y, sobre todo, su forma de transmitir la realidad, se seguir\u00e1 consultando seguro por Internet.<\/p>\n<p>PREGUNTA.- Felicidades, un reconocimiento importante&#8230;<br \/>\nRESPUESTA.- Desde luego, el reconocimiento hace ilusi\u00f3n, porque son los compa\u00f1eros de trabajo quienes se acuerdan de uno pero, sobre todo, <span style=\"text-decoration: underline;\">tambi\u00e9n quisiera pensar que es un reconocimiento a la trayectoria de un medio como fue ADN.es, que lamentablemente se ha extinguido<\/span>. <span style=\"text-decoration: underline;\">Un homenaje a mis compa\u00f1eros, a la gente que se dej\u00f3 la piel en el proyecto y que hizo un periodismo en Internet real, de verdad, comprometido con la realidad, con los trabajos sobre el terreno, un periodismo a tumba abierta<\/span>.<\/p>\n<p>P.- Un reconocimiento que se le ha entregado por su manera de entender el periodismo.<br \/>\nR.- El periodismo siempre es periodismo. No hay periodismo de redacci\u00f3n y periodismo de calle, s\u00f3lo hay periodismo. Buen periodismo y mal periodismo. Estamos en un momento complicado, porque en la profesi\u00f3n se est\u00e1 ponderando demasiado la cantidad sobre la calidad, se est\u00e1n ponderando demasiado cosas que no tienen que ver con la mejor tradici\u00f3n de la que somos herederos, aquella que nos lleva a ir a los sitios, ya sea a la guerra o a la panader\u00eda, para ser testigos, escuchar, contar. De alguna manera, el periodismo es el privilegio de compartir con la gente su vida y ser cronista de ella.<\/p>\n<p>P.- Con 31 a\u00f1os, ha podido conocer la realidad de muchos pa\u00edses&#8230;<br \/>\nR.- Tuve la suerte de empezar temprano. La primera vez que me mov\u00ed de Espa\u00f1a ten\u00eda 24 a\u00f1os y llevo m\u00e1s de siete a\u00f1os viajando. Me considero un privilegiado porque he podido vivir de lo que me gusta y he recorrido mundo, no tanto como el que me gustar\u00eda, no obstante. Pero, m\u00e1s que recorrer mundo, lo que me interesa es ir a ciertos sitios y pasar el tiempo suficiente como para entenderlos.<\/p>\n<p>P.- Y aqu\u00ed entran las posibilidades que le ha otorgado Internet y los nuevos medios de interacci\u00f3n que ha utilizado.<br \/>\nR.- Internet ha sido un instrumento que me ayuda a contar las historias que quiero con una tridimensionalidad mayor que la del papel, con m\u00e1s vida, perduran m\u00e1s por la naturaleza del medio, no se extinguen en el d\u00eda. Su lenguaje nos permite no solo contar, sino mostrar, retratar, escuchar, atender a m\u00e1s sentidos. Adem\u00e1s, tambi\u00e9n podemos contar aquello que no es grabado. Es un lenguaje muy completo que creo que en el futuro, y tambi\u00e9n en el presente, va a ayudar a los reporteros a reivindicar la mejor tradici\u00f3n de este oficio.<\/p>\n<p>P.- ADN.es ha cerrado, pero su blog todav\u00eda se puede consultar. \u00bfEn qu\u00e9 estado est\u00e1?<br \/>\nR.- Est\u00e1 colgado pero no se actualiza. Es un privilegio que la gente entre, vea, reflexione, comente. Desde luego, me ha sorprendido much\u00edsimo el efecto que ha creado en los \u00e1mbitos de reflexi\u00f3n. A veces, los comentarios en Internet entran en descalificaciones personales, pero aqu\u00ed hemos podido disfrutar de comentarios de valor, y me siento gozoso de haber respondido cuando he podido a casi todos los comentarios. A veces, hasta me he tomado ca\u00f1as con la gente, sobre todo con los que me criticaban&#8230; Uno siempre intenta convencer. La verdad es que es una cosa fant\u00e1stica, sobre todo para alguien que ven\u00eda del papel tradicional donde el feedback, la respuesta del lector, no era tan grande.<\/p>\n<p>P.- \u00bfEste nuevo formato es el que se impondr\u00e1, o el papel seguir\u00e1 vivo?<br \/>\nR.- Yo creo que hay sitio para todo, pero sobre todo para el periodismo, en el medio que sea, pero para el periodismo de verdad.<\/p>\n<p>P.- \u00bfNos adelanta su futuro?<br \/>\nR.- Nos estamos dejando querer a ver cu\u00e1l es la novia period\u00edstica que m\u00e1s nos quiere. Tengo algunos proyectos hablados pero vamos a dejar que las cosas que se definan&#8230;<\/p>\n<p class=\"clspeque\" align=\"left\"><span style=\"color: #666666;\">(D. S. I.) <\/span><\/p>\n<\/blockquote>\n<p>All\u00ed tambi\u00e9n est\u00e1 el impresionante fot\u00f3grafo <a href=\"http:\/\/www.sergiocaro.com\">Sergio Caro<\/a>, que le acompa\u00f1\u00f3 a Afganist\u00e1n (<a href=\"http:\/\/periodijimos.blogspot.com\/2009\/03\/el-periodista-empresa-segun-sergio-caro.html\">tambi\u00e9n en periodijimos<\/a>):<\/p>\n<blockquote><p><span style=\"font-weight: bold;\">Moderador<\/span>: Sergio Caro ha buscado apoyarse en las fotograf\u00edas para contar historias.<\/p>\n<p><span style=\"font-weight: bold;\">Sergio Caro<\/span><br \/>\n\u201cSi eleg\u00ed este camino fue porque siempre he vivido las historias de forma que intentaba contarlas enteras, y el peri\u00f3dico no me permit\u00eda eso\u201d. As\u00ed es c\u00f3mo comenz\u00f3 a buscar una forma que le permitiera hacerlo. No es periodista, y es por eso que siempre ha intentado ayudar a los periodistas a que las cuenten mejor. Critica tambi\u00e9n que lo importante de las fotos son los detalles que se cuentan en ellas, y sin embargo el peri\u00f3dico descarta muchas fotograf\u00edas en las que se escapan detalles importantes que hacen la historia.<\/p>\n<p>\u201cEs buscar el poder de cada cosa, el poder del video, del audio, de la infograf\u00eda, para poder contar la historia mejor. Averiguar c\u00f3mo poner todas las herramientas de la tecnolog\u00eda al servicio de la historia\u201d.<\/p><\/blockquote>\n<p>M\u00e1s <a href=\"http:\/\/www.aragondigital.es\/coberturas\/X_congresoperiodismo\/shnot.asp?notid=218963\">sobre Sergio Caro en Arag\u00f3n Digital<\/a>:<\/p>\n<blockquote><p>Huesca.- Internet permite engrandecer las historias y plasmar el poder del video, del audio, de la infograf\u00eda y de la foto para contar mejor la noticia. De esta forma, el fot\u00f3grafo Sergio Caro ha explicado, durante su participaci\u00f3n en la mesa redonda \u201cEl periodista empresa\u201d, c\u00f3mo la llegada de Internet ha cambiado la concepci\u00f3n del periodismo, permitiendo mostrar todos los detalles de historias que en otros soportes tradicionales pasar\u00edan desapercibidas o simplemente no tendr\u00edan cabida. Es decir, \u201cla tecnolog\u00eda al servicio de la historia\u201d, seg\u00fan Caro.<\/p>\n<p>Durante su andadura profesional, el fot\u00f3grafo ha detallado que siempre ha intentado ayudar a los periodistas para que contaran su historia mejor y aportar informaci\u00f3n y emoci\u00f3n a trav\u00e9s de sus fotos.<\/p>\n<p>Caro ha recordado que cuando uno \u201cva a publicar un reportaje en un dominical, s\u00f3lo suelen sacar 10 \u00f3 15 fotos y se escapaban muchas fotos con detalles muy importantes\u201d.<\/p>\n<p>Fue entonces cuando surgi\u00f3 la idea de hacer \u00abun soporte multimedia en el que cupiera todo: video, foto, audio o infograf\u00eda con el periodista David Beriain\u201d.<\/p>\n<p>En el mismo sentido, se manifestaba el moderador de la mesa redonda, Jaime Armengol quien se ha referido a Internet como un \u201cmedio muy especializado que puede tener muchos contenedores. Permite ahondar y agrandar historias y permite nuevos formatos y nuevos historias\u201d.<\/p><\/blockquote>\n<p><img decoding=\"async\" src=\"http:\/\/1.bp.blogspot.com\/_YGmJ3xDfDC8\/Sbjk7CHCogI\/AAAAAAAAAzE\/NwRJJVK70EM\/s400\/stes+004.jpg\"><br \/>\nCaricatura publicada <a href=\"http:\/\/holasoydanigarcianieto.blogspot.com\/2009\/03\/merecido-premio-jose-manuel-porquet.html\">en el blog de El Dani<\/a>.<\/p>\n","protected":false},"excerpt":{"rendered":"<p>Una, que tiene tan poco apego a la propiedad intelectual, se queda tan pancha cuando coloca un posesivo delante de David Beriain. \u00c9l fue bandera de ADN.es y todo un maestro como compa\u00f1ero y corresponsal de guerra. Adem\u00e1s de un encanto de navarro. Aqu\u00ed, su blog En pie de guerra. Hace un rato David ha [&hellip;]<\/p>\n","protected":false},"author":1,"featured_media":0,"comment_status":"open","ping_status":"open","sticky":false,"template":"","format":"standard","meta":{"footnotes":""},"categories":[2],"tags":[],"class_list":["post-200651","post","type-post","status-publish","format-standard","hentry","category-twentytwentyfive"],"_links":{"self":[{"href":"https:\/\/www.elenacabrera.com\/weblog3\/wp-json\/wp\/v2\/posts\/200651","targetHints":{"allow":["GET"]}}],"collection":[{"href":"https:\/\/www.elenacabrera.com\/weblog3\/wp-json\/wp\/v2\/posts"}],"about":[{"href":"https:\/\/www.elenacabrera.com\/weblog3\/wp-json\/wp\/v2\/types\/post"}],"author":[{"embeddable":true,"href":"https:\/\/www.elenacabrera.com\/weblog3\/wp-json\/wp\/v2\/users\/1"}],"replies":[{"embeddable":true,"href":"https:\/\/www.elenacabrera.com\/weblog3\/wp-json\/wp\/v2\/comments?post=200651"}],"version-history":[{"count":1,"href":"https:\/\/www.elenacabrera.com\/weblog3\/wp-json\/wp\/v2\/posts\/200651\/revisions"}],"predecessor-version":[{"id":2002002638,"href":"https:\/\/www.elenacabrera.com\/weblog3\/wp-json\/wp\/v2\/posts\/200651\/revisions\/2002002638"}],"wp:attachment":[{"href":"https:\/\/www.elenacabrera.com\/weblog3\/wp-json\/wp\/v2\/media?parent=200651"}],"wp:term":[{"taxonomy":"category","embeddable":true,"href":"https:\/\/www.elenacabrera.com\/weblog3\/wp-json\/wp\/v2\/categories?post=200651"},{"taxonomy":"post_tag","embeddable":true,"href":"https:\/\/www.elenacabrera.com\/weblog3\/wp-json\/wp\/v2\/tags?post=200651"}],"curies":[{"name":"wp","href":"https:\/\/api.w.org\/{rel}","templated":true}]}}