{"id":200671,"date":"2009-03-12T19:30:43","date_gmt":"2009-03-12T18:30:43","guid":{"rendered":"http:\/\/www.elenacabrera.com\/weblog\/?p=671"},"modified":"2009-03-12T20:48:13","modified_gmt":"2009-03-12T19:48:13","slug":"como-enterarte-de-que-se-dice-en-huesca","status":"publish","type":"post","link":"https:\/\/www.elenacabrera.com\/weblog3\/2009\/03\/12\/como-enterarte-de-que-se-dice-en-huesca\/","title":{"rendered":"C\u00f3mo enterarte de qu\u00e9 se dice en Huesca"},"content":{"rendered":"<p>Es probable que las cosas m\u00e1s interesantes que se comenten en el Congreso de Periodismo Digital de Huesca sucedan en las comidas, en las cenas, en las borracheras, y no en las conferencias. De todas formas y con el deseo de que alg\u00fan asistente filtre por su Twitter algo de pasillos, adem\u00e1s de lo oficialista, hay unos canales a seguir si se quiere estar m\u00e1s o menos enterado de lo que se est\u00e1 hablando. (Que yo he seguido para <a href=\"http:\/\/www.elenacabrera.com\/weblog\/nuestro-beriain\/\">el post anterior sobre David Beriain<\/a>).<\/p>\n<p>Por falta de previsi\u00f3n o desinter\u00e9s\u00a0 de la organizaci\u00f3n -no lo s\u00e9- todos los que han ido con \u00e1nimo de cubrir el simposio en tiempo real (<a href=\"http:\/\/periodijimos.blogspot.com\/2009\/03\/durante-el-descanso.html\">sobre todo muchos estudiantes, por una convocatoria-concurso de blogs<\/a> de El Heraldo de Arag\u00f3n) y que depend\u00edan de la conexi\u00f3n wifi del Palacio de Congresos la est\u00e1n pasando canutas para conectarse. Hay que tenerlo en cuenta si despu\u00e9s de unos cuantos F5 nada cambia.<\/p>\n<p>Una buena opci\u00f3n es hacerse una <a href=\"http:\/\/bit.ly\/3b9088\">pesta\u00f1a de Netvibes <\/a>(por ejemplo) con todos los feeds y as\u00ed no tener que estar recargando. <span style=\"color: #808000;\"><strong><a href=\"http:\/\/bit.ly\/3b9088\">Yo he puesto la m\u00eda p\u00fablica<\/a>, para que aquel que le interese hacer esto no tenga que ponerse a reunirlos.<\/strong><\/span><\/p>\n<p><span style=\"color: #800000;\"><span style=\"text-decoration: underline;\">Para ser el m\u00e1s r\u00e1pido:<\/span><\/span><\/p>\n<p>Hazte amigo en Twitter de <a href=\"http:\/\/twitter.com\/gentedeinternet\">@gentedeinternet<\/a>, <a href=\"http:\/\/twitter.com\/Periodijimos\">@periodijimos<\/a>, <a href=\"http:\/\/twitter.com\/comunicacionav\">@comunicacionav<\/a>, <a href=\"http:\/\/twitter.com\/borjaechevarria\">@borjaechevarria<\/a>, <a href=\"http:\/\/twitter.com\/SergioRS\">@SergioRS<\/a> y <a href=\"http:\/\/twitter.com\/congresohuesca\">@congresohuesca<\/a> y haz todo el rato F5 de <a href=\"http:\/\/twitter.com\/home\">tu home.<\/a><\/p>\n<p>Aunque deber\u00eda ser una buena opci\u00f3n, casi nadie est\u00e1 usando la palabra clave #congresohuesca en sus twitts, pero ser\u00eda lo suyo.<\/p>\n<p><span style=\"color: #800000;\"><span style=\"text-decoration: underline;\">Para verles las caras:<\/span><\/span><\/p>\n<p>V\u00eddeos muy cortos pero subidos con mucha celeridad en el <a href=\"http:\/\/www.youtube.com\/watch?v=2-xVouAcKg0\">canal de YouTube de Comunicaci\u00f3n AV<\/a>. Tambi\u00e9n fotos y cortes de audio <a href=\"http:\/\/www.comunicacionav.es\/\">en su p\u00e1gina<\/a>.<\/p>\n<p>Las caricaturas r\u00e1pidas, como si se tratara de un juicio sin c\u00e1maras, <a href=\"http:\/\/holasoydanigarcianieto.blogspot.com\/\">en el blog de El Dani<\/a>.<\/p>\n<p>Retratos posados <a href=\"http:\/\/cphuesca.wordpress.com\/fotos-de-los-ponentes\/\">en El mejor blog NO oficial del Congreso de Periodismo Digital de Huesca<\/a> (no s\u00e9 porqu\u00e9, s\u00f3lo se ven las miniaturas).<\/p>\n<p><span style=\"color: #800000;\"><span style=\"text-decoration: underline;\">Para comprender de qu\u00e9 van:<\/span><\/span><\/p>\n<p>Nada mejor que extender los tuiteos con los avances escritos -casi dir\u00eda transcritos, al dictado- y realmente r\u00e1pido <a href=\"http:\/\/periodijimos.blogspot.com\/\">en el blog Periodijimos<\/a>. Tambi\u00e9n podemos leer res\u00famenes despu\u00e9s de cada conferencia en webs como <a href=\"http:\/\/zaragozame.com\/medios\/category\/congreso-periodismo-digital-de-huesca\/\">Zarag\u00f3zame<\/a> (van algo tarde y textos muy cortos), <a href=\"http:\/\/periodismodigitalytal.wordpress.com\/\">Periodismo digital y tal<\/a> (res\u00famenes serios y de buen tama\u00f1o), en <a href=\"http:\/\/cphuesca.wordpress.com\/\">El mejor blog NO oficial del Congreso de Periodismo Digital de Huesca<\/a> (est\u00e1 bien porque usan un tono menos urgente e incluyen chascarrillos). Los medios digitales de informaci\u00f3n tambi\u00e9n est\u00e1n ah\u00ed, claro, como Sergio Rodr\u00edguez para <a href=\"http:\/\/www.elmundo.es\/elmundo\/blogs\/catalejo\/index.html\">el blog El Catalejo de El Mundo<\/a> a buen ritmo y Leandro P\u00e9rez Miguel (<a href=\"http:\/\/www.gentedigital.es\/blogs\/gentedeinternet\/\">Gente de Internet<\/a>) reporteando para 233grados (bueno, proyecto de medio digital a\u00fan) a ritmo m\u00e1s bien lento.<\/p>\n<p><span style=\"color: #800000;\"><span style=\"text-decoration: underline;\">Para enterarte de verdad de lo que se dice:<\/span><\/span><\/p>\n<p>Nada mejor que escuchar las ponencias \u00edntegras, aproximadamente una hora despu\u00e9s de su finalizaci\u00f3n, en <a href=\"http:\/\/www.aragondigital.es\/coberturas\/X_congresoperiodismo\/podcast.asp\">la p\u00e1gina de la cobertura del Congreso de Arag\u00f3n Digital<\/a>. Ojo, que la web se cae cada dos por tres. Lo que no entiendo es porqu\u00e9 lo llaman podcast si no es suscribible (explicaciones: o yo no encuentro el RSS o a podcast llaman cualquier audio en Internet). Lo que s\u00ed es un podcast es <a href=\"http:\/\/pberraondo.blip.tv\/posts?view=archive&amp;nsfw=dc\">este<\/a> con <a href=\"http:\/\/pberraondo.blip.tv\/rss\">este RSS<\/a> (Gracias, Gelado).<\/p>\n","protected":false},"excerpt":{"rendered":"<p>Es probable que las cosas m\u00e1s interesantes que se comenten en el Congreso de Periodismo Digital de Huesca sucedan en las comidas, en las cenas, en las borracheras, y no en las conferencias. De todas formas y con el deseo de que alg\u00fan asistente filtre por su Twitter algo de pasillos, adem\u00e1s de lo oficialista, [&hellip;]<\/p>\n","protected":false},"author":1,"featured_media":0,"comment_status":"open","ping_status":"open","sticky":false,"template":"","format":"standard","meta":{"footnotes":""},"categories":[],"tags":[],"class_list":["post-200671","post","type-post","status-publish","format-standard","hentry"],"_links":{"self":[{"href":"https:\/\/www.elenacabrera.com\/weblog3\/wp-json\/wp\/v2\/posts\/200671","targetHints":{"allow":["GET"]}}],"collection":[{"href":"https:\/\/www.elenacabrera.com\/weblog3\/wp-json\/wp\/v2\/posts"}],"about":[{"href":"https:\/\/www.elenacabrera.com\/weblog3\/wp-json\/wp\/v2\/types\/post"}],"author":[{"embeddable":true,"href":"https:\/\/www.elenacabrera.com\/weblog3\/wp-json\/wp\/v2\/users\/1"}],"replies":[{"embeddable":true,"href":"https:\/\/www.elenacabrera.com\/weblog3\/wp-json\/wp\/v2\/comments?post=200671"}],"version-history":[{"count":0,"href":"https:\/\/www.elenacabrera.com\/weblog3\/wp-json\/wp\/v2\/posts\/200671\/revisions"}],"wp:attachment":[{"href":"https:\/\/www.elenacabrera.com\/weblog3\/wp-json\/wp\/v2\/media?parent=200671"}],"wp:term":[{"taxonomy":"category","embeddable":true,"href":"https:\/\/www.elenacabrera.com\/weblog3\/wp-json\/wp\/v2\/categories?post=200671"},{"taxonomy":"post_tag","embeddable":true,"href":"https:\/\/www.elenacabrera.com\/weblog3\/wp-json\/wp\/v2\/tags?post=200671"}],"curies":[{"name":"wp","href":"https:\/\/api.w.org\/{rel}","templated":true}]}}