{"id":200685,"date":"2009-03-13T11:06:38","date_gmt":"2009-03-13T09:06:38","guid":{"rendered":""},"modified":"2019-05-24T14:03:46","modified_gmt":"2019-05-24T12:03:46","slug":"1858-periodistas-despedidos","status":"publish","type":"post","link":"https:\/\/www.elenacabrera.com\/weblog3\/2009\/03\/13\/1858-periodistas-despedidos\/","title":{"rendered":"1.858"},"content":{"rendered":"<p><span style=\"color: #ff0000;\"><strong>1.858 trabajadores de medios de comunicaci\u00f3n<\/strong><\/span>, m\u00e1s los 238 previstos en el ERE de ABC, han sido despedidos entre junio de 2008 y febrero de 2009, <a href=\"http:\/\/www.soitu.es\/soitu\/2009\/03\/12\/info\/1236881669_168856.html\">seg\u00fan el \u00abObservatorio de la crisis\u00bb creado por la FAPE<\/a> cuyos primeros apuntes profesionales ya nos ense\u00f1\u00f3 el Presidente de la Asociaci\u00f3n de Madrid, Fernando Gonz\u00e1lez Urbaneja, el d\u00eda de la concentraci\u00f3n de periodistas en las que ADN.es cre\u00f3 m\u00e1s ruido que nadie.<\/p>\n<p>Es bueno ver como la Asociaci\u00f3n admite entre los profesionales que han perdido su trabajo en ADN.es a dos corresponsales de guerra (<a href=\"http:\/\/www.elenacabrera.com\/weblog\/nuestro-beriain\/\">David Beriain y Sergio Caro<\/a>), que siempre estuvieron excluidos en las negociaciones con la empresa y parec\u00eda, al ser colaboradores, que en realidad no exist\u00edan.<\/p>\n<p>21 medios han sido cerrados en este periodo. Todo lo dem\u00e1s son EREs, despidos y prejubilaciones.<\/p>\n<p>M\u00e1s all\u00e1 del n\u00famero, el observatorio aporta algunos datos, que son detalles, pero afectan mucho a mis compa\u00f1eros y escandalizan, por ejemplo que Telemadrid ha congelado los sueldos de sus trabajadores durante 2009; que la Agencia EFE ha suprimido las retribuciones fijas que percib\u00edan sus colaboradores; que los siete periodistas despedidos en Onda Madrid estaban contratados por obra, en alg\u00fan caso, desde hace 16 a\u00f1os; que Telecinco ha \u201cexternalizado\u201d todo su equipo de Meteorolog\u00eda, formado por cuatro personas (el caso Mario Picazo); que los ENG de Antena 3 dependen ahora de la empesa CBM en lugar de a cadena, el cierre de Bloomberg TV (a\u00fan sin despidos); que Unidad Editorial y ABC han extenalizado las plantas de producci\u00f3n; que en el ERE de la Gaceta de los Negocios se libraron de 5 trabajadores porque ten\u00edan contrato temporal y les bast\u00f3 con no renovarles; que en Motorpress Ib\u00e9rica y GPS (G+J) pactaron con sus respectivos comite?s de empresa una congelaci\u00f3n de sueldos durante 2009 y las plantillas tuvieron que acogerse a la jornada continua; que la reivsta mensual Isport que se repart\u00eda con el As deja de hacerse y que los trabajadores de el Unvierso de Madrid han sido despedidos sin indemnizaci\u00f3n. Estos, entre otros datos alarmantes.<\/p>\n<p>Pod\u00e9is <a href=\"http:\/\/www.apmadrid.es\/images\/home\/Observatorio_APM_9marz09.pdf\">descargar el PDF aqu\u00ed<\/a> y estudiarlo vosotros mismos.<\/p>\n<p><img loading=\"lazy\" decoding=\"async\" class=\"aligncenter\" title=\"periodistas despedidos\" src=\"http:\/\/farm4.static.flickr.com\/3366\/3279130032_d210ac77ea.jpg?v=0\" alt=\"\" width=\"500\" height=\"375\" \/><\/p>\n","protected":false},"excerpt":{"rendered":"<p>1.858 trabajadores de medios de comunicaci\u00f3n, m\u00e1s los 238 previstos en el ERE de ABC, han sido despedidos entre junio de 2008 y febrero de 2009, seg\u00fan el \u00abObservatorio de la crisis\u00bb creado por la FAPE cuyos primeros apuntes profesionales ya nos ense\u00f1\u00f3 el Presidente de la Asociaci\u00f3n de Madrid, Fernando Gonz\u00e1lez Urbaneja, el d\u00eda [&hellip;]<\/p>\n","protected":false},"author":1,"featured_media":0,"comment_status":"open","ping_status":"open","sticky":false,"template":"","format":"standard","meta":{"footnotes":""},"categories":[2],"tags":[],"class_list":["post-200685","post","type-post","status-publish","format-standard","hentry","category-twentytwentyfive"],"_links":{"self":[{"href":"https:\/\/www.elenacabrera.com\/weblog3\/wp-json\/wp\/v2\/posts\/200685","targetHints":{"allow":["GET"]}}],"collection":[{"href":"https:\/\/www.elenacabrera.com\/weblog3\/wp-json\/wp\/v2\/posts"}],"about":[{"href":"https:\/\/www.elenacabrera.com\/weblog3\/wp-json\/wp\/v2\/types\/post"}],"author":[{"embeddable":true,"href":"https:\/\/www.elenacabrera.com\/weblog3\/wp-json\/wp\/v2\/users\/1"}],"replies":[{"embeddable":true,"href":"https:\/\/www.elenacabrera.com\/weblog3\/wp-json\/wp\/v2\/comments?post=200685"}],"version-history":[{"count":3,"href":"https:\/\/www.elenacabrera.com\/weblog3\/wp-json\/wp\/v2\/posts\/200685\/revisions"}],"predecessor-version":[{"id":2002002018,"href":"https:\/\/www.elenacabrera.com\/weblog3\/wp-json\/wp\/v2\/posts\/200685\/revisions\/2002002018"}],"wp:attachment":[{"href":"https:\/\/www.elenacabrera.com\/weblog3\/wp-json\/wp\/v2\/media?parent=200685"}],"wp:term":[{"taxonomy":"category","embeddable":true,"href":"https:\/\/www.elenacabrera.com\/weblog3\/wp-json\/wp\/v2\/categories?post=200685"},{"taxonomy":"post_tag","embeddable":true,"href":"https:\/\/www.elenacabrera.com\/weblog3\/wp-json\/wp\/v2\/tags?post=200685"}],"curies":[{"name":"wp","href":"https:\/\/api.w.org\/{rel}","templated":true}]}}