{"id":200690,"date":"2009-03-21T09:24:30","date_gmt":"2009-03-21T07:24:30","guid":{"rendered":""},"modified":"2019-05-25T20:28:11","modified_gmt":"2019-05-25T18:28:11","slug":"a-la-conquista-del-descampado","status":"publish","type":"post","link":"https:\/\/www.elenacabrera.com\/weblog3\/2009\/03\/21\/a-la-conquista-del-descampado\/","title":{"rendered":"A la conquista del descampado"},"content":{"rendered":"<p><a href=\"http:\/\/www.lacharcadelarana.org\">La charca de la rana<\/a>, las monta\u00f1as o, sencillamente, el descampado, es un terreno sin urbanizar situado en el barrio de La Guindalera de Madrid, lindante con la reci\u00e9n construida Avenida Camilo Jos\u00e9 Cela y la calle Coraz\u00f3n de Mar\u00eda, muy cerca de la Avenida de Am\u00e9rica.<br \/>\nLos vecinos de Prosperidad y La Guindalera se est\u00e1n organizando para usar este espacio m\u00e1s all\u00e1 del footing o el paseo de los perros. El mercado de trueque que antes se hac\u00eda en la Plaza de Prosperidad encuentra aqu\u00ed una ubicaci\u00f3n perfecta, ya que contribuye a acercar a los vecinos en el contexto de un lugar reconquistado para el uso com\u00fan.<\/p>\n<p>En este, mi primer v\u00eddeo reportaje, asistimos al mercadillo en la soleada ma\u00f1ana del s\u00e1bado 14 de marzo, con una manta y algunas cosas para cambiar. Hablamos con Gonzalo Montero, de la asociaci\u00f3n <a href=\"http:\/\/www.lacharcadelarana.org\">La charca de la rana<\/a>, que coordina las actividades y presta el <a href=\"http:\/\/trueque.foroactivo.com\/\">foro<\/a> para el <a href=\"http:\/\/www.lacharcadelarana.org\/TruequeServicios.htm\">banco de tiempo o truque de servicios<\/a>. Los ni\u00f1os asisten a un peque\u00f1o taller para crear objetos \u00fatiles desde el reciclaje y todos nos re\u00edmos con un Charlot y un <a href=\"http:\/\/www.youtube.com\/watch?v=uJSuiZYCuX0\">n\u00famero de claqu\u00e9<\/a>. Ameniza la ma\u00f1ana una selecci\u00f3n de m\u00fasica de los a\u00f1os 20 que ayuda a recrear un ambiente felliniano que se impregna en la memoria con el solaz de lo m\u00edtico y eterno.<\/p>\n<p><object width=\"480\" height=\"385\" data=\"http:\/\/www.youtube.com\/v\/w4SklevKKJ4&amp;hl=es&amp;fs=1&amp;color1=0x234900&amp;color2=0x4e9e00\" type=\"application\/x-shockwave-flash\"><param name=\"allowFullScreen\" value=\"true\" \/><param name=\"allowscriptaccess\" value=\"always\" \/><param name=\"src\" value=\"http:\/\/www.youtube.com\/v\/w4SklevKKJ4&amp;hl=es&amp;fs=1&amp;color1=0x234900&amp;color2=0x4e9e00\" \/><param name=\"allowfullscreen\" value=\"true\" \/><\/object><\/p>\n<p style=\"text-align: center;\"><img decoding=\"async\" class=\"aligncenter\" src=\"http:\/\/www.lacharcadelarana.org\/Actividades\/20090314_Trueque\/20090314_Cartel.jpg\" alt=\"\" \/><\/p>\n<p style=\"text-align: center;\">El mercado, dice Gonzalo Montero, es en realidad una excusa. Lo importante es que se realicen actividades que re\u00fanan a los vecinos, que los saquen de sus casas y les den ideas:<br \/>\n<img loading=\"lazy\" decoding=\"async\" src=\"http:\/\/farm4.static.flickr.com\/3455\/3369515921_2fda8cf504_m.jpg\" alt=\"\" width=\"240\" height=\"180\" \/> <img loading=\"lazy\" decoding=\"async\" src=\"http:\/\/farm4.static.flickr.com\/3645\/3370329194_6bc2a90788.jpg\" alt=\"\" width=\"239\" height=\"179\" \/><\/p>\n<p style=\"text-align: center;\"><img loading=\"lazy\" decoding=\"async\" src=\"http:\/\/farm4.static.flickr.com\/3574\/3369505515_2c4a4c6099.jpg\" alt=\"\" width=\"240\" height=\"320\" \/> <img loading=\"lazy\" decoding=\"async\" src=\"http:\/\/farm4.static.flickr.com\/3625\/3370331942_1547da2dd2.jpg\" alt=\"\" width=\"240\" height=\"320\" \/><\/p>\n<p style=\"text-align: center;\"><img loading=\"lazy\" decoding=\"async\" src=\"http:\/\/farm4.static.flickr.com\/3581\/3369500375_64cdbd8656.jpg?v=0\" alt=\"\" width=\"240\" height=\"180\" \/> <img loading=\"lazy\" decoding=\"async\" src=\"http:\/\/farm4.static.flickr.com\/3569\/3369502297_5c45d2e6b9.jpg\" alt=\"\" width=\"240\" height=\"180\" \/><\/p>\n<p style=\"text-align: center;\"><img decoding=\"async\" src=\"http:\/\/farm4.static.flickr.com\/3565\/3369498363_7eece76d87.jpg?v=0\" alt=\"\" \/><\/p>\n<p style=\"text-align: center;\"><object width=\"425\" height=\"344\" data=\"http:\/\/www.youtube.com\/v\/uJSuiZYCuX0&amp;hl=es&amp;fs=1\" type=\"application\/x-shockwave-flash\"><param name=\"allowFullScreen\" value=\"true\" \/><param name=\"allowscriptaccess\" value=\"always\" \/><param name=\"src\" value=\"http:\/\/www.youtube.com\/v\/uJSuiZYCuX0&amp;hl=es&amp;fs=1\" \/><param name=\"allowfullscreen\" value=\"true\" \/><\/object><br \/>\n<em><a href=\"http:\/\/www.flickr.com\/photos\/60981369@N00\/\">Las fotos de las actuaciones y del mercado de truque<\/a> y el v\u00eddeo del claqu\u00e9 son de <a href=\"http:\/\/www.albertomonreal.com\">Alberto Monreal<\/a>.<\/em><\/p>\n<p>El descampado fue rajado hace unos a\u00f1os para trazar la Avenida Camilo Jos\u00e9 Cela, pero a\u00fan as\u00ed es grande. Para ayudar a ubicarlo en el v\u00eddeo he usado dos mapas que me modificado. Este lo encontr\u00e9 <a href=\"http:\/\/urbancidades.wordpress.com\/2007\/05\/31\/74\/\">en el estupendo blog Urbancidades<\/a>. Es del Ayuntamiento de Madrid y est\u00e1 fechado en 1929.<br \/>\nPara conseguir situar el descampado me gui\u00e9 gracias a <a href=\"http:\/\/www.microsiervos.com\/archivo\/fotografia\/fotos-antiguas-madrid.html\">este post de Alvy en Microsiervos<\/a>.<\/p>\n<p style=\"text-align: center;\"><a title=\"El charco de la rana (ubicaci\u00f3n) por elenac, en Flickr\" href=\"http:\/\/www.flickr.com\/photos\/elenac\/3370195613\/\"><img loading=\"lazy\" decoding=\"async\" class=\"aligncenter\" src=\"http:\/\/farm4.static.flickr.com\/3577\/3370195613_0708031cdb.jpg\" alt=\"El charco de la rana (ubicaci\u00f3n)\" width=\"500\" height=\"389\" \/><\/a><\/p>\n<p>Estas dos im\u00e1genes son capturas de la ortofoto que ofrece <a href=\"http:\/\/www-1.munimadrid.es\/guia\/visualizador\/login.do#\">el mapa que se puede encontrar en Munimadrid<\/a> (la p\u00e1gina del Ayuntamiento de Madrid). Tambi\u00e9n est\u00e1n modificadas para resaltar el terreno y nombrar las calles principales:<\/p>\n<p style=\"text-align: center;\"><a title=\"El charco de la rana (ubicaci\u00f3n) por elenac, en Flickr\" href=\"http:\/\/www.flickr.com\/photos\/elenac\/3371020052\/\"><img loading=\"lazy\" decoding=\"async\" class=\"aligncenter\" src=\"http:\/\/farm4.static.flickr.com\/3069\/3371020052_a32fa14a58.jpg\" alt=\"El charco de la rana (ubicaci\u00f3n)\" width=\"500\" height=\"355\" \/><\/a><\/p>\n<p style=\"text-align: center;\"><a title=\"El charco de la rana (ubicaci\u00f3n) por elenac, en Flickr\" href=\"http:\/\/www.flickr.com\/photos\/elenac\/3370196575\/\"><img loading=\"lazy\" decoding=\"async\" class=\"aligncenter\" src=\"http:\/\/farm4.static.flickr.com\/3554\/3370196575_1fff18271e.jpg\" alt=\"El charco de la rana (ubicaci\u00f3n)\" width=\"500\" height=\"354\" \/><\/a><\/p>\n<p>Ahora veremos el descampado en una ma\u00f1ana cualquiera. Al fondo se ve <a href=\"http:\/\/www.madripedia.es\/wiki\/Torres_Blancas\">Torres Blancas<\/a> (a la izquierda) y el hotel Puerta de Am\u00e9rica. Algo m\u00e1s cerca, se aprecia el muro de las instalaciones deportivas Santiago Ap\u00f3stol (controvertidas y privad\u00edsimas instalaciones del Opus Dei), que pertenece ya al otro lado de la avenida Camilo Jos\u00e9 Cela. Junto a esa pared de ladrillo estaba hace unos a\u00f1os el banco de madera conocido -al menos entre los vecinos guindalerienses de la calle B\u00e9jar- como El Mirador:<\/p>\n<p style=\"text-align: center;\"><a title=\"A la conquista del descampado por elenac, en Flickr\" href=\"http:\/\/www.flickr.com\/photos\/elenac\/3370815706\/\"><img loading=\"lazy\" decoding=\"async\" class=\"aligncenter\" src=\"http:\/\/farm4.static.flickr.com\/3563\/3370815706_7165164065.jpg\" alt=\"A la conquista del descampado\" width=\"500\" height=\"375\" \/><\/a><\/p>\n<p style=\"text-align: left;\">As\u00ed es el descampado una ma\u00f1ana cualquiera, cuando no es m\u00e1s que un lugar para el paseo de los perros y los ejercicios. Pero el lugar es como la peque\u00f1a aldea gala, resistente ante el acoso de la urbanizaci\u00f3n:<\/p>\n<p style=\"text-align: center;\"><img loading=\"lazy\" decoding=\"async\" src=\"http:\/\/farm4.static.flickr.com\/3586\/3369991763_45099fb195.jpg\" alt=\"A la conquista del descampado\" width=\"230\" height=\"172\" \/> <img loading=\"lazy\" decoding=\"async\" src=\"http:\/\/farm4.static.flickr.com\/3548\/3369971879_4c95e6781c.jpg\" alt=\"A la conquista del descampado\" width=\"230\" height=\"172\" \/><\/p>\n<p style=\"text-align: center;\"><img loading=\"lazy\" decoding=\"async\" src=\"http:\/\/farm4.static.flickr.com\/3631\/3370811868_804f0c3d2d.jpg\" alt=\"A la conquista del descampado\" width=\"150\" height=\"112\" \/> <img loading=\"lazy\" decoding=\"async\" src=\"http:\/\/farm4.static.flickr.com\/3597\/3370809722_d12213dae5.jpg\" alt=\"A la conquista del descampado\" width=\"150\" height=\"112\" \/> <img loading=\"lazy\" decoding=\"async\" src=\"http:\/\/farm4.static.flickr.com\/3457\/3370800056_4a457d1b1b.jpg\" alt=\"A la conquista del descampado\" width=\"150\" height=\"112\" \/><\/p>\n<p style=\"text-align: center;\"><img loading=\"lazy\" decoding=\"async\" src=\"http:\/\/farm4.static.flickr.com\/3581\/3370795442_d9cee2bbf9.jpg\" alt=\"A la conquista del descampado\" width=\"230\" height=\"172\" \/> <img loading=\"lazy\" decoding=\"async\" src=\"http:\/\/farm4.static.flickr.com\/3427\/3369941773_acf96f747d.jpg\" alt=\"El charco de la rana\" width=\"230\" height=\"172\" \/><\/p>\n<h3 style=\"text-align: center;\"><a href=\"http:\/\/www.flickr.com\/photos\/elenac\/sets\/72157616532310003\/\"><strong>Aqu\u00ed puedes ver un \u00e1lbum de fotos de Flickr con \u00e9stas fotos a mayor tama\u00f1o y otras m\u00e1s.<\/strong><\/a><\/h3>\n<p style=\"text-align: left;\">\n<p style=\"text-align: left;\">\n<p style=\"text-align: left;\"><span style=\"color: #808000;\"><strong>*********************************<br \/>\nNo pierdas este espacio de vista:<\/strong><\/span><\/p>\n<p style=\"text-align: left;\">Entra de vez en cuando en <a href=\"http:\/\/www.lacharcadelarana.org\">la p\u00e1gina de la Asociaci\u00f3n La Charca de la Rana<\/a> si quieres saber qu\u00e9 <a href=\"http:\/\/www.lacharcadelarana.org\/Actividades.htm\">actividades<\/a> van a organizar all\u00ed y <a href=\"mailto:lacharcadelarana@yahoo.es\">p\u00eddeles<\/a> que te a\u00f1adan a su lista de correo. <strong>El pr\u00f3ximo 20 de junio habr\u00e1 una sesi\u00f3n de cine al aire libre con pel\u00edculas sobre descampados. \u00bfSe te ocurre alguna?<\/strong><\/p>\n<p style=\"text-align: left;\">Gu\u00e1rdate <a href=\"http:\/\/11870.com\/pro\/la-charca-la-rana\">La charca de la rana en <strong>11870<\/strong><\/a>.<\/p>\n<p style=\"text-align: left;\">A\u00f1ade tus fotos al <a href=\"http:\/\/www.flickr.com\/groups\/1086305@N23\/\">grupo de <strong>Flickr La charca de la rana<\/strong><\/a>.<\/p>\n","protected":false},"excerpt":{"rendered":"<p>La charca de la rana, las monta\u00f1as o, sencillamente, el descampado, es un terreno sin urbanizar situado en el barrio de La Guindalera de Madrid, lindante con la reci\u00e9n construida Avenida Camilo Jos\u00e9 Cela y la calle Coraz\u00f3n de Mar\u00eda, muy cerca de la Avenida de Am\u00e9rica. Los vecinos de Prosperidad y La Guindalera se [&hellip;]<\/p>\n","protected":false},"author":1,"featured_media":0,"comment_status":"open","ping_status":"open","sticky":false,"template":"","format":"standard","meta":{"footnotes":""},"categories":[2],"tags":[],"class_list":["post-200690","post","type-post","status-publish","format-standard","hentry","category-twentytwentyfive"],"_links":{"self":[{"href":"https:\/\/www.elenacabrera.com\/weblog3\/wp-json\/wp\/v2\/posts\/200690","targetHints":{"allow":["GET"]}}],"collection":[{"href":"https:\/\/www.elenacabrera.com\/weblog3\/wp-json\/wp\/v2\/posts"}],"about":[{"href":"https:\/\/www.elenacabrera.com\/weblog3\/wp-json\/wp\/v2\/types\/post"}],"author":[{"embeddable":true,"href":"https:\/\/www.elenacabrera.com\/weblog3\/wp-json\/wp\/v2\/users\/1"}],"replies":[{"embeddable":true,"href":"https:\/\/www.elenacabrera.com\/weblog3\/wp-json\/wp\/v2\/comments?post=200690"}],"version-history":[{"count":1,"href":"https:\/\/www.elenacabrera.com\/weblog3\/wp-json\/wp\/v2\/posts\/200690\/revisions"}],"predecessor-version":[{"id":2002002685,"href":"https:\/\/www.elenacabrera.com\/weblog3\/wp-json\/wp\/v2\/posts\/200690\/revisions\/2002002685"}],"wp:attachment":[{"href":"https:\/\/www.elenacabrera.com\/weblog3\/wp-json\/wp\/v2\/media?parent=200690"}],"wp:term":[{"taxonomy":"category","embeddable":true,"href":"https:\/\/www.elenacabrera.com\/weblog3\/wp-json\/wp\/v2\/categories?post=200690"},{"taxonomy":"post_tag","embeddable":true,"href":"https:\/\/www.elenacabrera.com\/weblog3\/wp-json\/wp\/v2\/tags?post=200690"}],"curies":[{"name":"wp","href":"https:\/\/api.w.org\/{rel}","templated":true}]}}